{"id":166042,"date":"2025-10-09T21:46:15","date_gmt":"2025-10-09T21:46:15","guid":{"rendered":"https:\/\/www.europesays.com\/es\/166042\/"},"modified":"2025-10-09T21:46:15","modified_gmt":"2025-10-09T21:46:15","slug":"la-pelicula-a-la-que-ni-harrison-ford-le-tenia-fe","status":"publish","type":"post","link":"https:\/\/www.europesays.com\/es\/166042\/","title":{"rendered":"la pel\u00edcula a la que ni Harrison Ford le ten\u00eda fe"},"content":{"rendered":"<p class=\"mb-4 text-lg md:leading-8 break-words\">Junio de 1982. Ridley Scott acababa de dirigir Alien, uno de los mayores \u00e9xitos de ciencia ficci\u00f3n de la historia. Harrison Ford era la estrella m\u00e1s taquillera del momento tras Star Wars e Indiana Jones. El presupuesto alcanz\u00f3 los 30 millones de d\u00f3lares. Todo indicaba que Blade Runner ser\u00eda un \u00e9xito rotundo. Sin embargo, el 25 de junio la pel\u00edcula se estren\u00f3 y gan\u00f3 apenas seis millones de d\u00f3lares. <a data-i13n=\"cpos:1;pos:1\" href=\"https:\/\/www.lanacion.com.ar\/lifestyle\/blade-runner-40-anos-de-un-pelicula-maldita-que-los-criticos-masacraron-y-harrison-ford-odio-filmar-nid25062022\/\" rel=\"nofollow noopener\" target=\"_blank\" data-ylk=\"slk:Cinco semanas despu\u00e9s desapareci\u00f3 de las salas;cpos:1;pos:1;elm:context_link;itc:0;sec:content-canvas\" class=\"link \"><strong>Cinco semanas despu\u00e9s desapareci\u00f3 de las salas<\/strong><\/a><strong>. Los cr\u00edticos la destrozaron.<\/strong> Nadie imagin\u00f3 que cuatro d\u00e9cadas m\u00e1s tarde ser\u00eda considerada una de las obras maestras del cine.<\/p>\n<p><img alt=\"Harrison Ford interpret\u00f3 a un ex polic\u00eda especializado en cazar replicantes\" loading=\"lazy\" width=\"768\" height=\"553\" decoding=\"async\" data-nimg=\"1\" class=\"rounded-lg\" style=\"color:transparent\" src=\"https:\/\/www.europesays.com\/es\/wp-content\/uploads\/2025\/10\/78c86435a00aced7a2e4e6fd59a98190.jpeg\"\/><\/p>\n<p>Harrison Ford interpret\u00f3 a un ex polic\u00eda especializado en cazar replicantes &#8211; Cr\u00e9ditos: @Instagram Tiempo de cine<\/p>\n<p class=\"mb-4 text-lg md:leading-8 break-words\">La pel\u00edcula adapt\u00f3 la novela de Philip K. Dick -\u00bfSue\u00f1an los androides con ovejas el\u00e9ctricas?- y narr\u00f3 la historia de Rick Deckard, un expolic\u00eda especializado en cazar replicantes \u2014humanos artificiales creados para trabajos peligrosos\u2014 quien deb\u00eda rastrear a un grupo fugitivo en una dist\u00f3pica Los \u00c1ngeles de 2019 (a\u00f1o ya lejano para nosotros).<\/p>\n<p>Una producci\u00f3n problem\u00e1tica<\/p>\n<p class=\"mb-4 text-lg md:leading-8 break-words\">El rodaje de Blade Runner estuvo marcado por tensiones entre el director y los productores. Los ejecutivos del estudio se mostraron nerviosos ante una pel\u00edcula tan poco convencional. Temieron que el p\u00fablico no comprendiera la historia. Por eso, contra la voluntad de <strong>Ridley Scott <\/strong>y los creativos principales, impusieron una voz en off para Deckard, que <strong>Harrison Ford interpret\u00f3 de mala gana<\/strong>.<\/p>\n<p class=\"mb-4 text-lg md:leading-8 break-words\">La interferencia no termin\u00f3 ah\u00ed. <strong>Los productores tambi\u00e9n exigieron reconfigurar el final de la pel\u00edcula para permitir un escape feliz entre Deckard y Rachael, la replicante de la que se enamora.<\/strong> Era evidente que la producci\u00f3n se volvi\u00f3 preocupante para los hombres de negocios de Hollywood, que quisieron transformar la visi\u00f3n de Scott en algo m\u00e1s comercial y accesible.<\/p>\n<p class=\"mb-4 text-lg md:leading-8 break-words\">Todos los arreglos resultaron en vano. <strong>Blade Runner solo recuper\u00f3 17 millones durante su exhibici\u00f3n inicial. Para cualquier est\u00e1ndar de la industria, fue un fracaso absoluto.<\/strong><\/p>\n<p><img alt=\"El protagonista se enamora de Rachael, una replicante que no conoce su naturaleza\" loading=\"lazy\" width=\"768\" height=\"497\" decoding=\"async\" data-nimg=\"1\" class=\"rounded-lg\" style=\"color:transparent\" src=\"https:\/\/www.europesays.com\/es\/wp-content\/uploads\/2025\/10\/cf666f398688024d16b58cdc7b68ecfb.jpeg\"\/><\/p>\n<p>El protagonista se enamora de Rachael, una replicante que no conoce su naturaleza &#8211; Cr\u00e9ditos: @Instagram Tiempo de cine<\/p>\n<p>1982: una competencia feroz<\/p>\n<p class=\"mb-4 text-lg md:leading-8 break-words\">El contexto del estreno explic\u00f3 gran parte del desastre. <strong>Blade Runner<\/strong><strong> compiti\u00f3 en una temporada cinematogr\u00e1fica excepcional. <\/strong><strong>E.T. el Extraterrestre<\/strong><strong> de Steven Spielberg se hab\u00eda estrenado el 11 de junio y domin\u00f3 completamente la taquilla.<\/strong> La pel\u00edcula de Spielberg ofreci\u00f3 esperanza, emotividad y un mensaje optimista. Blade Runner, en cambio, propuso un futuro sombr\u00edo, lluvia perpetua, personajes moralmente ambiguos y una atm\u00f3sfera opresiva.<\/p>\n<p class=\"mb-4 text-lg md:leading-8 break-words\">Adem\u00e1s de E.T., esa temporada llegaron a los cines Star Trek II: La ira de Khan, Conan el B\u00e1rbaro, Poltergeist, Reto al destino y La Cosa. El a\u00f1o 1982 ofreci\u00f3 al p\u00fablico estadounidense una competencia feroz entre grandes producciones.<\/p>\n<p><img alt=\"La pel\u00edcula compiti\u00f3 en los cines con E.T., Poltergeist y Reto al destino, entre otras\" loading=\"lazy\" width=\"768\" height=\"510\" decoding=\"async\" data-nimg=\"1\" class=\"rounded-lg\" style=\"color:transparent\" src=\"https:\/\/www.europesays.com\/es\/wp-content\/uploads\/2025\/10\/9a5c6725d5bbd08249e11f44d5571903.jpeg\"\/><\/p>\n<p>La pel\u00edcula compiti\u00f3 en los cines con E.T., Poltergeist y Reto al destino, entre otras &#8211; Cr\u00e9ditos: @Instagram Tiempo de cine<\/p>\n<p class=\"mb-4 text-lg md:leading-8 break-words\">Existe la percepci\u00f3n com\u00fan de que Blade Runner no tuvo buen desempe\u00f1o en taquilla porque era una pel\u00edcula sombr\u00eda mientras la gente disfrut\u00f3 de la euforia emocional de E.T. Ese argumento puede tener algo de credibilidad, pero <strong>es probable que <\/strong><strong>Blade Runner<\/strong><strong> nunca hubiera sido aceptada ampliamente por el p\u00fablico general, incluso con el mejor calendario de estrenos posible. <\/strong>Es una pel\u00edcula melanc\u00f3lica y meditativa, algo que la mayor\u00eda de la audiencia casi nunca apoya. No es un filme con un h\u00e9roe adorable y ocurrente que salva al mundo. Es un examen oscuro y contemplativo de lo que significa ser humano, la comprensi\u00f3n de la muerte y la naturaleza destructiva de una sociedad gobernada por el capitalismo.<\/p>\n<p>El linchamiento cr\u00edtico<\/p>\n<p class=\"mb-4 text-lg md:leading-8 break-words\">Las rese\u00f1as fueron devastadoras. Pauline Kael, cr\u00edtica de The New Yorker, escribi\u00f3 cuatro p\u00e1ginas que, seg\u00fan Ridley Scott, \u201cdestruyeron\u201d la pel\u00edcula. Kael afirm\u00f3 que <strong>\u201c<\/strong><strong>Blade Runner<\/strong><strong> no tiene nada que ofrecer al p\u00fablico\u201d. \u201cNo ha sido pensada en t\u00e9rminos humanos. Si alguien aparece con una prueba para detectar humanoides, tal vez Ridley Scott y sus asociados deban esconderse\u201d<\/strong>, remat\u00f3. Scott mand\u00f3 enmarcar esas cuatro p\u00e1ginas y las colg\u00f3 en su oficina como recordatorio constante de no leer y creer en la prensa.<\/p>\n<p class=\"mb-4 text-lg md:leading-8 break-words\">Otros cr\u00edticos influyentes se sumaron al rechazo. <strong>Algunos elogiaron el dise\u00f1o de producci\u00f3n y la fotograf\u00eda, pero consideraron que la pel\u00edcula ten\u00eda ritmo lento, personajes poco desarrollados y una historia que en superficie no resultaba interesante.<\/strong> Muchos aseguraron que Scott hab\u00eda privilegiado la forma sobre el contenido.<\/p>\n<p>La resurrecci\u00f3n&#8230; o el VHS<\/p>\n<p class=\"mb-4 text-lg md:leading-8 break-words\">A pesar del fracaso comercial y las cr\u00edticas negativas, algo notable comenz\u00f3 a ocurrir. Incluso durante su estreno, muchos espectadores se enamoraron de la adaptaci\u00f3n de Scott, con la voz en off y todo. <strong>Los aficionados a la ciencia ficci\u00f3n apreciaron lo extraordinario e innovador del trabajo de efectos especiales.<\/strong> El dise\u00f1o de producci\u00f3n que imagin\u00f3 un Los \u00c1ngeles envuelto en lluvia perpetua, neblina de ne\u00f3n y decadencia urbana comenz\u00f3 a conquistar admiradores.<\/p>\n<p class=\"mb-4 text-lg md:leading-8 break-words\"><strong>En 1983, Warner Bros. lanz\u00f3 <\/strong><strong>Blade Runner<\/strong><strong> en VHS y Laserdisc. Esta decisi\u00f3n marc\u00f3 el punto de inflexi\u00f3n. <\/strong>Lejos de las presiones de la taquilla, en la privacidad de sus hogares, miles de personas descubrieron y redescubrieron la pel\u00edcula. <strong>Para 1989, <\/strong><strong>Blade Runner<\/strong><strong> se convirti\u00f3 en el <\/strong><strong>Laserdisc de Criterion Collection<\/strong><strong> m\u00e1s vendido.<\/strong><\/p>\n<p><img alt=\"A pesar de que fue demolida por la cr\u00edtica, algunos especialistas reconocieron el trabajo de efectos especiales\" loading=\"lazy\" width=\"768\" height=\"570\" decoding=\"async\" data-nimg=\"1\" class=\"rounded-lg\" style=\"color:transparent\" src=\"https:\/\/www.europesays.com\/es\/wp-content\/uploads\/2025\/10\/02a76872e4a969d10dbdae8526cf2340.jpeg\"\/><\/p>\n<p>A pesar de que fue demolida por la cr\u00edtica, algunos especialistas reconocieron el trabajo de efectos especiales &#8211; Cr\u00e9ditos: @Instagram Tiempo de cine<\/p>\n<p class=\"mb-4 text-lg md:leading-8 break-words\">Revistas prestigiosas como American Film y Film Comment comenzaron a publicar cr\u00edticas cada vez m\u00e1s euf\u00f3ricas, lo que atrajo a una nueva oleada de espectadores. A medida que m\u00e1s informaci\u00f3n sobre la producci\u00f3n lleg\u00f3 al p\u00fablico, m\u00e1s fan\u00e1ticos del cine comenzaron a valorar la pel\u00edcula. <strong>Blade Runner<\/strong><strong> fue adoptada como una cinta de culto.<\/strong><\/p>\n<p>Las nuevas versiones<\/p>\n<p class=\"mb-4 text-lg md:leading-8 break-words\">En 1990, ocurri\u00f3 un evento crucial. Para una proyecci\u00f3n en el Festival de Cine de Santa M\u00f3nica, <strong>Warner Bros. envi\u00f3 accidentalmente una versi\u00f3n alternativa de la pel\u00edcula: una copia de trabajo que nunca debi\u00f3 salir de los archivos del estudio. Esta versi\u00f3n carec\u00eda de la voz en <\/strong><strong>off <\/strong><strong>original y del final feliz. El p\u00fablico qued\u00f3 cautivado.<\/strong><\/p>\n<p class=\"mb-4 text-lg md:leading-8 break-words\">El redescubrimiento de la pel\u00edcula fue, seg\u00fan Ridley Scott, un testimonio de \u201cla locura de Hollywood\u201d. <strong>El entusiasmo generado impuls\u00f3 a Warner Bros. a lanzar oficialmente el <\/strong><strong>Director\u2019s Cut<\/strong><strong> en 1992, a\u00f1o que coincid\u00eda con el d\u00e9cimo aniversario del estreno. Scott elimin\u00f3 completamente la voz en <\/strong><strong>off<\/strong><strong>, introdujo la enigm\u00e1tica secuencia del sue\u00f1o del unicornio y evit\u00f3 el final feliz de la versi\u00f3n original.<\/strong><\/p>\n<p class=\"mb-4 text-lg md:leading-8 break-words\">Estos cambios intensificaron el tono ambiguo y dist\u00f3pico de la pel\u00edcula. La pregunta impl\u00edcita sobre si el propio Deckard era un replicante se volvi\u00f3 central. Los temas de identidad, memoria y humanidad surgieron con mayor claridad. Esta versi\u00f3n fue fundamental para replantear Blade Runner como una exploraci\u00f3n matizada de la fragilidad humana en un mundo dist\u00f3pico.<\/p>\n<p class=\"mb-4 text-lg md:leading-8 break-words\"><strong>En 2007, Scott obtuvo otra oportunidad de reeditar la pel\u00edcula con el <\/strong><strong>Final Cut<\/strong><strong>, la \u00fanica versi\u00f3n donde ejerci\u00f3 control art\u00edstico completo.<\/strong> Incorpor\u00f3 escenas de efectos reci\u00e9n filmadas y cambios digitales. Esta edici\u00f3n consolid\u00f3 definitivamente el estatus de Blade Runner como obra maestra.<\/p>\n<p>Del olvido a la inmortalidad<\/p>\n<p class=\"mb-4 text-lg md:leading-8 break-words\">En 1993, apenas 11 a\u00f1os despu\u00e9s de su fracaso inicial, <strong>la Biblioteca del Congreso de Estados Unidos seleccion\u00f3 <\/strong><strong>Blade Runner<\/strong><strong> para su preservaci\u00f3n en el Registro Nacional de Cine por ser \u201ccultural, hist\u00f3rica y est\u00e9ticamente significativa\u201d<\/strong>. El reconocimiento institucional valid\u00f3 lo que los fan\u00e1ticos supieron durante a\u00f1os.<\/p>\n<p class=\"mb-4 text-lg md:leading-8 break-words\">La pel\u00edcula marc\u00f3 la introducci\u00f3n del g\u00e9nero ciberpunk en la cultura popular. Su innovador dise\u00f1o de producci\u00f3n y su atm\u00f3sfera visual influyeron en obras posteriores como Matrix. La banda sonora de Vangelis, aunque inicialmente criticada, se volvi\u00f3 inseparable de la identidad de Blade Runner. El mon\u00f3logo final de Roy Batty (Rutger Hauer) sobre \u201cl\u00e1grimas en la lluvia\u201d se convirti\u00f3 en uno de los momentos m\u00e1s memorables del cine.<\/p>\n<p><img alt=\"Blade Runner se situ\u00f3 en un Los \u00c1ngeles dist\u00f3pico de 2019 dominado por la niebla y la lluvia\" loading=\"lazy\" width=\"768\" height=\"614\" decoding=\"async\" data-nimg=\"1\" class=\"rounded-lg\" style=\"color:transparent\" src=\"https:\/\/www.europesays.com\/es\/wp-content\/uploads\/2025\/10\/38e8d9fef5fff87c2c5a07cca2e62775.jpeg\"\/><\/p>\n<p>Blade Runner se situ\u00f3 en un Los \u00c1ngeles dist\u00f3pico de 2019 dominado por la niebla y la lluvia &#8211; Cr\u00e9ditos: @Instagram Retro SCIFI Art<\/p>\n<p class=\"mb-4 text-lg md:leading-8 break-words\">Gracias al \u00e9xito rotundo en VHS, los fan\u00e1ticos tuvieron m\u00faltiples versiones de Blade Runner para analizar y opinar a lo largo de los a\u00f1os. <strong>La pel\u00edcula se transform\u00f3 en algo m\u00e1s que un cl\u00e1sico de culto. En 2017 lleg\u00f3 <\/strong><strong>Blade Runner <\/strong><strong>2049<\/strong>, una secuela directa dirigida por Denis Villeneuve. Esta continuaci\u00f3n tambi\u00e9n fracas\u00f3 en taquilla con p\u00e9rdidas estimadas en 80 millones de d\u00f3lares.<\/p>\n<p><a data-ylk=\"ct:story;elm:img;itc:0;\" class=\"stretched-box\" href=\"https:\/\/trib.al\/yG4LVEm\" rel=\"noopener noreferrer nofollow\" target=\"_blank\"><img alt=\"S\u00edguenos en nuestro canal de WhatsApp\" loading=\"lazy\" width=\"728\" height=\"90\" decoding=\"async\" data-nimg=\"1\" class=\"rounded-lg\" style=\"color:transparent\" src=\"https:\/\/www.europesays.com\/es\/wp-content\/uploads\/2025\/08\/1756428142_323_3d6447f0-3275-11f0-8ffa-1f5d930b0349.jpeg\"\/><\/a><\/p>\n<p>S\u00edguenos en nuestro canal de WhatsApp<\/p>\n","protected":false},"excerpt":{"rendered":"Junio de 1982. Ridley Scott acababa de dirigir Alien, uno de los mayores \u00e9xitos de ciencia ficci\u00f3n de&hellip;\n","protected":false},"author":2,"featured_media":166043,"comment_status":"","ping_status":"","sticky":false,"template":"","format":"standard","meta":{"footnotes":""},"categories":[169],"tags":[27501,177,146,147,25,24,176,3183,23538,175,48822,21470,23],"class_list":{"0":"post-166042","1":"post","2":"type-post","3":"status-publish","4":"format-standard","5":"has-post-thumbnail","7":"category-cine","8":"tag-blade-runner","9":"tag-cine","10":"tag-entertainment","11":"tag-entretenimiento","12":"tag-es","13":"tag-espana","14":"tag-film","15":"tag-harrison-ford","16":"tag-la-pelicula","17":"tag-movies","18":"tag-rick-deckard","19":"tag-ridley-scott","20":"tag-spain"},"share_on_mastodon":{"url":"","error":""},"_links":{"self":[{"href":"https:\/\/www.europesays.com\/es\/wp-json\/wp\/v2\/posts\/166042","targetHints":{"allow":["GET"]}}],"collection":[{"href":"https:\/\/www.europesays.com\/es\/wp-json\/wp\/v2\/posts"}],"about":[{"href":"https:\/\/www.europesays.com\/es\/wp-json\/wp\/v2\/types\/post"}],"author":[{"embeddable":true,"href":"https:\/\/www.europesays.com\/es\/wp-json\/wp\/v2\/users\/2"}],"replies":[{"embeddable":true,"href":"https:\/\/www.europesays.com\/es\/wp-json\/wp\/v2\/comments?post=166042"}],"version-history":[{"count":0,"href":"https:\/\/www.europesays.com\/es\/wp-json\/wp\/v2\/posts\/166042\/revisions"}],"wp:featuredmedia":[{"embeddable":true,"href":"https:\/\/www.europesays.com\/es\/wp-json\/wp\/v2\/media\/166043"}],"wp:attachment":[{"href":"https:\/\/www.europesays.com\/es\/wp-json\/wp\/v2\/media?parent=166042"}],"wp:term":[{"taxonomy":"category","embeddable":true,"href":"https:\/\/www.europesays.com\/es\/wp-json\/wp\/v2\/categories?post=166042"},{"taxonomy":"post_tag","embeddable":true,"href":"https:\/\/www.europesays.com\/es\/wp-json\/wp\/v2\/tags?post=166042"}],"curies":[{"name":"wp","href":"https:\/\/api.w.org\/{rel}","templated":true}]}}