{"id":166044,"date":"2025-10-09T21:47:10","date_gmt":"2025-10-09T21:47:10","guid":{"rendered":"https:\/\/www.europesays.com\/es\/166044\/"},"modified":"2025-10-09T21:47:10","modified_gmt":"2025-10-09T21:47:10","slug":"resumen-goles-resultado-paises-bajos-golea-a-malta-y-se-acerca-al-mundial-2026-tudn-copa-mundial-de-futbol-2026","status":"publish","type":"post","link":"https:\/\/www.europesays.com\/es\/166044\/","title":{"rendered":"Resumen, goles, resultado: Pa\u00edses Bajos golea a Malta y se acerca al Mundial 2026 | TUDN Copa Mundial de Futbol 2026."},"content":{"rendered":"<p>El conjunto dirigido por <b>Ronald Koeman<\/b> fue muy superior al de <b>Emilio de Leo<\/b>, pr\u00e1cticamente los 90 minutos del partido.<\/p>\n<p>Los goles fueron obra de <a href=\"https:\/\/www.tudn.com\/futbol\/uefa-mundial-eliminatorias\/paises-bajos-inicia-con-victoria-ante-finlandia-su-camino-al-mundial-2026\" rel=\"nofollow noopener\" target=\"_blank\">Cody Gakpo<\/a>, con dos penales a los 12 y a los 49 minutos, de <b>Reijnders<\/b>, a los 57, y finalmente de Depay, a los 90+3.<\/p>\n<p>El tanto que abri\u00f3 todo cay\u00f3 luego de que <b>Shaw <\/b>derrib\u00f3 a Gravenberch y el delantero del <b>Liverpool<\/b> cobr\u00f3 la pena m\u00e1xima.<\/p>\n<p>En la primera mitad, el marcador se antoj\u00f3 corto debido al dominio de los holandeses y pudo ser m\u00e1s ampl\u00edo, pero el VAR no valid\u00f3 una <b>mano de Shaw <\/b>en su \u00e1rea y, por lo tanto, una segunda pena m\u00e1xima para el visitante.<\/p>\n<p>Pero en la segunda parte, muy pronto <b>Pepe se le colg\u00f3 a Weghorst<\/b> y Holanda, ahora s\u00ed, tuvo un segundo tiro desde los once pasos. <b>Gakpo<\/b>, lo subi\u00f3 al marcador.<\/p>\n<p>Unos minutos m\u00e1s tarde, <b>Reijnders<\/b> firm\u00f3 la goleada. Malta err\u00f3 en una salida y Gakpo rob\u00f3, y asisti\u00f3 al futbolista del Manchester City. Ya sobre el tiempo, Depay conect\u00f3 de cabeza un servicio de <b>Dumfries <\/b>y cerr\u00f3 la goleada.<\/p>\n<p>Con este resultado, <b>Pais\u00e9s Bajos<\/b> se acerca a la clasificaci\u00f3n para el Mundial 2026. Lleg\u00f3 a 13 puntos y se coloc\u00f3 como l\u00edder del <b>Grupo G<\/b>, le siguen <b>Polonia<\/b> con 10, los mismos que <b>Finlandia<\/b>, <b>Lituania<\/b> tiene tres y <b>Malta<\/b> est\u00e1 en el fondo con dos.<\/p>\n","protected":false},"excerpt":{"rendered":"El conjunto dirigido por Ronald Koeman fue muy superior al de Emilio de Leo, pr\u00e1cticamente los 90 minutos&hellip;\n","protected":false},"author":2,"featured_media":166045,"comment_status":"","ping_status":"","sticky":false,"template":"","format":"standard","meta":{"footnotes":""},"categories":[93],"tags":[168,36319,25,24,48823,26681,10812,9542,23,167],"class_list":{"0":"post-166044","1":"post","2":"type-post","3":"status-publish","4":"format-standard","5":"has-post-thumbnail","7":"category-deportes","8":"tag-deportes","9":"tag-eliminatorias-uefa","10":"tag-es","11":"tag-espana","12":"tag-gakpo","13":"tag-holanda","14":"tag-malta","15":"tag-paises-bajos","16":"tag-spain","17":"tag-sports"},"share_on_mastodon":{"url":"","error":""},"_links":{"self":[{"href":"https:\/\/www.europesays.com\/es\/wp-json\/wp\/v2\/posts\/166044","targetHints":{"allow":["GET"]}}],"collection":[{"href":"https:\/\/www.europesays.com\/es\/wp-json\/wp\/v2\/posts"}],"about":[{"href":"https:\/\/www.europesays.com\/es\/wp-json\/wp\/v2\/types\/post"}],"author":[{"embeddable":true,"href":"https:\/\/www.europesays.com\/es\/wp-json\/wp\/v2\/users\/2"}],"replies":[{"embeddable":true,"href":"https:\/\/www.europesays.com\/es\/wp-json\/wp\/v2\/comments?post=166044"}],"version-history":[{"count":0,"href":"https:\/\/www.europesays.com\/es\/wp-json\/wp\/v2\/posts\/166044\/revisions"}],"wp:featuredmedia":[{"embeddable":true,"href":"https:\/\/www.europesays.com\/es\/wp-json\/wp\/v2\/media\/166045"}],"wp:attachment":[{"href":"https:\/\/www.europesays.com\/es\/wp-json\/wp\/v2\/media?parent=166044"}],"wp:term":[{"taxonomy":"category","embeddable":true,"href":"https:\/\/www.europesays.com\/es\/wp-json\/wp\/v2\/categories?post=166044"},{"taxonomy":"post_tag","embeddable":true,"href":"https:\/\/www.europesays.com\/es\/wp-json\/wp\/v2\/tags?post=166044"}],"curies":[{"name":"wp","href":"https:\/\/api.w.org\/{rel}","templated":true}]}}