{"id":166070,"date":"2025-10-09T22:03:08","date_gmt":"2025-10-09T22:03:08","guid":{"rendered":"https:\/\/www.europesays.com\/es\/166070\/"},"modified":"2025-10-09T22:03:08","modified_gmt":"2025-10-09T22:03:08","slug":"manu-fajardo-desvela-el-momento-en-el-que-tuvo-claro-el-fichaje-de-antony","status":"publish","type":"post","link":"https:\/\/www.europesays.com\/es\/166070\/","title":{"rendered":"Manu Fajardo desvela el momento en el que tuvo claro el fichaje de Antony"},"content":{"rendered":"<p>09\/10\/2025<br \/>\n<br \/><strong><br \/>\nActualizado a las 21:23h.<br \/>\n<\/strong><\/p>\n<p class=\"voc-p\" style=\"\">Buena parte del \u00e9xito deportivo del <strong>Real Betis<\/strong> en estos \u00faltimos meses puede atribuirse a los mercados de fichajes que ha realizado el conjunto verdiblanco. Han llegado incorporaciones en todas las l\u00edneas del campo, desde <strong>Pau L\u00f3pez o \u00c1lvaro Valles<\/strong> en porter\u00eda hasta  &#8230; <strong>Antony<\/strong> en la delantera. <a href=\"https:\/\/www.abc.es\/deportes\/alfinaldelapalmera\/noticias-betis\/fajardo-futuro-pellegrini-finalizaciones-contrato-tomarlas-naturalidad-20251009175256-nts.html\" target=\"_self\" data-voc-vtm-id=\"in-text-traffic\" title=\"Manu Fajardo\" data-mrf-link=\"www.abc.es\" rel=\"nofollow noopener\">Manu Fajardo<\/a>, como director deportivo del club, tiene buena parte de culpa de que esas operaciones hayan llegado a buen puerto.<\/p>\n<p class=\"voc-p\" style=\"\">En una entrevista concedida a Ismael Medina y a Antonio Caama\u00f1o para el podcast &#8216;Informe Morrocotudo&#8217;, <strong>Fajardo<\/strong> ha detallado algunos de los entresijos que hubo tras fichajes de jugadores que est\u00e1n siendo importantes en los planes de <strong>Pellegrini<\/strong>, como <strong>Antony<\/strong> o el <strong>Cucho Hern\u00e1ndez<\/strong>.<\/p>\n<p class=\"voc-p\" style=\"\">En referencia al extremo brasile\u00f1o, el director deportivo heliopolitano se\u00f1al\u00f3 el inter\u00e9s del jugador por venir al <strong>Betis<\/strong> como el punto principal de la operaci\u00f3n y define que la llamada clave se produjo tras la derrota contra el Athletic Club en la tercera jornada de LaLiga. \u00abCuando <strong>Antony<\/strong> me llama y me dice <strong>&#8216;ya puede entrar el Bayern de M\u00fanich o cualquier club del mundo, que yo solo quiero jugar en el Betis<\/strong>&#8216;, tengo claro que viene\u00bb, expres\u00f3. <\/p>\n<p class=\"voc-p\" style=\"\">Hablando sobre la responsabilidad que ejerce como director deportivo en operaciones tan costosas desde el apartado econ\u00f3mico, pone como referencia el caso del <strong>Cucho Hern\u00e1ndez<\/strong>: \u00abCuando tienes conocimiento del jugador y cuando est\u00e1s tan convencido de ello, creo que las personas que estamos en la toma de decisiones tenemos que <strong>tener la personalidad suficiente y ser valientes<\/strong>. No nos tenemos que dejar llevar\u00bb, manifest\u00f3.<\/p>\n<p>\nArt\u00edculo solo para suscriptores\n<\/p>\n<p>Reportar un error<\/p>\n","protected":false},"excerpt":{"rendered":"09\/10\/2025 Actualizado a las 21:23h. Buena parte del \u00e9xito deportivo del Real Betis en estos \u00faltimos meses puede&hellip;\n","protected":false},"author":2,"featured_media":166071,"comment_status":"","ping_status":"","sticky":false,"template":"","format":"standard","meta":{"footnotes":""},"categories":[268],"tags":[23655,7807,168,4083,25,24,19463,557,280,282,7565,2812,281,23,167],"class_list":{"0":"post-166070","1":"post","2":"type-post","3":"status-publish","4":"format-standard","5":"has-post-thumbnail","7":"category-futbol","8":"tag-antony","9":"tag-claro","10":"tag-deportes","11":"tag-desvela","12":"tag-es","13":"tag-espana","14":"tag-fajardo","15":"tag-fichaje","16":"tag-football","17":"tag-futbol","18":"tag-manu","19":"tag-momento","20":"tag-soccer","21":"tag-spain","22":"tag-sports"},"share_on_mastodon":{"url":"","error":""},"_links":{"self":[{"href":"https:\/\/www.europesays.com\/es\/wp-json\/wp\/v2\/posts\/166070","targetHints":{"allow":["GET"]}}],"collection":[{"href":"https:\/\/www.europesays.com\/es\/wp-json\/wp\/v2\/posts"}],"about":[{"href":"https:\/\/www.europesays.com\/es\/wp-json\/wp\/v2\/types\/post"}],"author":[{"embeddable":true,"href":"https:\/\/www.europesays.com\/es\/wp-json\/wp\/v2\/users\/2"}],"replies":[{"embeddable":true,"href":"https:\/\/www.europesays.com\/es\/wp-json\/wp\/v2\/comments?post=166070"}],"version-history":[{"count":0,"href":"https:\/\/www.europesays.com\/es\/wp-json\/wp\/v2\/posts\/166070\/revisions"}],"wp:featuredmedia":[{"embeddable":true,"href":"https:\/\/www.europesays.com\/es\/wp-json\/wp\/v2\/media\/166071"}],"wp:attachment":[{"href":"https:\/\/www.europesays.com\/es\/wp-json\/wp\/v2\/media?parent=166070"}],"wp:term":[{"taxonomy":"category","embeddable":true,"href":"https:\/\/www.europesays.com\/es\/wp-json\/wp\/v2\/categories?post=166070"},{"taxonomy":"post_tag","embeddable":true,"href":"https:\/\/www.europesays.com\/es\/wp-json\/wp\/v2\/tags?post=166070"}],"curies":[{"name":"wp","href":"https:\/\/api.w.org\/{rel}","templated":true}]}}