{"id":166076,"date":"2025-10-09T22:07:57","date_gmt":"2025-10-09T22:07:57","guid":{"rendered":"https:\/\/www.europesays.com\/es\/166076\/"},"modified":"2025-10-09T22:07:57","modified_gmt":"2025-10-09T22:07:57","slug":"el-libro-de-gavin-bonnar-expareja-de-telma-ortiz-retirado-del-mercado","status":"publish","type":"post","link":"https:\/\/www.europesays.com\/es\/166076\/","title":{"rendered":"El libro de Gavin Bonnar, expareja de Telma Ortiz, retirado del mercado"},"content":{"rendered":"<p class=\"c-paragraph\">La sucesi\u00f3n de eventos en los \u00faltimos meses ha sido clara: se publica el libro, se divorcian, se retira el libro. Las razones y todo lo que ha ocurrido por detr\u00e1s, aunque <a href=\"https:\/\/www.20minutos.es\/tags\/personas\/telma-ortiz.html\" title=\"Telma Ortiz\" rel=\"nofollow noopener\" target=\"_blank\">Telma Ortiz<\/a> prefiriese la discreci\u00f3n, es lo que ha ido saliendo a la luz poco a poco. Y, sin embargo, el resultado es el mismo: la hermana mediana de la <a href=\"https:\/\/www.20minutos.es\/tags\/personas\/letizia.html\" title=\"Letizia\" rel=\"nofollow noopener\" target=\"_blank\">reina Letizia<\/a> <b>ha dejado atr\u00e1s su etapa con el abogado irland\u00e9s Robert Gavin Bonnar <\/b>y \u00e9l puede presumir, si acaso, de tener un libro retirado del mercado pero, eso s\u00ed, con su contrato con la editorial Agoeiro rescindido.<\/p>\n<p class=\"c-paragraph\">Comencemos por el principio, por el mes de junio de 2024, cuando <b>Bonnar, que conoci\u00f3 a Telma esquiando en Andorra en 2018 y con quien tuvo una hija, Erin, que ahora tiene 4 a\u00f1os<\/b>\u00a0\u2014naci\u00f3 en agosto de 2021\u2014, presenta en Madrid su nueva novela, El cuarto poder. La trama, aunque trata sobre un hombre al borde de la bancarrota por las deudas contra\u00eddas por su padre que tiene que llegar a un acuerdo con la entidad, est\u00e1 salpicada de multitud de escenas de acci\u00f3n y de erotismo.<\/p>\n<p class=\"c-paragraph\"><a href=\"https:\/\/www.20minutos.es\/noticia\/5436592\/0\/cunado-reina-letizia-robert-gavin-presenta-su-novela-madrid-presencia-su-mujer-telma-ortiz\/\" title=\"https:\/\/www.20minutos.es\/noticia\/5436592\/0\/cunado-reina-letizia-robert-gavin-presenta-su-novela-madrid-presencia-su-mujer-telma-ortiz\/\" rel=\"nofollow noopener\" target=\"_blank\">\u00abTrauma y sexo est\u00e1n muy vinculados.<\/a> El sexo es lo que mueve el mundo. Por eso estamos todos aqu\u00ed, y necesitamos mucho m\u00e1s si queremos revertir la crisis demogr\u00e1fica que padecemos en Europa y en China\u00bb,\u00a0llega a decir en el acto el escritor de Belfast, en el que tambi\u00e9n da su opini\u00f3n sobre geopol\u00edtica internacional de actualidad en aquel momento, dado que fue <b>la rama de derecho en la que se especializ\u00f3.<\/b><\/p>\n<p class=\"c-paragraph\">Saltamos a septiembre de este mismo 2025, cuando <a href=\"https:\/\/www.20minutos.es\/gente\/telma-ortiz-hermana-reina-letizia-se-separa-abogado-escritor-gavin-bonnar_6372771_0.html\" title=\"Telma Ortiz, hermana de la reina Letizia, se separa del abogado y escritor Gavin Bonnar\" rel=\"nofollow noopener\" target=\"_blank\">sale a la luz que la pareja se separa<\/a> (nunca se supo si estaban casados legalmente) despu\u00e9s de seis a\u00f1os y medio juntos. Se van conociendo los detalles por el c\u00edrculo de Telma Ortiz principalmente, descubri\u00e9ndose que <b>el detonante de la ruptura fue la publicaci\u00f3n del libro.<\/b> Es m\u00e1s, el cambio de domicilio \u2014ella, en Alcobendas, en Madrid; \u00e9l, en una residencia cercana\u2014 deja entrever una crisis mayor, agravada por discusiones peri\u00f3dicas que no hacen sino menoscabar la confianza y el d\u00eda a d\u00eda entre ellos.<\/p>\n<p class=\"c-paragraph\">Seg\u00fan las fuentes cercanas, <b>\u00abel drama familiar ha sido m\u00e1s profundo de lo que ha trascendido\u00bb, <\/b><a href=\"https:\/\/www.20minutos.es\/gente\/nuevos-detalles-separacion-telma-ortiz-hermana-reina-letizia-gavin-bonnar-fue-punto-no-retorno_6372939_0.html\" title=\"Nuevos detalles de la separaci\u00f3n de Telma Ortiz, hermana de la reina Letizia, y Gavin Bonnar: &quot;Fue el punto de no retorno&quot;\" rel=\"nofollow noopener\" target=\"_blank\">con detalles \u00edntimos y escabrosos que les han separado<\/a> hasta el punto de no ser en absoluto una ruptura amigable. Y es que tambi\u00e9n ha intervenido que <b>fueron padres a una edad avanzada \u2014a los 47 a\u00f1os ella y Gavin con 55\u2014 <\/b>y que ambos aportaban a la relaci\u00f3n a sus hijos con anteriores parejas: Telma a Amanda, su primog\u00e9nita, fruto de su matrimonio con el abogado toledano\u00a0Enrique Mart\u00edn Llop, y \u00e9l a sus dos hijos con Sharon Corr, violinista del grupo The Corrs, quien adem\u00e1s jam\u00e1s habr\u00eda aceptado su relaci\u00f3n y no habr\u00eda ayudado con la pensi\u00f3n de su exmarido.<\/p>\n<p class=\"c-paragraph\">La situaci\u00f3n se habr\u00eda agravado de tal manera que, a principios de este mismo octubre, se daba a conocer que\u00a0<a href=\"https:\/\/www.20minutos.es\/television\/telma-ortiz-podria-estar-proceso-desahucio-segun-lecturas-no-pagan-desde-hace-medio-ano_6509177_0.html\" title=\"Telma Ortiz podr\u00eda estar en proceso de desahucio, seg\u00fan &#039;Lecturas&#039;: &quot;No pagan desde hace medio a\u00f1o&quot;\" rel=\"nofollow noopener\" target=\"_blank\">la hermana de la reina estar\u00eda al borde del desahucio<\/a> despu\u00e9s de haber dejado de pagar el alquiler de la vivienda que compart\u00eda con el letrado. Y, sin embargo, no es lo \u00faltimo que este mes ha sacado a la luz, sino que, como ha dado a conocer Vanitatis, y se lo ha confirmado la propia editorial Agoeiro,<b>\u00a0El cuarto poder\u00a0ha sido retirado del mercado.<\/b><\/p>\n<p class=\"c-paragraph\">El propio editor,\u00a0Jorge Alonso, quien es un \u00edntimo amigo de Jes\u00fas Ortiz, padre de Telma y Do\u00f1a Letizia, ha refrendado la noticia de la retirada a pesar de su reticencia a hablar con los medios. \u00c9l ha preferido no hacer comentarios sobre su relaci\u00f3n con Gavin Bonnar ni las razones detr\u00e1s de su decisi\u00f3n, pero <b>el c\u00edrculo \u00edntimo de Telma s\u00ed ponen el acento en el af\u00e1n de protagonismo del abogado irland\u00e9s<\/b>, a\u00f1adiendo que el libro apenas se vend\u00eda, si bien el autor repet\u00eda que la novela acabar\u00eda siendo un best seller\u00a0que le llevar\u00eda al estrellato literario.\u00a0<\/p>\n<p class=\"c-paragraph\">Asimismo, se\u00f1ala el medio, sus fuentes puntualizan que tanto la publicaci\u00f3n en primer lugar como la posterior retirada del libro \u2014la cual se produjo hace unos meses, despu\u00e9s de que la editorial supiese la separaci\u00f3n de Telma y Gavin\u2014 se han debido a la amistad de Alonso con Jes\u00fas Ortiz, quien ahora<b> no quiere saber nada de Bonnar, al que adem\u00e1s ha rescindido su contrato.<\/b><\/p>\n<p class=\"c-paragraph\">De hecho, tal es la relaci\u00f3n que une a Alonso con Ortiz que el editor ha escrito un recetario y el padre de la reina Letizia se lo ha prologado. No es descabellado pensar, por tanto, que, mirando por su hija, <b>Ortiz le haya pedido el favor a Jorge Alonso, <\/b>que no se ha negado, teniendo en cuenta que los n\u00fameros que manejaban con El cuarto poder\u00a0no hna cumplido las expectativas.<\/p>\n<p class=\"c-paragraph\">A pesar de sus posibles problemas econ\u00f3micos, seg\u00fan han informado al citado portal fuentes cercanas a Telma Ortiz, la cu\u00f1ada de <a href=\"https:\/\/www.20minutos.es\/tags\/temas\/felipe-vi.html\" title=\"Felipe VI\" rel=\"nofollow noopener\" target=\"_blank\">Felipe VI<\/a> est\u00e1 en un momento realmente bueno de su vida habiendo dejado atr\u00e1s al abogado irland\u00e9s. <b>\u00abHac\u00eda tiempo que no ve\u00edamos a Telma tan contenta. Est\u00e1 alegre, sonriente y, sobre todo, en paz consigo misma\u00bb,<\/b> han declarado, am\u00e9n de que est\u00e1 centrada en sus dos hijas y en su trabajo, pues adem\u00e1s de su puesto en\u00a0CEAPI, ha asumido la responsabilidad de asesora s\u00e9nior en la Gerencia de Movilizaci\u00f3n de Recursos y Alianzas Globales de CAF, el Banco de Desarrollo de Am\u00e9rica Latina y el Caribe, apuntan desde el medio.<\/p>\n","protected":false},"excerpt":{"rendered":"La sucesi\u00f3n de eventos en los \u00faltimos meses ha sido clara: se publica el libro, se divorcian, se&hellip;\n","protected":false},"author":2,"featured_media":166077,"comment_status":"","ping_status":"","sticky":false,"template":"","format":"standard","meta":{"footnotes":""},"categories":[172],"tags":[43944,224,146,147,25,24,31654,43943,1496,225,23,43941],"class_list":{"0":"post-166076","1":"post","2":"type-post","3":"status-publish","4":"format-standard","5":"has-post-thumbnail","7":"category-libros","8":"tag-bonnar","9":"tag-books","10":"tag-entertainment","11":"tag-entretenimiento","12":"tag-es","13":"tag-espana","14":"tag-expareja","15":"tag-gavin","16":"tag-libro","17":"tag-libros","18":"tag-spain","19":"tag-telma"},"share_on_mastodon":{"url":"","error":""},"_links":{"self":[{"href":"https:\/\/www.europesays.com\/es\/wp-json\/wp\/v2\/posts\/166076","targetHints":{"allow":["GET"]}}],"collection":[{"href":"https:\/\/www.europesays.com\/es\/wp-json\/wp\/v2\/posts"}],"about":[{"href":"https:\/\/www.europesays.com\/es\/wp-json\/wp\/v2\/types\/post"}],"author":[{"embeddable":true,"href":"https:\/\/www.europesays.com\/es\/wp-json\/wp\/v2\/users\/2"}],"replies":[{"embeddable":true,"href":"https:\/\/www.europesays.com\/es\/wp-json\/wp\/v2\/comments?post=166076"}],"version-history":[{"count":0,"href":"https:\/\/www.europesays.com\/es\/wp-json\/wp\/v2\/posts\/166076\/revisions"}],"wp:featuredmedia":[{"embeddable":true,"href":"https:\/\/www.europesays.com\/es\/wp-json\/wp\/v2\/media\/166077"}],"wp:attachment":[{"href":"https:\/\/www.europesays.com\/es\/wp-json\/wp\/v2\/media?parent=166076"}],"wp:term":[{"taxonomy":"category","embeddable":true,"href":"https:\/\/www.europesays.com\/es\/wp-json\/wp\/v2\/categories?post=166076"},{"taxonomy":"post_tag","embeddable":true,"href":"https:\/\/www.europesays.com\/es\/wp-json\/wp\/v2\/tags?post=166076"}],"curies":[{"name":"wp","href":"https:\/\/api.w.org\/{rel}","templated":true}]}}