{"id":166096,"date":"2025-10-09T22:19:07","date_gmt":"2025-10-09T22:19:07","guid":{"rendered":"https:\/\/www.europesays.com\/es\/166096\/"},"modified":"2025-10-09T22:19:07","modified_gmt":"2025-10-09T22:19:07","slug":"trump-propone-expulsar-a-espana-de-la-otan-por-su-negativa-a-aumentar-el-gasto-en-defensa-hasta-el-5-del-pib","status":"publish","type":"post","link":"https:\/\/www.europesays.com\/es\/166096\/","title":{"rendered":"Trump propone \u00abexpulsar a Espa\u00f1a de la OTAN\u00bb por su negativa a aumentar el gasto en Defensa hasta el 5% del PIB"},"content":{"rendered":"<p class=\"paragraph\" id=\"paragraph_1\">El presidente de EEUU, <strong>Donald Trump<\/strong>, ha propuesto dejar a Espa\u00f1a a un lado de la Alianza Atl\u00e1ntica: <strong>\u00abTal vez, deber\u00edais expulsar a Espa\u00f1a de la OTAN\u00bb. <\/strong>El magnate argumenta sus palabras\u00a0en la negativa del Gobierno de <a href=\"https:\/\/www.elespanol.com\/personajes\/pedro_sanchez\/?utm_cmp_rs=linksinline\" rel=\"nofollow noopener\" target=\"_blank\">Pedro S\u00e1nchez<\/a> a<strong> aumentar el gasto de Defensa\u00a0<\/strong>al 5 por ciento del PIB.<\/p>\n<p class=\"paragraph\" id=\"paragraph_2\">\u00abNo tienen excusa para no hacerlo. Pero no pasa nada. Tal vez deber\u00edan expulsarlos de la OTAN, francamente\u00bb, asegur\u00f3 el republicano en una comparecencia conjunta junto al presidente de Finlandia, <strong>Alexander Stubb,<\/strong> en el Despacho Oval de la Casa Blanca.<\/p>\n<p class=\"paragraph\" id=\"paragraph_3\">El mandatario finland\u00e9s traslad\u00f3 a Trump su preocupaci\u00f3n por la <strong>amenaza rusa y la necesidad de reforzar el flanco oriental<\/strong>\u00a0de la Alianza despu\u00e9s de que <a href=\"https:\/\/www.elespanol.com\/mundo\/europa\/20251008\/von-der-leyen-avisa-putin-declarado-guerra-hibrida-europa-debemos-responder\/1003743959865_0.html?utm_cmp_rs=linksinline\" rel=\"nofollow noopener\" target=\"_blank\">Von der Leyen declarara que Europa est\u00e1 en \u00abguerra h\u00edbrida\u00bb<\/a> con Mosc\u00fa y las numerosas<a href=\"https:\/\/www.elespanol.com\/mundo\/europa\/20250927\/guerra-cielos-rusia-sobrevuela-paises-otan-dias-comprobar-aliados-atreven-defenderse\/1003743943387_0.html?utm_cmp_rs=linksinline\" rel=\"nofollow noopener\" target=\"_blank\"> incursiones de drones y cazas rusos en espacio a\u00e9reo europeo<\/a> de las \u00faltimas semanas.<\/p>\n<p class=\"paragraph\" id=\"paragraph_4\">\u00abVamos a trabajar juntos de manera muy estrecha, con Finlandia y la OTAN. Tenemos una muy buena relaci\u00f3n. Como saben, requerimos que paguen el 5 %, no el 2 %, la mayor\u00eda pens\u00f3 que no iba a pasar y pas\u00f3 virtualmente de forma un\u00e1nime\u00bb, subray\u00f3 el presidente de EEUU antes de se\u00f1alar a Espa\u00f1a.<\/p>\n<p class=\"paragraph\" id=\"paragraph_5\">\u00ab<strong>Tenemos a un rezagado, Espa\u00f1a\u00bb, reproch\u00f3, instando a su interlocutor, el presidente finland\u00e9s, a llamar a S\u00e1nchez para \u00ab<\/strong>averiguar por qu\u00e9 est\u00e1n rezagados y les va bien tambi\u00e9n\u00bb. \u00abLes va bien por muchas de las cosas que hemos hecho por ellos. Les va bien, no tienen excusa para no hacerlo, pero est\u00e1 bien, tal vez habr\u00eda que echarles de la OTAN, francamente\u00bb, sentenci\u00f3.<\/p>\n<p class=\"paragraph\" id=\"paragraph_6\">A finales de agosto, <strong>la Administraci\u00f3n Trump ya amenaz\u00f3 a S\u00e1nchez<\/strong> de que un gasto del 2% en Defensa era insuficiente y advirti\u00f3 de graves consecuencias si Espa\u00f1a no alcanza el 5%.<\/p>\n<p class=\"paragraph\" id=\"paragraph_7\">En la cumbre de la OTAN de junio, todos los Estados miembros, incluida Espa\u00f1a, firmaron la declaraci\u00f3n en la que se comprometen a invertir el 5% del PIB en Defensa en el a\u00f1o 2035.<\/p>\n<p class=\"paragraph\" id=\"paragraph_8\">Sin embargo, al t\u00e9rmino de esa cumbre, <strong>Pedro S\u00e1nchez<\/strong> se desmarc\u00f3 asegurando que Espa\u00f1a no gastar\u00e1 m\u00e1s del 2,1 % de su PIB en Defensa, un porcentaje que consider\u00f3 m\u00e1s que suficiente para cumplir \u00aben tiempo y forma\u00bb todos sus compromisos con las capacidades de la Alianza.<\/p>\n<p class=\"paragraph\" id=\"paragraph_9\">El secretario general, <strong>Mark Rutte,<\/strong> cuestion\u00f3, por su parte, que el porcentaje establecido por el Ejecutivo espa\u00f1ol era suficiente para alcanzar sus objetivos. \u00abHay un acuerdo sobre no estar de acuerdo en que ellos piensan que pueden alcanzar los objetivos de capacidades con un 2,1 % del PIB; <strong>la OTAN dice que tiene que ser el 3,5 % como para todos los otros aliados<\/strong>\u00ab, se\u00f1al\u00f3 el tambi\u00e9n exprimer ministro de los Pa\u00edses Bajos.<\/p>\n<p class=\"paragraph\" id=\"paragraph_10\">Tambi\u00e9n, el propio <strong>Trump se\u00f1al\u00f3 directamente a Espa\u00f1a al t\u00e9rmino de esa cumbre,<\/strong> sugiriendo que <strong>podr\u00eda tener que \u00abpagar el doble\u00bb<\/strong> en caso de no acatar el consenso suscrito por los aliados, en una potencial amenaza comercial que luego no ha llegado a materializarse.<\/p>\n<p class=\"paragraph\" id=\"paragraph_11\">Pese a la amenaza de Trump,\u00a0<strong>no existe un mecanismo formal en el tratado de la OTAN para expulsar a un pa\u00eds miembro.<\/strong><\/p>\n<p class=\"paragraph\" id=\"paragraph_12\">La organizaci\u00f3n<strong> s\u00f3lo contempla la retirada voluntaria de una naci\u00f3n<\/strong> mediante un proceso regulado en el art\u00edculo 13 del Tratado del Atl\u00e1ntico Norte.<a class=\"inline\" href=\"https:\/\/www.lisanews.org\/actualidad\/proceso-para-abandonar-la-otan\/\" rel=\"nofollow noopener\" target=\"_blank\"><\/p>\n","protected":false},"excerpt":{"rendered":"El presidente de EEUU, Donald Trump, ha propuesto dejar a Espa\u00f1a a un lado de la Alianza Atl\u00e1ntica:&hellip;\n","protected":false},"author":2,"featured_media":166097,"comment_status":"","ping_status":"","sticky":false,"template":"","format":"standard","meta":{"footnotes":""},"categories":[5],"tags":[17,18,115,25,24,13,14,11,19,20,2585,9,10,15,16,1613,2959,23,12,21,22],"class_list":{"0":"post-166096","1":"post","2":"type-post","3":"status-publish","4":"format-standard","5":"has-post-thumbnail","7":"category-titulares","8":"tag-breaking-news","9":"tag-breakingnews","10":"tag-eeuu","11":"tag-es","12":"tag-espana","13":"tag-featured-news","14":"tag-featurednews","15":"tag-headlines","16":"tag-latest-news","17":"tag-latestnews","18":"tag-ministerio-de-defensa","19":"tag-news","20":"tag-noticias","21":"tag-noticias-destacadas","22":"tag-noticiasdestacadas","23":"tag-otan","24":"tag-pedro-sanchez","25":"tag-spain","26":"tag-titulares","27":"tag-ultimas-noticias","28":"tag-ultimasnoticias"},"share_on_mastodon":{"url":"","error":""},"_links":{"self":[{"href":"https:\/\/www.europesays.com\/es\/wp-json\/wp\/v2\/posts\/166096","targetHints":{"allow":["GET"]}}],"collection":[{"href":"https:\/\/www.europesays.com\/es\/wp-json\/wp\/v2\/posts"}],"about":[{"href":"https:\/\/www.europesays.com\/es\/wp-json\/wp\/v2\/types\/post"}],"author":[{"embeddable":true,"href":"https:\/\/www.europesays.com\/es\/wp-json\/wp\/v2\/users\/2"}],"replies":[{"embeddable":true,"href":"https:\/\/www.europesays.com\/es\/wp-json\/wp\/v2\/comments?post=166096"}],"version-history":[{"count":0,"href":"https:\/\/www.europesays.com\/es\/wp-json\/wp\/v2\/posts\/166096\/revisions"}],"wp:featuredmedia":[{"embeddable":true,"href":"https:\/\/www.europesays.com\/es\/wp-json\/wp\/v2\/media\/166097"}],"wp:attachment":[{"href":"https:\/\/www.europesays.com\/es\/wp-json\/wp\/v2\/media?parent=166096"}],"wp:term":[{"taxonomy":"category","embeddable":true,"href":"https:\/\/www.europesays.com\/es\/wp-json\/wp\/v2\/categories?post=166096"},{"taxonomy":"post_tag","embeddable":true,"href":"https:\/\/www.europesays.com\/es\/wp-json\/wp\/v2\/tags?post=166096"}],"curies":[{"name":"wp","href":"https:\/\/api.w.org\/{rel}","templated":true}]}}