{"id":166112,"date":"2025-10-09T22:29:08","date_gmt":"2025-10-09T22:29:08","guid":{"rendered":"https:\/\/www.europesays.com\/es\/166112\/"},"modified":"2025-10-09T22:29:08","modified_gmt":"2025-10-09T22:29:08","slug":"asi-seran-a-partir-de-ahora-las-expulsiones-y-nominaciones","status":"publish","type":"post","link":"https:\/\/www.europesays.com\/es\/166112\/","title":{"rendered":"as\u00ed ser\u00e1n a partir de ahora las expulsiones y nominaciones"},"content":{"rendered":"\n<p> Las leyendas todav\u00eda no lo saben, pero l<strong>a del jueves noche no ser\u00e1 la \u00fanica expulsi\u00f3n en <a href=\"https:\/\/www.elconfidencial.com\/television\/programas-tv\/2025-10-08\/supervivientes-all-stars-tony-spina-privilegio-lider_4224146\/\" target=\"_self\" rel=\"nofollow noopener\">Supervivientes All Stars 2<\/a><\/strong>. El programa alert\u00f3 que algo estaba a punto de cambiar y el giro radical ocasiona un tremendo empuj\u00f3n a la estancia de los concursantes en Honduras. <\/p>\n<p> Tras la eliminaci\u00f3n ejecutada durante la sexta gala, la mec\u00e1nica da un vuelco y los telespectadores tendr\u00e1n todav\u00eda m\u00e1s poder. <a href=\"https:\/\/www.elconfidencial.com\/television\/programas-tv\/2025-10-09\/mediaset-diario-jorge-javier_4225468\/\" target=\"_self\" rel=\"nofollow noopener\">Jorge Javier V\u00e1zquez<\/a> ha sido el encargado de comunic\u00e1rselo a la audiencia, aunque <strong>los participantes se enterar\u00e1n del giro de guion en pleno directo y durante el debate del domingo.<\/strong> <\/p>\n<p> Y es que, a partir de ahora, tambi\u00e9n habr\u00e1 otra baja en el concurso, en plena emisi\u00f3n de Conexi\u00f3n Honduras. \u00ab<strong>El juego cambia en SV All Stars, porque este domingo hay expulsi\u00f3n sorpresa. <\/strong>De todo, nominaci\u00f3n, juego de l\u00edder y eliminaci\u00f3n sorpresa\u00bb, ha explicado el rostro de Telecinco. <\/p>\n<p> Es decir, los nominados que han salido a la palestra este jueves, resolver\u00e1 su eliminaci\u00f3n en la emisi\u00f3n con <a href=\"https:\/\/www.elconfidencial.com\/television\/programas-tv\/2025-09-21\/supervivientes-all-stars-adara-abandonar-sandra_4213467\/\" target=\"_self\" rel=\"nofollow noopener\">Sandra Barneda<\/a>. Noche en la que <strong>volver\u00e1n a disputarse el collar de l\u00edder &#8211;<\/strong>y la ansiada inmunidad- <strong>adem\u00e1s de volver a someterse a una nueva ronda de nominaciones<\/strong>, de las que saldr\u00e1 el siguiente expulsado en la gala principal. <\/p>\n<p>               Jorge Javier V\u00e1zquez, en &#8216;Supervivientes All Stars 2&#8217;. (Mediaset)             <\/p>\n<p> Un cambio inesperado que afectar\u00e1 a los nueve participantes -tras la eliminaci\u00f3n disputada entre Alejandro Albal\u00e1 y Miri P\u00e9rez-Cabrero- que a\u00fan quedan en los Cayos Cochinos. <strong>En una semana, el concurso producido por Cuarzo TV contar\u00e1 de golpe con siete leyendas<\/strong>, encarando ya la recta final de esta segunda edici\u00f3n especial con exparticipantes. <\/p>\n<p>              <img decoding=\"async\" class=\"inTextNews__img\" alt=\"Foto: supervivientes-all-stars-ultimatum-reglas-juegos\" src=\"https:\/\/www.europesays.com\/es\/wp-content\/uploads\/2025\/10\/f.elconfidencial.com\/original\/eaf\/20e\/6de\/eaf20e6dee0202e5a95874cc81e9dd02.jpg\"  \/>     <\/p>\n<p>TE PUEDE INTERESAR<\/p>\n<p>      <a class=\"inTextNews__title\" href=\"https:\/\/www.elconfidencial.com\/television\/programas-tv\/2025-10-09\/supervivientes-all-stars-ultimatum-reglas-juegos_4225577\/\" onclick=\"window.ECCO.emit(&#039;amplitude&#039;, { dataEventName: &#039;click_related_article_module&#039;, data: { related_article_url: &#039;https:\/\/www.elconfidencial.com\/television\/programas-tv\/2025-10-09\/supervivientes-all-stars-ultimatum-reglas-juegos_4225577\/&#039;, related_article_author: &#039;Alvaro Rold\u00e1n&#039;, related_article_section: &#039;programas-tv&#039; } })\" rel=\"nofollow noopener\" target=\"_blank\"> El equipo de &#8216;Supervivientes All Stars&#8217; suelta un rotundo ultim\u00e1tum para intentar sofocar la \u00faltima pol\u00e9mica  <\/a>   <\/p>\n<p>    \u00c1lvaro Rold\u00e1n   <\/p>\n<p> <strong>El aceler\u00f3n guarda relaci\u00f3n con las semanas que le restan a esta presente temporada<\/strong> del exitoso reality show. Cabe recordar que Telecinco ya ha anunciado la nueva temporada de La isla de las tentaciones 9, adem\u00e1s de estar en preparaci\u00f3n el esperado regreso de Gran Hermano 20, con nueva casa y con Uno de GH 20 como antesala, en Mediaset Infinity. <\/p>\n<p> Las leyendas todav\u00eda no lo saben, pero l<strong>a del jueves noche no ser\u00e1 la \u00fanica expulsi\u00f3n en <a href=\"https:\/\/www.elconfidencial.com\/television\/programas-tv\/2025-10-08\/supervivientes-all-stars-tony-spina-privilegio-lider_4224146\/\" target=\"_self\" rel=\"nofollow noopener\">Supervivientes All Stars 2<\/a><\/strong>. El programa alert\u00f3 que algo estaba a punto de cambiar y el giro radical ocasiona un tremendo empuj\u00f3n a la estancia de los concursantes en Honduras. <\/p>\n","protected":false},"excerpt":{"rendered":"Las leyendas todav\u00eda no lo saben, pero la del jueves noche no ser\u00e1 la \u00fanica expulsi\u00f3n en Supervivientes&hellip;\n","protected":false},"author":2,"featured_media":166113,"comment_status":"","ping_status":"","sticky":false,"template":"","format":"standard","meta":{"footnotes":""},"categories":[174],"tags":[255,146,147,25,24,256,23],"class_list":{"0":"post-166112","1":"post","2":"type-post","3":"status-publish","4":"format-standard","5":"has-post-thumbnail","7":"category-famosos","8":"tag-celebrities","9":"tag-entertainment","10":"tag-entretenimiento","11":"tag-es","12":"tag-espana","13":"tag-famosos","14":"tag-spain"},"share_on_mastodon":{"url":"","error":""},"_links":{"self":[{"href":"https:\/\/www.europesays.com\/es\/wp-json\/wp\/v2\/posts\/166112","targetHints":{"allow":["GET"]}}],"collection":[{"href":"https:\/\/www.europesays.com\/es\/wp-json\/wp\/v2\/posts"}],"about":[{"href":"https:\/\/www.europesays.com\/es\/wp-json\/wp\/v2\/types\/post"}],"author":[{"embeddable":true,"href":"https:\/\/www.europesays.com\/es\/wp-json\/wp\/v2\/users\/2"}],"replies":[{"embeddable":true,"href":"https:\/\/www.europesays.com\/es\/wp-json\/wp\/v2\/comments?post=166112"}],"version-history":[{"count":0,"href":"https:\/\/www.europesays.com\/es\/wp-json\/wp\/v2\/posts\/166112\/revisions"}],"wp:featuredmedia":[{"embeddable":true,"href":"https:\/\/www.europesays.com\/es\/wp-json\/wp\/v2\/media\/166113"}],"wp:attachment":[{"href":"https:\/\/www.europesays.com\/es\/wp-json\/wp\/v2\/media?parent=166112"}],"wp:term":[{"taxonomy":"category","embeddable":true,"href":"https:\/\/www.europesays.com\/es\/wp-json\/wp\/v2\/categories?post=166112"},{"taxonomy":"post_tag","embeddable":true,"href":"https:\/\/www.europesays.com\/es\/wp-json\/wp\/v2\/tags?post=166112"}],"curies":[{"name":"wp","href":"https:\/\/api.w.org\/{rel}","templated":true}]}}