{"id":166210,"date":"2025-10-09T23:28:14","date_gmt":"2025-10-09T23:28:14","guid":{"rendered":"https:\/\/www.europesays.com\/es\/166210\/"},"modified":"2025-10-09T23:28:14","modified_gmt":"2025-10-09T23:28:14","slug":"trump-y-las-siete-guerras-que-dice-haber-resuelto-en-su-carrera-al-nobel-de-la-paz","status":"publish","type":"post","link":"https:\/\/www.europesays.com\/es\/166210\/","title":{"rendered":"Trump y las siete guerras que dice haber resuelto en su carrera al Nobel de la Paz"},"content":{"rendered":"<p>Por Eduard Ribas i Admetlla |<\/p>\n<p>Washington (EFE).- Con el acuerdo entre Israel y Ham\u00e1s del mi\u00e9rcoles para liberar a los rehenes de la Franja de Gaza, el presidente de Estados Unidos, Donald Trump, se anota un tanto diplom\u00e1tico en su abierta carrera por lograr el Premio Nobel de la Paz, que se anunciar\u00e1 este viernes.<\/p>\n<p>El republicano, que ans\u00eda el galard\u00f3n desde que lo gan\u00f3 el entonces presidente Barack Obama en 2009, reivindica haber resuelto siete guerras, aunque expertos se\u00f1alan que no ha promovido ning\u00fan tratado formal de paz y que, en varios de esos conflictos, solo se alcanzaron treguas fr\u00e1giles.<\/p>\n<p>Adem\u00e1s, las negociaciones para poner fin a las guerras de Gaza y Ucrania, sus dos grandes promesas, contin\u00faan.<\/p>\n<p>\u201cNo creo que nadie en la historia haya resuelto tantas (guerras), pero quiz\u00e1 encuentren una excusa para no d\u00e1rmelo\u201d, declar\u00f3 el jueves.<\/p>\n<p>Armenia y Azerbaiy\u00e1n<\/p>\n<p>Trump auspici\u00f3 en agosto en la Casa Blanca la firma de un acuerdo entre los l\u00edderes de Armenia y Azerbaiy\u00e1n, naciones enfrentadas desde hace m\u00e1s de tres d\u00e9cadas por el enclave de Nagorno-Karabaj, en el que ambos se comprometieron a cesar las hostilidades y restablecer relaciones diplom\u00e1ticas, aunque no se trat\u00f3 de un acuerdo de paz definitivo.<\/p>\n<p><img loading=\"lazy\" data-recalc-dims=\"1\" decoding=\"async\" width=\"900\" height=\"600\" src=\"https:\/\/www.europesays.com\/es\/wp-content\/uploads\/2025\/10\/Trump-Nobel-3.webp\" alt=\"Las siete guerras que Trump dice haber resuelto en su carrera al Nobel de la Paz\" class=\"wp-image-2208000\" style=\"width:980px;height:auto\"  \/>Fotograf\u00eda de archivo (i-d) del presidente de Azerbaiy\u00e1n, Ilham Aliyev, el presidente de Estados Unidos, Donald Trump, y el primer ministro de Armenia, Nikol Pashinyan, durante la firma de un acuerdo en la Casa Blanca. EFE\/Nathan Howard\/Pool<\/p>\n<p>La base del pacto es la creaci\u00f3n de un corredor de tr\u00e1nsito llamado \u2018Ruta de Trump para la Paz\u2019, que conecta Azerbaiy\u00e1n con su enclave de Najichev\u00e1n a trav\u00e9s de territorio armenio, y en el que <a href=\"https:\/\/efe.com\/mundo\/2025-08-08\/armenia-azerbaiyan-trump-acuerdo-conflicto\/\" rel=\"nofollow noopener\" target=\"_blank\">Estados Unidos obtuvo derechos exclusivos<\/a> para desarrollar el corredor.<\/p>\n<p>Rep\u00fablica Democr\u00e1tica del Congo y Ruanda<\/p>\n<p>La Rep\u00fablica Democr\u00e1tica del Congo (RDC) y Ruanda firmaron en junio <a href=\"https:\/\/efe.com\/mundo\/2025-06-27\/ruanda-republica-democratica-congo-acuerdo-paz-nivel-ministerial\/\" rel=\"nofollow noopener\" target=\"_blank\">el Acuerdo de Washington<\/a>, promovido por la Administraci\u00f3n Trump, para poner fin al conflicto armado en el este de la RDC por la presencia del grupo rebelde M23, que seg\u00fan Naciones Unidas est\u00e1 apoyado por Ruanda.<\/p>\n<p><img data-recalc-dims=\"1\" loading=\"lazy\" decoding=\"async\" width=\"900\" height=\"599\" src=\"https:\/\/www.europesays.com\/es\/wp-content\/uploads\/2025\/10\/Trump-Nobel-2.webp\" alt=\"Las siete guerras que Trump dice haber resuelto en su carrera al Nobel de la Paz\" class=\"wp-image-2207997\" style=\"width:980px;height:auto\"  \/>Fotograf\u00eda de archivo del presidente de EE.UU., Donald Trump (c), durante la firma del acuerdo de paz a nivel ministerial entre los cancilleres de la Rep\u00fablica Democr\u00e1tica del Congo, Th\u00e9r\u00e8se Kayikwamba Wagner (2d), y de Ruanda, Olivier Nduhungirehe (2i). EFE\/Yuri Gripas\/Pool<\/p>\n<p>Aunque el acuerdo establec\u00eda un alto el fuego inmediato, las armas siguen sonando y tanto la ONU como Human Rights Watch han denunciado que el M23 contin\u00faa perpetrando ejecuciones extrajudiciales en \u00e1reas rurales. El pacto incluye adem\u00e1s un componente econ\u00f3mico, al conceder a Estados Unidos acceso preferencial a minerales estrat\u00e9gicos de la regi\u00f3n.<\/p>\n<p>La India y Pakist\u00e1n<\/p>\n<p>La India y Pakist\u00e1n se comprometieron en mayo, tras la mediaci\u00f3n de Estados Unidos, a detener la escalada militar en la zona fronteriza de Cachemira tras varios enfrentamientos que dejaron un centenar de muertos.<\/p>\n<p>Trump se apunt\u00f3 un tanto al anunciar el alto el fuego entre dos potencias nucleares hist\u00f3ricamente enfrentadas, aunque India desminti\u00f3 el papel mediador de Washington, mientras <a href=\"https:\/\/efe.com\/mundo\/2025-06-21\/trump-nobel-paz-pakistan-india\/\" rel=\"nofollow noopener\" target=\"_blank\">Pakist\u00e1n s\u00ed alab\u00f3 la gesti\u00f3n del l\u00edder<\/a> estadounidense y pidi\u00f3 el Nobel para \u00e9l.<\/p>\n<p>Israel e Ir\u00e1n<\/p>\n<p>M\u00e1s que ejercer de mediador, Trump se sum\u00f3 en julio a los ataques de Israel contra instalaciones nucleares iran\u00edes, bombardeando tres centros. Tras doce d\u00edas de intercambios entre Israel e Ir\u00e1n, el republicano anunci\u00f3 una tregua entre ambos pa\u00edses.<\/p>\n<p>Pese al anuncio, se registraron algunos ataques espor\u00e1dicos y, aunque se alcanz\u00f3 un cese temporal de hostilidades, el conflicto subyacente entre Israel e Ir\u00e1n, archienemigos desde la instauraci\u00f3n de la Rep\u00fablica Isl\u00e1mica en 1979, sigue vigente.<\/p>\n<p>Camboya y Tailandia<\/p>\n<p>Tras una escalada violenta en la frontera entre Camboya y Tailandia que dej\u00f3 medio centenar de muertos y cientos de miles de desplazados, ambos pa\u00edses acordaron un alto el fuego por presi\u00f3n de Estados Unidos.<\/p>\n<p><img data-recalc-dims=\"1\" loading=\"lazy\" decoding=\"async\" width=\"900\" height=\"635\" src=\"https:\/\/www.europesays.com\/es\/wp-content\/uploads\/2025\/10\/Trump-Nobel-4.webp\" alt=\"Las siete guerras que Trump dice haber resuelto en su carrera al Nobel de la Paz\" class=\"wp-image-2208003\" style=\"width:980px;height:auto\"  \/>Fotograf\u00eda de archivo de militares de Tailandia que verifican informaci\u00f3n en medio de un conflicto en la frontera con Camboya. EFE\/Narong Sangnak<\/p>\n<p>Trump desempe\u00f1\u00f3 un papel decisivo <a href=\"https:\/\/efe.com\/mundo\/2025-10-09\/trump-aranceles-paz-mundo-politica-comercial\/\" rel=\"nofollow noopener\" target=\"_blank\">al amenazar con imponer aranceles<\/a> a los dos pa\u00edses si no pon\u00edan fin a los enfrentamientos. Sin embargo, desde que sellaron la tregua en Malasia, ambas partes se han acusado mutuamente de violar el acuerdo.<\/p>\n<p>Egipto y Etiop\u00eda<\/p>\n<p>Egipto y Etiop\u00eda no est\u00e1n en guerra, pero mantienen fuertes tensiones por la construcci\u00f3n de la Gran Presa del Renacimiento Et\u00edope, el mayor proyecto hidroel\u00e9ctrico de \u00c1frica, inaugurado por Ad\u00eds Abeba en el Nilo Azul en septiembre, y que tanto Egipto como Sud\u00e1n consideran una amenaza a su seguridad h\u00eddrica.<\/p>\n<p>Trump sostiene que, durante negociaciones promovidas en su primer mandato (2017-2021), evit\u00f3 una guerra, aunque el pasado julio admiti\u00f3 que la presa \u201cse ha convertido en un problema muy grave\u201d e inst\u00f3 a las partes a \u201cencontrar una soluci\u00f3n\u201d.<\/p>\n<p>Serbia y Kosovo<\/p>\n<p>Trump facilit\u00f3 en 2020, durante su primer mandato, un acuerdo de normalizaci\u00f3n econ\u00f3mica entre Serbia y Kosovo, aunque no resolvi\u00f3 una guerra activa, ya que tal conflicto no exist\u00eda.<\/p>\n<p>La \u00faltima guerra entre ambos termin\u00f3 en 1999, mucho antes de que Trump llegara a la Casa Blanca, y el conflicto pol\u00edtico persiste, dado que Serbia no reconoce la independencia que Kosovo declar\u00f3 unilateralmente en 2008.<\/p>\n<p>\u00daltimo impulso para el Nobel como objetivo de Trump<\/p>\n<p>Trump anunci\u00f3 el 8 de octubre de 2025 que Israel y Ham\u00e1s\u00a0aceptaron la primera fase\u00a0de su plan de paz para Gaza, que contempla el fin de la ofensiva israel\u00ed en el enclave y la liberaci\u00f3n de todos los rehenes en manos del grupo islamista palestino.<\/p>\n<p>\u00abPusimos fin a la guerra en Gaza y, de forma mucho m\u00e1s amplia, creamos paz, y creo que va a ser una paz duradera, ojal\u00e1 una paz eterna para Oriente Medio\u00bb, expres\u00f3 Trump un d\u00eda m\u00e1s tarde, a pocas horas del anuncio de la Academia Sueca sobre el ganador del Premio Nobel de la Paz.<\/p>\n","protected":false},"excerpt":{"rendered":"Por Eduard Ribas i Admetlla | Washington (EFE).- Con el acuerdo entre Israel y Ham\u00e1s del mi\u00e9rcoles para&hellip;\n","protected":false},"author":2,"featured_media":166211,"comment_status":"","ping_status":"","sticky":false,"template":"","format":"standard","meta":{"footnotes":""},"categories":[5],"tags":[17,18,70,25,24,13,14,69,11,19,20,9,10,15,16,11506,22448,23,12,936,21,22],"class_list":{"0":"post-166210","1":"post","2":"type-post","3":"status-publish","4":"format-standard","5":"has-post-thumbnail","7":"category-titulares","8":"tag-breaking-news","9":"tag-breakingnews","10":"tag-conflictos","11":"tag-es","12":"tag-espana","13":"tag-featured-news","14":"tag-featurednews","15":"tag-guerra","16":"tag-headlines","17":"tag-latest-news","18":"tag-latestnews","19":"tag-news","20":"tag-noticias","21":"tag-noticias-destacadas","22":"tag-noticiasdestacadas","23":"tag-paz","24":"tag-premios-nobel","25":"tag-spain","26":"tag-titulares","27":"tag-trump","28":"tag-ultimas-noticias","29":"tag-ultimasnoticias"},"share_on_mastodon":{"url":"","error":""},"_links":{"self":[{"href":"https:\/\/www.europesays.com\/es\/wp-json\/wp\/v2\/posts\/166210","targetHints":{"allow":["GET"]}}],"collection":[{"href":"https:\/\/www.europesays.com\/es\/wp-json\/wp\/v2\/posts"}],"about":[{"href":"https:\/\/www.europesays.com\/es\/wp-json\/wp\/v2\/types\/post"}],"author":[{"embeddable":true,"href":"https:\/\/www.europesays.com\/es\/wp-json\/wp\/v2\/users\/2"}],"replies":[{"embeddable":true,"href":"https:\/\/www.europesays.com\/es\/wp-json\/wp\/v2\/comments?post=166210"}],"version-history":[{"count":0,"href":"https:\/\/www.europesays.com\/es\/wp-json\/wp\/v2\/posts\/166210\/revisions"}],"wp:featuredmedia":[{"embeddable":true,"href":"https:\/\/www.europesays.com\/es\/wp-json\/wp\/v2\/media\/166211"}],"wp:attachment":[{"href":"https:\/\/www.europesays.com\/es\/wp-json\/wp\/v2\/media?parent=166210"}],"wp:term":[{"taxonomy":"category","embeddable":true,"href":"https:\/\/www.europesays.com\/es\/wp-json\/wp\/v2\/categories?post=166210"},{"taxonomy":"post_tag","embeddable":true,"href":"https:\/\/www.europesays.com\/es\/wp-json\/wp\/v2\/tags?post=166210"}],"curies":[{"name":"wp","href":"https:\/\/api.w.org\/{rel}","templated":true}]}}