{"id":166218,"date":"2025-10-09T23:35:09","date_gmt":"2025-10-09T23:35:09","guid":{"rendered":"https:\/\/www.europesays.com\/es\/166218\/"},"modified":"2025-10-09T23:35:09","modified_gmt":"2025-10-09T23:35:09","slug":"f1-este-sera-el-mejor-equipo-en-2026-segun-verstappen","status":"publish","type":"post","link":"https:\/\/www.europesays.com\/es\/166218\/","title":{"rendered":"F1: Este ser\u00e1 el mejor equipo en 2026 seg\u00fan Verstappen"},"content":{"rendered":"<p data-testid=\"paragraph\" class=\"mb-[20px] md:mb-[30px] break-word\">La temporada 2026 de la <strong><a href=\"https:\/\/bolavip.com\/mx\/f1\" target=\"_blank\" rel=\"noreferrer noopener nofollow\" class=\"break-word font-articleLinkText text-articleLinkText hover:text-articleLinkTextHover hover:bg-articleLinkTextHoverBg cursor-pointer border-solid border-b-articleLinkTextHover\">F\u00f3rmula 1<\/a><\/strong> es una completa inc\u00f3gnita. Nadie puede negar que McLaren domin\u00f3 en el presente curso: ya ganaron el Campeonato de Constructores y sus dos pilotos lideran el Mundial de Pilotos. No obstante, para la siguiente campa\u00f1a entrar\u00e1 en vigencia el cambio de reglamento para el que los equipos se han estado preparando arduamente.<\/p>\n<p data-testid=\"paragraph\" class=\"mb-[20px] md:mb-[30px] break-word\">2026 ser\u00e1 una nueva oportunidad para todas las escuder\u00edas y hay varias que pretenden luchar arriba. Una de ellas es <strong>Aston Martin<\/strong>, que fich\u00f3 al dise\u00f1ador de coches m\u00e1s prestigioso de la F1: Adrian Newey. No obstante, aunque muchos ponen el ojo en el equipo de Lawrence Stroll, <strong><a href=\"https:\/\/bolavip.com\/mx\/tema\/max-verstappen\" target=\"_blank\" rel=\"noreferrer noopener nofollow\" class=\"break-word font-articleLinkText text-articleLinkText hover:text-articleLinkTextHover hover:bg-articleLinkTextHoverBg cursor-pointer border-solid border-b-articleLinkTextHover\">Max Verstappen<\/a><\/strong> postula a otra como la mejor para la pr\u00f3xima temporada.<\/p>\n<p data-testid=\"paragraph\" class=\"mb-[20px] md:mb-[30px] break-word\">En declaraciones recogidas por Sky Sports, Verstappen asegur\u00f3: <strong>\u201cCreo firmemente que Mercedes estar\u00e1 en cabeza en 2026, sobre todo en lo que respecta al motor\u201d<\/strong>. Esto, a su vez, significa un buen pron\u00f3stico para <strong>Alpine<\/strong>, equipo que est\u00e1 en el fondo actualmente, pero que pasar\u00e1 a contar con motor Mercedes a partir del a\u00f1o que viene.<\/p>\n<p><img decoding=\"async\" src=\"https:\/\/www.europesays.com\/es\/wp-content\/uploads\/2025\/10\/BMX_20251009_BMX_370651_GettyImages-2239361273-1024x683_6e45f076.webp&#038;width=1024&#038;height=683.webp\" width=\"1024\" height=\"683\" alt=\"Max Verstappen perdi\u00f3 la carrera del GP de Singapur con Georg Russell (GETTY IMAGES)\" class=\"h-auto\" loading=\"lazy\"\/><\/p>\n<p class=\"text-center mt-5 text-[14px] leading-[20px] font-normal\">Max Verstappen perdi\u00f3 la carrera del GP de Singapur con Georg Russell (GETTY IMAGES)<\/p>\n<p>\u00bfGui\u00f1o de Max Verstappen a Mercedes?<\/p>\n<p data-testid=\"paragraph\" class=\"mb-[20px] md:mb-[30px] break-word\">No es un secreto que <strong><a href=\"https:\/\/bolavip.com\/mx\/tema\/mercedes-amg-petronas\" target=\"_blank\" rel=\"noreferrer noopener nofollow\" class=\"break-word font-articleLinkText text-articleLinkText hover:text-articleLinkTextHover hover:bg-articleLinkTextHoverBg cursor-pointer border-solid border-b-articleLinkTextHover\">Mercedes<\/a> -con Toto Wolff a la cabeza- desea tener a Max Verstappen como piloto desde hace a\u00f1os<\/strong>. El jefe de equipo austriaco nunca ocult\u00f3 su deseo por \u2018Mad Max\u2019 e incluso se los ha visto juntos vacacionando. De hecho, <strong><a href=\"https:\/\/bolavip.com\/mx\/f1\/las-condiciones-que-le-puso-george-russell-a-mercedes-para-renovar\" target=\"_blank\" rel=\"noreferrer noopener nofollow\" class=\"break-word font-articleLinkText text-articleLinkText hover:text-articleLinkTextHover hover:bg-articleLinkTextHoverBg cursor-pointer border-solid border-b-articleLinkTextHover\">George Russell todav\u00eda no firm\u00f3 su renovaci\u00f3n<\/a><\/strong> y hay quienes tomaron esas palabras de Verstappen como un gui\u00f1o a las Flechas Plateadas de cara a un futuro m\u00e1s cercano que lejano.<\/p>\n<p><a title=\"Carlos Sainz eligi\u00f3 al mejor piloto de la temporada 2025 de la F\u00f3rmula 1\" href=\"https:\/\/bolavip.com\/mx\/f1\/carlos-sainz-eligio-al-mejor-piloto-de-la-temporada-2025-de-la-formula-1\" target=\"_self\" rel=\"nofollow noopener\" class=\"article-also-read-embed\"><img decoding=\"async\" class=\"aspect-square max-w-[100px] m-[10px] md:m-0\" src=\"https:\/\/www.europesays.com\/es\/wp-content\/uploads\/2025\/10\/1760052909_688_image\" alt=\"Carlos Sainz eligi\u00f3 al mejor piloto de la temporada 2025 de la F\u00f3rmula 1\" width=\"200\" height=\"200\" loading=\"lazy\"\/><\/p>\n<p class=\"font-secondary my-[13px] uppercase text-alsoReadSeeAlso bg-alsoReadSeeAlsoBackground alsoReadSeeAlso w-fit\">ver tambi\u00e9n<\/p>\n<p class=\"w-full line-clamp-3 md:line-clamp-2 text-alsoReadEmbedTitle font-primary alsoReadLink\">Carlos Sainz eligi\u00f3 al mejor piloto de la temporada 2025 de la F\u00f3rmula 1<\/p>\n<p><\/a>\u00bfCu\u00e1ndo es la pr\u00f3xima carrera de la F\u00f3rmula 1?<\/p>\n<p data-testid=\"paragraph\" class=\"break-word\">Tras el GP de Singapur, la F1 se toma un descanso y volver\u00e1 al ruedo con el <strong>Gran Premio de Estados Unidos<\/strong>, uno de los seis fines de semana de la temporada que contar\u00e1 con Sprint y que tendr\u00e1 su <strong>carrera principal el domingo 19 de octubre<\/strong> en el Circuito de las Am\u00e9ricas.<\/p>\n","protected":false},"excerpt":{"rendered":"La temporada 2026 de la F\u00f3rmula 1 es una completa inc\u00f3gnita. Nadie puede negar que McLaren domin\u00f3 en&hellip;\n","protected":false},"author":2,"featured_media":166219,"comment_status":"","ping_status":"","sticky":false,"template":"","format":"standard","meta":{"footnotes":""},"categories":[270],"tags":[168,25,24,306,271,272,2099,39161,2092,23,167],"class_list":{"0":"post-166218","1":"post","2":"type-post","3":"status-publish","4":"format-standard","5":"has-post-thumbnail","7":"category-formula-1","8":"tag-deportes","9":"tag-es","10":"tag-espana","11":"tag-f1","12":"tag-formula-1","13":"tag-formula1","14":"tag-max-verstappen","15":"tag-mercedes-amg-petronas","16":"tag-red-bull-racing","17":"tag-spain","18":"tag-sports"},"share_on_mastodon":{"url":"","error":""},"_links":{"self":[{"href":"https:\/\/www.europesays.com\/es\/wp-json\/wp\/v2\/posts\/166218","targetHints":{"allow":["GET"]}}],"collection":[{"href":"https:\/\/www.europesays.com\/es\/wp-json\/wp\/v2\/posts"}],"about":[{"href":"https:\/\/www.europesays.com\/es\/wp-json\/wp\/v2\/types\/post"}],"author":[{"embeddable":true,"href":"https:\/\/www.europesays.com\/es\/wp-json\/wp\/v2\/users\/2"}],"replies":[{"embeddable":true,"href":"https:\/\/www.europesays.com\/es\/wp-json\/wp\/v2\/comments?post=166218"}],"version-history":[{"count":0,"href":"https:\/\/www.europesays.com\/es\/wp-json\/wp\/v2\/posts\/166218\/revisions"}],"wp:featuredmedia":[{"embeddable":true,"href":"https:\/\/www.europesays.com\/es\/wp-json\/wp\/v2\/media\/166219"}],"wp:attachment":[{"href":"https:\/\/www.europesays.com\/es\/wp-json\/wp\/v2\/media?parent=166218"}],"wp:term":[{"taxonomy":"category","embeddable":true,"href":"https:\/\/www.europesays.com\/es\/wp-json\/wp\/v2\/categories?post=166218"},{"taxonomy":"post_tag","embeddable":true,"href":"https:\/\/www.europesays.com\/es\/wp-json\/wp\/v2\/tags?post=166218"}],"curies":[{"name":"wp","href":"https:\/\/api.w.org\/{rel}","templated":true}]}}