{"id":166220,"date":"2025-10-09T23:36:09","date_gmt":"2025-10-09T23:36:09","guid":{"rendered":"https:\/\/www.europesays.com\/es\/166220\/"},"modified":"2025-10-09T23:36:09","modified_gmt":"2025-10-09T23:36:09","slug":"prohens-recibe-al-exjugador-de-baloncesto-alex-abrines-para-despedir-una-carrera-llena-de-exitos","status":"publish","type":"post","link":"https:\/\/www.europesays.com\/es\/166220\/","title":{"rendered":"Prohens recibe al exjugador de baloncesto \u00c1lex Abrines para despedir \u00abuna carrera llena de \u00e9xitos\u00bb"},"content":{"rendered":"<p data-start=\"252\" data-end=\"510\">La presidenta del Govern, <strong data-start=\"308\" data-end=\"325\"><a href=\"https:\/\/www.ultimahora.es\/etiqueta\/Marga+Prohens.html?utm_source=Inline-tag&amp;utm_medium=internal\" rel=\"nofollow noopener\" target=\"_blank\">Marga Prohens<\/a><\/strong>, ha ofrecido este jueves una recepci\u00f3n en el <strong data-start=\"371\" data-end=\"390\"><a href=\"https:\/\/www.ultimahora.es\/etiqueta\/Consolat+de+Mar.html?utm_source=Inline-tag&amp;utm_medium=internal\" rel=\"nofollow noopener\" target=\"_blank\">Consolat de Mar<\/a><\/strong> al exjugador de <a href=\"https:\/\/www.ultimahora.es\/etiqueta\/baloncesto.html?utm_source=Inline-tag&amp;utm_medium=internal\" rel=\"nofollow noopener\" target=\"_blank\">baloncesto<\/a> <strong data-start=\"418\" data-end=\"434\" data-is-only-node=\"\"><a href=\"https:\/\/www.ultimahora.es\/etiqueta\/%C3%81lex+Abrines.html?utm_source=Inline-tag&amp;utm_medium=internal\" rel=\"nofollow noopener\" target=\"_blank\">\u00c1lex Abrines<\/a><\/strong>, quien anunci\u00f3 su retirada como jugador profesional el pasado mes de julio.<\/p>\n<p data-start=\"512\" data-end=\"772\">\u00ab<strong>Decimos adi\u00f3s a una carrera deportiva llena de \u00e9xitos<\/strong>\u00bb, ha subrayado la l\u00edder del Ejecutivo balear tras el acto, en un mensaje publicado en la red social X, donde ha calificado al deportista mallorqu\u00edn como un <strong data-start=\"723\" data-end=\"771\">\u00abreferente deportivo y referente de valores\u00bb<\/strong>.<\/p>\n<p data-start=\"774\" data-end=\"977\">Abrines, ha continuado Prohens, forma parte de <strong data-start=\"821\" data-end=\"848\">\u00abesa generaci\u00f3n dorada\u00bb<\/strong> de deportistas de Baleares que han dado \u00abt<strong>antas alegr\u00edas<\/strong>\u00bb a la ciudadan\u00eda y que han hecho sentir \u00ab<strong>tan orgullosos<\/strong>\u00bb a los isle\u00f1os.<\/p>\n<blockquote class=\"twitter-tweet\"><p>&#13;<\/p>\n<p>\ud83c\udfc0\ud83d\ude4c\ud83c\udffc Rebem a <a href=\"https:\/\/twitter.com\/ElConsolat?ref_src=twsrc%5Etfw\" rel=\"nofollow noopener\" target=\"_blank\">@ElConsolat<\/a> un dels esportistes que ha deixat un llegat important per a aquesta terra, medallista ol\u00edmpic que ha duit el nom de les Illes Balears per bandera arreu del m\u00f3n: \u00c1lex Abrines.<\/p>\n<p>&#13;<\/p>\n<p>Avui, amb aquesta recepci\u00f3, deim ad\u00e9u a una carrera esportiva plena d\u2019\u00e8xits.\u2026 <a href=\"https:\/\/t.co\/T2MYGkcRup\" rel=\"nofollow\">pic.twitter.com\/T2MYGkcRup<\/a><\/p>\n<p>&#13;<br \/>\n\u2014 Marga Prohens (@MargaProhens) <a href=\"https:\/\/twitter.com\/MargaProhens\/status\/1976347165778727030?ref_src=twsrc%5Etfw\" rel=\"nofollow noopener\" target=\"_blank\">October 9, 2025<\/a>\n<\/p><\/blockquote>\n<p data-start=\"979\" data-end=\"1148\" data-is-last-node=\"\" data-is-only-node=\"\">\u00ab<strong>Gracias por no olvidar nunca tu casa y por haber contribuido a hacer de las Islas Baleares una indudable tierra de campeones<\/strong>\u00bb, ha concluido la presidenta en su mensaje.<\/p>\n<p>                        <script async src=\"https:\/\/platform.twitter.com\/widgets.js\" charset=\"utf-8\"><\/script><\/p>\n","protected":false},"excerpt":{"rendered":"La presidenta del Govern, Marga Prohens, ha ofrecido este jueves una recepci\u00f3n en el Consolat de Mar al&hellip;\n","protected":false},"author":2,"featured_media":166221,"comment_status":"","ping_status":"","sticky":false,"template":"","format":"standard","meta":{"footnotes":""},"categories":[269],"tags":[48850,299,298,48849,168,25,24,301,832,833,6552,830,831,21550,23,167],"class_list":{"0":"post-166220","1":"post","2":"type-post","3":"status-publish","4":"format-standard","5":"has-post-thumbnail","7":"category-baloncesto","8":"tag-alex-abrines","9":"tag-baloncesto","10":"tag-basketball","11":"tag-consolat-de-mar","12":"tag-deportes","13":"tag-es","14":"tag-espana","15":"tag-eurobasket","16":"tag-eurocup","17":"tag-euroliga","18":"tag-homenaje","19":"tag-leb-oro","20":"tag-liga-acb","21":"tag-marga-prohens","22":"tag-spain","23":"tag-sports"},"share_on_mastodon":{"url":"","error":""},"_links":{"self":[{"href":"https:\/\/www.europesays.com\/es\/wp-json\/wp\/v2\/posts\/166220","targetHints":{"allow":["GET"]}}],"collection":[{"href":"https:\/\/www.europesays.com\/es\/wp-json\/wp\/v2\/posts"}],"about":[{"href":"https:\/\/www.europesays.com\/es\/wp-json\/wp\/v2\/types\/post"}],"author":[{"embeddable":true,"href":"https:\/\/www.europesays.com\/es\/wp-json\/wp\/v2\/users\/2"}],"replies":[{"embeddable":true,"href":"https:\/\/www.europesays.com\/es\/wp-json\/wp\/v2\/comments?post=166220"}],"version-history":[{"count":0,"href":"https:\/\/www.europesays.com\/es\/wp-json\/wp\/v2\/posts\/166220\/revisions"}],"wp:featuredmedia":[{"embeddable":true,"href":"https:\/\/www.europesays.com\/es\/wp-json\/wp\/v2\/media\/166221"}],"wp:attachment":[{"href":"https:\/\/www.europesays.com\/es\/wp-json\/wp\/v2\/media?parent=166220"}],"wp:term":[{"taxonomy":"category","embeddable":true,"href":"https:\/\/www.europesays.com\/es\/wp-json\/wp\/v2\/categories?post=166220"},{"taxonomy":"post_tag","embeddable":true,"href":"https:\/\/www.europesays.com\/es\/wp-json\/wp\/v2\/tags?post=166220"}],"curies":[{"name":"wp","href":"https:\/\/api.w.org\/{rel}","templated":true}]}}