{"id":166280,"date":"2025-10-10T00:12:13","date_gmt":"2025-10-10T00:12:13","guid":{"rendered":"https:\/\/www.europesays.com\/es\/166280\/"},"modified":"2025-10-10T00:12:13","modified_gmt":"2025-10-10T00:12:13","slug":"puede-realmente-ganar-donald-trump-el-nobel-de-la-paz-su-plan-para-la-paz-en-gaza-reabre-el-debate-sobre-el-premio-mas-polemico-ciencia-y-tecnologia","status":"publish","type":"post","link":"https:\/\/www.europesays.com\/es\/166280\/","title":{"rendered":"\u00bfPuede realmente ganar Donald Trump el Nobel de la Paz? Su plan para la paz en Gaza reabre el debate sobre el premio m\u00e1s pol\u00e9mico | Ciencia y tecnolog\u00eda"},"content":{"rendered":"<p class=\"loc\">Madrid<\/p>\n<p>Este viernes, 10 de octubre, se dar\u00e1 a conocer el ganador o la ganadora del Premio Nobel de la Paz 2025. A pesar de que no sabemos qui\u00e9nes son los candidatos oficiales, ya que la Fundaci\u00f3n Nobel prefiere mantener sus nombres en secreto, s\u00ed que se ha dado a conocer que hay un total de 338 candidatos, de los cuales 244 son personas individuales y 94 organizaciones. \u00bfQui\u00e9n saldr\u00e1 victorioso? Aunque como te hemos explicado con anterioridad no hay un listado oficial de candidatos, s\u00ed que hay varias personas que se han colado entre las favoritas para llevarse el galard\u00f3n. <\/p>\n<p>M\u00e1s informaci\u00f3n<\/p>\n<p>Y una de ellas es el presidente de los Estados Unidos, Donald Trump, quien acaba de provocar un se\u00edsmo a nivel internacional<a href=\"https:\/\/cadenaser.com\/nacional\/2025\/10\/08\/trump-podria-viajar-a-oriente-medio-este-domingo-si-las-negociaciones-para-la-paz-en-gaza-van-bien-cadena-ser\/\" target=\"_blank\" rel=\"noreferrer nofollow noopener\" title=\"https:\/\/cadenaser.com\/nacional\/2025\/10\/08\/trump-podria-viajar-a-oriente-medio-este-domingo-si-las-negociaciones-para-la-paz-en-gaza-van-bien-cadena-ser\/\"> gracias a su plan para la paz en Gaza<\/a>, con el que pretende poner fin al genocidio israel\u00ed en tierras palestinas. Uno de los temas m\u00e1s seguidos a nivel internacional durante estas \u00faltimas, tal y como se refleja en <a href=\"https:\/\/trends.google.es\/trending?geo=ES\" target=\"_blank\" rel=\"noreferrer nofollow noopener\" title=\"https:\/\/trends.google.es\/trending?geo=ES\">Google Trends<\/a>, donde podemos ver como<a href=\"https:\/\/trends.google.es\/trends\/explore?q=acuerdo%20paz%20gaza&amp;date=now%201-d&amp;geo=ES&amp;hl=es\" target=\"_blank\" rel=\"noreferrer nofollow noopener\" title=\"https:\/\/trends.google.es\/trends\/explore?q=acuerdo%20paz%20gaza&amp;date=now%201-d&amp;geo=ES&amp;hl=es\"> el t\u00e9rmino &#8216;acuerdo de paz en Gaza&#8217;<\/a> se ha colado entre las principales tendencias tanto en nuestro pa\u00eds como en el resto del planeta. De ah\u00ed que el acuerdo est\u00e9 generando un sinf\u00edn de conversaciones en todo el mundo y que el nombre de Donald Trump est\u00e9 en el centro de las mismas.<\/p>\n<p><img decoding=\"async\" src=\"https:\/\/www.europesays.com\/es\/wp-content\/uploads\/2025\/10\/STUL6AFNNFCTVOEOM5GBJ55JC4.jpg\" alt=\"Las b\u00fasquedas se han disparado en las \u00faltimas horas.\" width=\"4\" height=\"3\"  loading=\"lazy\"\/><\/p>\n<p>Las b\u00fasquedas se han disparado en las \u00faltimas horas. \/ Cadena SER<\/p>\n<p>Ampliar<img decoding=\"async\" src=\"https:\/\/www.europesays.com\/es\/wp-content\/uploads\/2025\/10\/1760055133_167_STUL6AFNNFCTVOEOM5GBJ55JC4.jpg\" alt=\"Las b\u00fasquedas se han disparado en las \u00faltimas horas.\" width=\"4\" height=\"3\" loading=\"lazy\"\/><\/p>\n<p>Las b\u00fasquedas se han disparado en las \u00faltimas horas. \/ Cadena SER<\/p>\n<p>Cerrar\u00bb\u00bfC\u00f3mo podemos contemplar la posibilidad?\u00bb<\/p>\n<p>De ah\u00ed que durante estas \u00faltimas horas se haya valorado la opci\u00f3n de que Donald Trump acabe ganando el Premio Nobel de la Paz por tratar de poner fin al genocidio. Un tema sobre el que hemos hablado en el Ministerio de Ciencia y Tecnolog\u00eda del Hoy por Hoy, donde \u00c0ngels Barcel\u00f3 y los ministros Nu\u00f1o Dom\u00ednguez y Jaime Garc\u00eda Cantero han valorado las opciones del presidente de Estados Unidos de llevarse el galard\u00f3n. La primera de ellas ha sido la propia directora del programa, quien no da cr\u00e9dito a lo que est\u00e1 sucediendo: \u00ab\u00bfC\u00f3mo podemos estar hablando de esto y contemplar la posibilidad de que le den el Nobel de la paz a Donald Trump?\u00bb.<\/p>\n<p>En ese momento, los colaboradores han llegado a la conclusi\u00f3n que se acabar\u00e1 hablando de Trump tanto si se lo dan como si no se lo dan: \u00abSi se lo dan, dices, joder, qu\u00e9 desgracia. Pero, si no se lo dan, el cabreo que se va a pillar este se\u00f1or va a ser grande porque cuando se enfada, se enfada\u00bb. \u00bfY c\u00f3mo es posible que alguien como Donald Trump pueda siquiera ser candidato a estos premios? En declaraciones a la Cadena SER, ambos han explicado que es un s\u00edmbolo perfecto de la era en la que estamos viviendo. Porque, a pesar de todo el da\u00f1o que ha hecho durante estos \u00faltimos a\u00f1os, la comunidad puede acabar entreg\u00e1ndole este galard\u00f3n por este acuerdo que en realidad sigue siendo un aut\u00e9ntico misterio.<\/p>\n<p>La realidad detr\u00e1s del Nobel de la Paz<\/p>\n<p>No obstante, Nu\u00f1o Dom\u00ednguez y Jaime Garc\u00eda Cantero han aprovechado para recordar que el Nobel de la Paz no tiene el prestigio del resto de premios que entrega la Fundaci\u00f3n Nobel: \u00abEs importante recordar que el Premio Nobel de la Paz es diferente al resto de los premios Nobel, que lo entrega otro pa\u00eds, otro jurado y que no tiene nada que ver con el resto precisamente para no quitar prestigio a los dem\u00e1s\u00bb. <\/p>\n<p>Y es que, durante estos \u00faltimos a\u00f1os, el premio ha ca\u00eddo en manos que no han destacado por ser precisamente las m\u00e1s pac\u00edficas del mundo: \u00abHay que recordar que se lo dieron a Henry Kissinger, que le gustaba m\u00e1s iniciar una guerra que ponerle fin. Tambi\u00e9n a Barack Obama, que se lo dieron nada m\u00e1s empezar y que luego no es que terminara con ninguna en las dos legislaturas que estuvo en la presidente de Estados Unidos. Entonces, claro, tenemos que poner al premio Nobel de la Paz en su contexto. Aunque es un candidato, m\u00e1s, los ministros conf\u00edan en que el jurado acabe valorando otras opciones. Pero \u00c0ngels Barcel\u00f3 no es tan optimista: \u00abYo casi no conf\u00edo en nada ni en nadie. Pero bueno, saldremos de dudas ma\u00f1ana\u00bb. <\/p>\n","protected":false},"excerpt":{"rendered":"Madrid Este viernes, 10 de octubre, se dar\u00e1 a conocer el ganador o la ganadora del Premio Nobel&hellip;\n","protected":false},"author":2,"featured_media":166281,"comment_status":"","ping_status":"","sticky":false,"template":"","format":"standard","meta":{"footnotes":""},"categories":[42],"tags":[17,18,13,14,694,9379,11,61,62,63,64,48866,19,20,25272,9,10,15,16,47727,48867,17099,48868,12,21,22,65,66,67],"class_list":{"0":"post-166280","1":"post","2":"type-post","3":"status-publish","4":"format-standard","5":"has-post-thumbnail","7":"category-internacional","8":"tag-breaking-news","9":"tag-breakingnews","10":"tag-featured-news","11":"tag-featurednews","12":"tag-gaza","13":"tag-happy","14":"tag-headlines","15":"tag-internacional","16":"tag-international","17":"tag-international-news","18":"tag-internationalnews","19":"tag-issues","20":"tag-latest-news","21":"tag-latestnews","22":"tag-meet","23":"tag-news","24":"tag-noticias","25":"tag-noticias-destacadas","26":"tag-noticiasdestacadas","27":"tag-pol","28":"tag-political","29":"tag-smile","30":"tag-talk","31":"tag-titulares","32":"tag-ultimas-noticias","33":"tag-ultimasnoticias","34":"tag-world","35":"tag-world-news","36":"tag-worldnews"},"share_on_mastodon":{"url":"","error":""},"_links":{"self":[{"href":"https:\/\/www.europesays.com\/es\/wp-json\/wp\/v2\/posts\/166280","targetHints":{"allow":["GET"]}}],"collection":[{"href":"https:\/\/www.europesays.com\/es\/wp-json\/wp\/v2\/posts"}],"about":[{"href":"https:\/\/www.europesays.com\/es\/wp-json\/wp\/v2\/types\/post"}],"author":[{"embeddable":true,"href":"https:\/\/www.europesays.com\/es\/wp-json\/wp\/v2\/users\/2"}],"replies":[{"embeddable":true,"href":"https:\/\/www.europesays.com\/es\/wp-json\/wp\/v2\/comments?post=166280"}],"version-history":[{"count":0,"href":"https:\/\/www.europesays.com\/es\/wp-json\/wp\/v2\/posts\/166280\/revisions"}],"wp:featuredmedia":[{"embeddable":true,"href":"https:\/\/www.europesays.com\/es\/wp-json\/wp\/v2\/media\/166281"}],"wp:attachment":[{"href":"https:\/\/www.europesays.com\/es\/wp-json\/wp\/v2\/media?parent=166280"}],"wp:term":[{"taxonomy":"category","embeddable":true,"href":"https:\/\/www.europesays.com\/es\/wp-json\/wp\/v2\/categories?post=166280"},{"taxonomy":"post_tag","embeddable":true,"href":"https:\/\/www.europesays.com\/es\/wp-json\/wp\/v2\/tags?post=166280"}],"curies":[{"name":"wp","href":"https:\/\/api.w.org\/{rel}","templated":true}]}}