{"id":166425,"date":"2025-10-10T01:56:13","date_gmt":"2025-10-10T01:56:13","guid":{"rendered":"https:\/\/www.europesays.com\/es\/166425\/"},"modified":"2025-10-10T01:56:13","modified_gmt":"2025-10-10T01:56:13","slug":"nieves-alvarez-revela-la-romantica-pedida-de-bill-saad-y-adelanta-quien-hara-su-vestido-de-novia","status":"publish","type":"post","link":"https:\/\/www.europesays.com\/es\/166425\/","title":{"rendered":"Nieves \u00c1lvarez revela la rom\u00e1ntica pedida de Bill Saad y adelanta qui\u00e9n har\u00e1 su vestido de novia"},"content":{"rendered":"<p data-start=\"255\" data-end=\"1298\"><strong>Nieves \u00c1lvarez<\/strong> se ha sentado este jueves frente a Sonsoles \u00d3nega en Y Ahora Sonsoles para compartir un cap\u00edtulo muy especial de su vida: <a href=\"https:\/\/okdiario.com\/look\/actualidad\/nieves-alvarez-habla-primera-vez-compromiso-bill-saad-2376244\" rel=\"nofollow noopener\" target=\"_blank\">su pr\u00f3xima boda y la historia de amor que la ha llevado hasta aqu\u00ed.<\/a> La top model madrile\u00f1a, que durante d\u00e9cadas ha brillado en pasarelas de todo el mundo y frente a las c\u00e1maras, se ha mostrado m\u00e1s cercana y emocionada que nunca, dejando ver que, tras a\u00f1os de dedicaci\u00f3n a su carrera y de superar desaf\u00edos personales, ha encontrado un momento de plenitud absoluta. Con su caracter\u00edstica elegancia y una sonrisa que no puede ocultar la felicidad que siente, Nieves ha hablado de la relaci\u00f3n con el empresario liban\u00e9s<strong> Bill Saad<\/strong>, de la pedida de mano que la dej\u00f3 sin palabras y de la ilusi\u00f3n que le produce prepararse para dar el \u00abs\u00ed, quiero\u00bb en 2026.<\/p>\n<p data-start=\"1019\" data-end=\"1534\">Conocimos a Nieves \u00c1lvarez sobre las pasarelas, pero su historia personal revela que antes de alcanzar la fama fue una ni\u00f1a t\u00edmida y acomplejada con su cuerpo. <a href=\"https:\/\/okdiario.com\/look\/estilo\/adios-ojos-caidos-truco-maquillaje-nieves-alvarez-que-funciona-mujeres-mas-50-anos-2358418\" rel=\"nofollow noopener\" target=\"_blank\">La modelo sufri\u00f3 anorexia y tuvo que luchar contra sus propios complejos<\/a>, un desaf\u00edo que logr\u00f3 superar con esfuerzo y determinaci\u00f3n. Su disciplina y resiliencia la llevaron a convertirse en una de las modelos espa\u00f1olas m\u00e1s internacionales, consolidando adem\u00e1s una faceta como presentadora de televisi\u00f3n que demuestra su versatilidad y elegancia innatas. En el \u00e1mbito personal, <strong>Nieves no solo ha encontrado el \u00e9xito, sino tambi\u00e9n el amor verdadero.<\/strong> Tras conocer a Bill Saad en septiembre de 2021, su historia comenz\u00f3 en diciembre de ese mismo a\u00f1o, aunque decidieron mantener la relaci\u00f3n en privado hasta marzo de 2022.<\/p>\n<blockquote class=\"instagram-media\" style=\"background: #FFF; border: 0; border-radius: 3px; box-shadow: 0 0 1px 0 rgba(0,0,0,0.5),0 1px 10px 0 rgba(0,0,0,0.15); margin: 1px; max-width: 540px; min-width: 326px; padding: 0; width: calc(100% - 2px);\" data-instgrm-captioned=\"\" data-instgrm-permalink=\"https:\/\/www.instagram.com\/reel\/DPmRVIXCCch\/?utm_source=ig_embed&amp;utm_campaign=loading\" data-instgrm-version=\"14\">\n<\/blockquote>\n<p data-start=\"1019\" data-end=\"1534\">Fue la revista \u00a1HOLA! la que capt\u00f3 sus primeras im\u00e1genes rom\u00e1nticas paseando por Par\u00eds durante la Semana de la Moda. Desde entonces, se volvieron inseparables y, despu\u00e9s de casi cuatro a\u00f1os juntos, han decidido dar un paso m\u00e1s en su historia: casarse en 2026. La pedida de mano fue, seg\u00fan relata Nieves, un momento completamente inesperado y m\u00e1gico. Mientras asist\u00edan a la boda del hijo del dise\u00f1ador Elie Saab en L\u00edbano,<strong> Bill la llev\u00f3 a la capilla de San Charbel, un santo del que ambos son devotos.<\/strong> Sin anillo y de forma espont\u00e1nea, se arrodill\u00f3 y le pregunt\u00f3 si quer\u00eda convertirse en su esposa. La emoci\u00f3n de Nieves fue m\u00e1xima: dijo que s\u00ed y, como recuerdo inmediato del momento,<a href=\"https:\/\/okdiario.com\/look\/actualidad\/nieves-alvarez-confiesa-celebracion-50-cumpleanos-viaje-1973486\" rel=\"nofollow noopener\" target=\"_blank\"> improvisaron un anillo con dos ramitas, sellando as\u00ed una propuesta tan sencilla como inolvidable.<\/a><\/p>\n<p data-start=\"2581\" data-end=\"3087\">La pareja decidi\u00f3 guardar la noticia en secreto durante los primeros meses para poder disfrutar de su intimidad y compartir la alegr\u00eda primero con sus familias. Nieves es madre de tres hijos: <strong>Adriano<\/strong> y los mellizos <strong>Brando<\/strong> y <strong>Bianca<\/strong>, fruto de <a href=\"https:\/\/okdiario.com\/look\/famosos\/nieves-alvarez-marco-severini-juntos-comunion-sus-hijos-93003\" rel=\"nofollow noopener\" target=\"_blank\">su matrimonio con el fot\u00f3grafo italiano Marco Severini<\/a>, mientras que Bill tiene dos hijos de su primer matrimonio, <strong>Julian<\/strong> y <strong>Jamie<\/strong>. La armon\u00eda y cercan\u00eda entre los hijos de ambos ha sido clave para que la noticia de la boda se recibiera con felicidad y entusiasmo.<\/p>\n<p>\n<img decoding=\"async\" loading=\"lazy\" class=\"size-full wp-image-2399054\" alt=\"Nieves \u00c1lvarez en 'Y ahora Sonsoles'. (Foto: Antena 3)\" width=\"1800\" height=\"1009\"  src=\"https:\/\/www.europesays.com\/es\/wp-content\/uploads\/2025\/09\/1758214691_923_placeholder.jpg\"  bad-src=\"https:\/\/www.europesays.com\/es\/wp-content\/uploads\/2025\/09\/1758214691_923_placeholder.jpg\"\/><\/p>\n<p><img decoding=\"async\" loading=\"lazy\" class=\"size-full wp-image-2399054\" src=\"https:\/\/www.europesays.com\/es\/wp-content\/uploads\/2025\/10\/captura-de-pantalla-2025-10-09-195040.jpg\" alt=\"Nieves \u00c1lvarez en 'Y ahora Sonsoles'. (Foto: Antena 3)\" width=\"1800\" height=\"1009\"  \/><\/p>\n<p> Nieves \u00c1lvarez en \u2018Y ahora Sonsoles\u2019. (Foto: Antena 3)\n<\/p>\n<p data-start=\"3089\" data-end=\"3570\">En sus declaraciones, Nieves describe a Bill como su pareja ideal: un hombre bueno, generoso, inteligente, divertido y cari\u00f1oso. A sus 51 a\u00f1os, la modelo se siente plena y madura, capaz de identificar lo que realmente desea en la vida y valorar la estabilidad emocional que le brinda esta relaci\u00f3n. \u00abC\u00f3mo merece la pena todo en la vida, c\u00f3mo merece la pena esperar las cosas buenas\u2026 Con Bill todo merece la pena. Estoy que no me lo creo\u00bb, ha confesado, mostrando su alegr\u00eda y emoci\u00f3n.<\/p>\n<p>Recordamos c\u00f3mo fue la primera boda de Nieves \u00c1lvarez<\/p>\n<p data-start=\"3613\" data-end=\"4251\">Antes de esta nueva etapa, <strong>Nieves vivi\u00f3 su primera boda con el fot\u00f3grafo italiano Marco Severini.<\/strong> Se conocieron cuando ella ten\u00eda 17 a\u00f1os y, tras varios a\u00f1os de noviazgo, se casaron el 30 de abril de 2002 en Bali, en una ceremonia privada. Nieves luci\u00f3 un elegante dos piezas en muselina de seda, firmado por <a href=\"https:\/\/www.instagram.com\/emanuelungaroparis\/?hl=es\" target=\"_blank\" rel=\"nofollow noopener noreferrer\">Emanuel Ungaro<\/a> y confeccionado por Giambattista Valli, mientras que la ceremonia fue oficiada por un cura cat\u00f3lico espa\u00f1ol. Entre los invitados se encontraban destacados nombres del mundo de la moda, como <strong>Ver\u00f3nica Blume<\/strong>,<strong> Laura Ponte<\/strong>, <strong>Esther Ca\u00f1adas<\/strong>, <strong>Martina Klein<\/strong> y <strong>Naty Abascal<\/strong>, entre otros.<\/p>\n<p data-start=\"4253\" data-end=\"4567\">Tras m\u00e1s de 20 a\u00f1os juntos y 12 a\u00f1os de matrimonio, <strong>Nieves y Marco decidieron poner fin a su relaci\u00f3n en 2015.<\/strong> Su divorcio fue meditado y de mutuo acuerdo, dejando claro que priorizaban siempre el bienestar de sus tres hijos y manteniendo una relaci\u00f3n de respeto y cordialidad despu\u00e9s de tantos a\u00f1os compartidos.<\/p>\n<p>\t\t\t\t\t\t\t<script async src=\"\/\/www.instagram.com\/embed.js\"><\/script><\/p>\n","protected":false},"excerpt":{"rendered":"Nieves \u00c1lvarez se ha sentado este jueves frente a Sonsoles \u00d3nega en Y Ahora Sonsoles para compartir un&hellip;\n","protected":false},"author":2,"featured_media":166426,"comment_status":"","ping_status":"","sticky":false,"template":"","format":"standard","meta":{"footnotes":""},"categories":[174],"tags":[255,146,147,25,24,256,9113,23],"class_list":{"0":"post-166425","1":"post","2":"type-post","3":"status-publish","4":"format-standard","5":"has-post-thumbnail","7":"category-famosos","8":"tag-celebrities","9":"tag-entertainment","10":"tag-entretenimiento","11":"tag-es","12":"tag-espana","13":"tag-famosos","14":"tag-nieves-alvarez","15":"tag-spain"},"share_on_mastodon":{"url":"","error":""},"_links":{"self":[{"href":"https:\/\/www.europesays.com\/es\/wp-json\/wp\/v2\/posts\/166425","targetHints":{"allow":["GET"]}}],"collection":[{"href":"https:\/\/www.europesays.com\/es\/wp-json\/wp\/v2\/posts"}],"about":[{"href":"https:\/\/www.europesays.com\/es\/wp-json\/wp\/v2\/types\/post"}],"author":[{"embeddable":true,"href":"https:\/\/www.europesays.com\/es\/wp-json\/wp\/v2\/users\/2"}],"replies":[{"embeddable":true,"href":"https:\/\/www.europesays.com\/es\/wp-json\/wp\/v2\/comments?post=166425"}],"version-history":[{"count":0,"href":"https:\/\/www.europesays.com\/es\/wp-json\/wp\/v2\/posts\/166425\/revisions"}],"wp:featuredmedia":[{"embeddable":true,"href":"https:\/\/www.europesays.com\/es\/wp-json\/wp\/v2\/media\/166426"}],"wp:attachment":[{"href":"https:\/\/www.europesays.com\/es\/wp-json\/wp\/v2\/media?parent=166425"}],"wp:term":[{"taxonomy":"category","embeddable":true,"href":"https:\/\/www.europesays.com\/es\/wp-json\/wp\/v2\/categories?post=166425"},{"taxonomy":"post_tag","embeddable":true,"href":"https:\/\/www.europesays.com\/es\/wp-json\/wp\/v2\/tags?post=166425"}],"curies":[{"name":"wp","href":"https:\/\/api.w.org\/{rel}","templated":true}]}}