{"id":166447,"date":"2025-10-10T02:09:16","date_gmt":"2025-10-10T02:09:16","guid":{"rendered":"https:\/\/www.europesays.com\/es\/166447\/"},"modified":"2025-10-10T02:09:16","modified_gmt":"2025-10-10T02:09:16","slug":"funambulista-la-hija-de-bimba-bose-tres-ex-y-dos-llegados-de-ot","status":"publish","type":"post","link":"https:\/\/www.europesays.com\/es\/166447\/","title":{"rendered":"Funambulista, la hija de Bimba Bos\u00e9, tres &#8216;ex&#8217; y dos llegados de &#8216;OT&#8217;"},"content":{"rendered":"<p class=\"article-text\">\n        El <strong>Benidorm Fest 2026<\/strong> tiene ya a sus <strong>18 participantes<\/strong>. <strong>RTVE <\/strong>ha anunciado este jueves 9 de octubre<strong> el cartel oficial<\/strong> de la pr\u00f3xima edici\u00f3n de su certamen musical, la quinta de una de las marcas m\u00e1s potentes de la televisi\u00f3n p\u00fablica que se enfrenta a <strong>un a\u00f1o incierto por su vinculaci\u00f3n con Eurovisi\u00f3n<\/strong>.\n    <\/p>\n<p>    <a href=\"https:\/\/www.eldiario.es\/vertele\/noticias\/benidorm-fest-2026-rtve-cierra-casting-870-canciones-abre-elegir-20-participantes_1_12634233.html\" data-mrf-recirculation=\"saber-mas\" data-dl-event=\"saber-mas\" rel=\"nofollow noopener\" target=\"_blank\"><\/p>\n<p class=\"know-more__title\">El Benidorm Fest 2026 cerr\u00f3 su \u00abcasting\u00bb con 870 canciones y abri\u00e9ndose a elegir hasta 20 participantes<\/p>\n<p>            <img decoding=\"async\" class=\"lazy\" loading=\"lazy\" data-src=\"https:\/\/static.eldiario.es\/clip\/94120ff6-801c-4637-bd11-f8c632099a70_16-9-aspect-ratio_default_0.jpg\" src=\"data:image\/svg+xml,%3Csvg xmlns=\" http:=\"\" viewbox=\"0 0 880 495\" alt=\"El Benidorm Fest 2026 cierra su &quot;casting&quot; con 870 canciones y se abre a elegir hasta 20 participantes\"\/><\/p>\n<p>                        <\/a><\/p>\n<p class=\"article-text\">\n        En una rueda de prensa celebrada en las instalaciones de Prado del Rey, a la que ha asistido <a href=\"https:\/\/www.eldiario.es\/vertele\/\" target=\"_blank\" data-mrf-recirculation=\"links-noticia\" class=\"link\" rel=\"nofollow noopener\">verTele<\/a>, la cadena ha confirmado a <strong>Asha, Atyat, Dani J, Dora &amp; Marlon Collins, Funambulista, Greg Taro, Izan Llunas, Kenneth, Kitai, Ku Minerva, Luna Ki, Julia Medina &amp; Mar\u00eda Le\u00f3n, Mayo, Mikel Herzog Jr, Miranda! &amp; Bailamam\u00e1, Rosalinda, The Quinquis y Tony Grox &amp; Lucycalys <\/strong>como los 18 artistas que el pr\u00f3ximo mes de febrero concursar\u00e1n en el festival que se celebra en Benidorm.\n    <\/p>\n<p class=\"article-text\">\n        Un cartel que sale de las <strong>870 canciones<\/strong> que RTVE recibi\u00f3 en su proceso de selecci\u00f3n, y que ha sido elegido por el renovado <strong>comit\u00e9 de expertos<\/strong> de la emisora p\u00fablica que preside <strong>Jos\u00e9 Pablo L\u00f3pez<\/strong>. Por ahora se desconoce c\u00f3mo sonar\u00e1n sus temas a concurso, ya que ser\u00e1n publicados el <strong>pr\u00f3ximo 18 de diciembre<\/strong>.\n    <\/p>\n<p class=\"article-text\">\n        Los nombres m\u00e1s conocidos a nivel medi\u00e1tico son <strong>Funambulista <\/strong>por su trayectoria musical, as\u00ed como los ex de <strong>Operaci\u00f3n Triunfo<\/strong><strong> Julia Medina y Mayo<\/strong>, y el reciente concursante de <strong>Tu cara me suena<\/strong> <strong>Mikel Herzog Jr<\/strong>. Tambi\u00e9n est\u00e1 <strong>Dora<\/strong>, hija de Bimba Bos\u00e9 y sobrina de Miguel Bos\u00e9, y otro joven nacido en familia de artistas como<strong> Izan Llunas<\/strong>, hijo de Marcos Llunas y nieto de Dyango.\n    <\/p>\n<p class=\"article-text\">\n        En lo que respecta al resto del reparto, destacan hasta<strong> tres artistas que ya han participado en ediciones anteriores <\/strong>y que prueban suerte de nuevo con nuevas formaciones o con cambio de estilo. Una de ellas es <strong>Luna Ki<\/strong>, que protagoniz\u00f3 una pol\u00e9mica salida de la primera edici\u00f3n pocos d\u00edas antes de la actuaci\u00f3n. Tambi\u00e9n \u00d3scar de <strong>Varry Brava<\/strong>, que participa con el nuevo nombre art\u00edstico Bailamam\u00e1 junto al grupo argentino Miranda!, y Sergio de <strong>Miss Caffe\u00edna<\/strong>, que forma parte del tr\u00edo The Quinquis.\n    <\/p>\n<p class=\"article-text\">\n        Todos ellos probar\u00e1n suerte en una edici\u00f3n que se celebrar\u00e1 de nuevo en el<strong>\u00a0Palau D&#8217;Esports L&#8217;Illa de Benidorm\u00a0<\/strong>los d\u00edas 10 y 12 de febrero (semifinales), y el\u00a014 la gran final.\n    <\/p>\n<p>            <img decoding=\"async\" class=\"lazy\" loading=\"lazy\" data-src=\"https:\/\/static.eldiario.es\/clip\/28ecd0a2-8dd9-4f8f-adf9-ccc89ae62986_16-9-discover-aspect-ratio_default_0.jpg\" src=\"data:image\/svg+xml,%3Csvg xmlns=\" http:=\"\" viewbox=\"0 0 1200 675\" alt=\"Los artistas del Benidorm Fest 2026\"\/><\/p>\n<p class=\"article-text\">\n        El ganador o ganadora del Benidorm Fest 2026 recibir\u00e1 el ya famoso <strong>Micr\u00f3fono de Bronce<\/strong> y un <strong>premio monetario de 150.000 euros<\/strong>, 100.000 de ellos para el artista y 50.000 para el autor o autores. Para saber si se llevar\u00e1 tambi\u00e9n el billete a la pr\u00f3xima edici\u00f3n de <strong>Eurovisi\u00f3n<\/strong> en <strong>Viena <\/strong>habr\u00e1 que esperar a noviembre, cuando se celebre <a href=\"https:\/\/www.eldiario.es\/vertele\/noticias\/recuento-paises-eurovision-votacion-uer-expulsion-israel_1_12653973.html\" target=\"_blank\" data-mrf-recirculation=\"links-noticia\" class=\"link\" rel=\"nofollow noopener\">la votaci\u00f3n<\/a> en el seno de la <strong>Uni\u00f3n Europea de Radiodifusi\u00f3n<\/strong> sobre la participaci\u00f3n de Israel. RTVE ya ha anunciado que si se mantiene a la KAN israel\u00ed en el concurso, Espa\u00f1a no estar\u00e1.\n    <\/p>\n<p class=\"article-text\">\n        \u201cEs la quinta edici\u00f3n del que consideramos<strong> el festival de la m\u00fasica de nuestro pa\u00eds<\/strong>, que ha impulsado cerreras y que se ha convertido en todo un referente\u201d, ha celebrado <strong>Sergio Calder\u00f3n<\/strong>, el director de TVE.\n    <\/p>\n<p class=\"article-text\">\n        A su lado, el director del Benidorm Fest y nuevo jefe de la delegaci\u00f3n espa\u00f1ola en Eurovisi\u00f3n, <strong>C\u00e9sar Vallejo<\/strong>, ha asegurado que esta es la edici\u00f3n que \u201c<strong>va a consolidar al Benidorm Fest\u201d<\/strong>. \u201cCreo que podemos decir que es el camino para tener un festival de referencia en Espa\u00f1a, que sea la cita anual de la m\u00fasica. Hemos podido hablar con todas las discogr\u00e1ficas, peque\u00f1as y grandes, y hemos hecho una labor para <strong>generar una confianza en nosotros como motor de la industria musical<\/strong>\u201d, ha expresado.\n    <\/p>\n<p>    <strong>Los 18 concursantes del Benidorm Fest 2025:<\/strong><\/p>\n<p>    \u00b7 Asha<\/p>\n<p class=\"article-text\">\n        Asha es una artista nacida en Marruecos y criada entre culturas, una mezcla que es el eje de su propuesta musical. Ha colaborado con algunos de los artistas m\u00e1s reconocidos del panorama urbano. Su estilo musical es el pop contempor\u00e1neo con ra\u00edces mediterr\u00e1neas.\n    <\/p>\n<p class=\"article-text\">\n        \u201cEstar en el Benidorm Fest es incre\u00edble, es algo que no esperaba. Estoy muy emocionada, no he estado nunca delante de tanta gente\u201d, ha expresado nerviosa en la rueda de prensa.\n    <\/p>\n<blockquote class=\"twitter-tweet\" data-lang=\"es\"><p><a href=\"https:\/\/twitter.com\/X\/status\/1976300077271425441?ref_src=twsrc%5Etfw\" rel=\"nofollow noopener\" target=\"_blank\"><\/p><\/blockquote>\n<p>    \u00b7 Atyat<\/p>\n<p class=\"article-text\">\n        Cantante, bailarina y actriz que ha crecido sobre los escenarios actuando en musicales de gran nivel como Grease o Cats. En los \u00faltimos a\u00f1os ha desarrollado tambi\u00e9n una importante faceta como compositora. Es de madre espa\u00f1ola y padre egipcio, de ah\u00ed su ex\u00f3tico nombre.\n    <\/p>\n<p class=\"article-text\">\n        \u201cEstoy emocionada y agradecida, esto para m\u00ed es un sue\u00f1o\u201d, ha valorado en rueda de prensa. Para ella, dice \u201cla m\u00fasica lo es todo desde que tengo uso de raz\u00f3n\u201d.\n    <\/p>\n<blockquote class=\"twitter-tweet\" data-lang=\"es\"><p><a href=\"https:\/\/twitter.com\/X\/status\/1976300585855885404?ref_src=twsrc%5Etfw\" rel=\"nofollow noopener\" target=\"_blank\"><\/p><\/blockquote>\n<p>    \u00b7 Dani J<\/p>\n<p class=\"article-text\">\n        Nacido en Sevilla, Dani J es uno de los bachateros m\u00e1s conocidos de Europa. Lleva desde 2014 revolucionando el g\u00e9nero de la bachata, y realizando conciertos en todo el mundo.\n    <\/p>\n<p class=\"article-text\">\n        \u201cEspero que la gente aqu\u00ed en Espa\u00f1a mueva la cadera\u201d, ha celebrado, prometiendo llevar por primera vez al Benidorm Fest este g\u00e9nero musical.\n    <\/p>\n<blockquote class=\"twitter-tweet\" data-lang=\"es\"><p><a href=\"https:\/\/twitter.com\/X\/status\/1976301104012120080?ref_src=twsrc%5Etfw\" rel=\"nofollow noopener\" target=\"_blank\"><\/p><\/blockquote>\n<p>    \u00b7 Dora &amp; Marlon Collins<\/p>\n<p class=\"article-text\">\n        Dora y Marlon Collins componen un d\u00fao que mezcla el pop, el trap y la electr\u00f3nica. Ella es una artista emergente con ra\u00edces art\u00edsticas en su familia, ya que es hija de Bimba Bos\u00e9 y sobrina de Miguel Bos\u00e9.\n    <\/p>\n<p class=\"article-text\">\n        \u201cEstamos muy contentos de estar aqu\u00ed\u201d, han celebrado en rueda de prensa, desvelando que el origen de su grupo es la amistad. \u201cEstamos aqu\u00ed por y para crear m\u00fasica\u201d, han agregado.\n    <\/p>\n<blockquote class=\"twitter-tweet\" data-lang=\"es\"><p><a href=\"https:\/\/twitter.com\/X\/status\/1976301619466973681?ref_src=twsrc%5Etfw\" rel=\"nofollow noopener\" target=\"_blank\"><\/p><\/blockquote>\n<p>    \u00b7 Funambulista<\/p>\n<p class=\"article-text\">\n        Funambulista es una de las voces m\u00e1s reconocibles del pop espa\u00f1ol, con m\u00e1s de dos d\u00e9cadas de trayectoria y ocho discos publicados.\n    <\/p>\n<p class=\"article-text\">\n        \u201cVa a ser algo muy inspirador, es un gusto formar parte de esta aventura\u201d, ha dicho en un v\u00eddeo previo a su aparici\u00f3n en la rueda de prensa. Ya en el plat\u00f3 de RTVE, Diego Cantero, como se llama este cantautor murciano, ha agradecido poder vivir una experiencia nueva para \u00e9l. \u201cEstoy muy ilusionado por compartir con compa\u00f1eros este espacio. Vengo a reivindicar que s\u00ed hay espacio para la m\u00fasica en televisi\u00f3n\u201d, ha agregado.\n    <\/p>\n<blockquote class=\"twitter-tweet\" data-lang=\"es\"><p><a href=\"https:\/\/twitter.com\/X\/status\/1976302067149939089?ref_src=twsrc%5Etfw\" rel=\"nofollow noopener\" target=\"_blank\"><\/p><\/blockquote>\n<p>    \u00b7 Greg Taro<\/p>\n<p class=\"article-text\">\n        De Barcelona y ra\u00edces alemanas. Tiene experiencia eurovisiva, ya que compuso la canci\u00f3n de Alemania para Eurovisi\u00f3n. Adem\u00e1s es hermano de \u00c1lvaro Soler, que triunf\u00f3 entre otras con Sof\u00eda y El mismo Sol.\n    <\/p>\n<p class=\"article-text\">\n        \u201cHe decidido dar este paso porque estaba viviendo en Berl\u00edn, haciendo m\u00fasica en espa\u00f1ol, y me parec\u00eda el paso que ten\u00eda que dar. Hecho de menos Espa\u00f1a\u201d, ha contado.\n    <\/p>\n<blockquote class=\"twitter-tweet\" data-lang=\"es\"><p><a href=\"https:\/\/twitter.com\/X\/status\/1976302480746246501?ref_src=twsrc%5Etfw\" rel=\"nofollow noopener\" target=\"_blank\"><\/p><\/blockquote>\n<p>    \u00b7 Izan Llunas<\/p>\n<p class=\"article-text\">\n        Izan Llunas ha crecido y se ha criado rodeado de m\u00fasica, ya que es hijo del artista eurovisivo Marcos Llunas (1996). Tambi\u00e9n tiene experiencia en el mundo de la interpretaci\u00f3n, pues particip\u00f3 en la serie de Luis Miguel en Netflix dando vida al artista en su infancia.\n    <\/p>\n<p class=\"article-text\">\n        \u201cLa m\u00fasica me lo da todo. Desde el d\u00eda que nac\u00ed, estoy aqu\u00ed para esto\u201d, ha celebrado el joven artista.\n    <\/p>\n<blockquote class=\"twitter-tweet\" data-lang=\"es\"><p><a href=\"https:\/\/twitter.com\/X\/status\/1976303035971449214?ref_src=twsrc%5Etfw\" rel=\"nofollow noopener\" target=\"_blank\"><\/p><\/blockquote>\n<p>    \u00b7 Kenneth <\/p>\n<p class=\"article-text\">\n        Cantante y compositor espa\u00f1ol con ra\u00edces venezolanas, fue finalista de La Voz Kids. Ha crecido sobre los escenarios m\u00e1s grandes del pa\u00eds, ya que ha actuado con la famosa Orquesta Panorama.\n    <\/p>\n<p class=\"article-text\">\n        No me esperaba poder estar aqu\u00ed, me pill\u00f3 por sorpresa, pero estar en un escenario como este es un reto para m\u00ed. Puedo afrontarlo y voy a defenderlo con toda la fuerza que tengo. Quiero demostrarle a Espa\u00f1a entera que hay mucho talento en Galicia\u201c, ha comentado en la presentaci\u00f3n.\n    <\/p>\n<blockquote class=\"twitter-tweet\" data-lang=\"es\"><p><a href=\"https:\/\/twitter.com\/X\/status\/1976303505393479872?ref_src=twsrc%5Etfw\" rel=\"nofollow noopener\" target=\"_blank\"><\/p><\/blockquote>\n<p>    \u00b7 KITAI<\/p>\n<p class=\"article-text\">\n        KITAI son uno de los grupos m\u00e1s potentes y arriesgados del rock en espa\u00f1ol. Tienen una d\u00e9cada de trayectoria e incluso un r\u00e9cord Guinness por tocar durante 24 horas seguidas. Se autodenominan \u201clos obreros del rock\u201d.\n    <\/p>\n<p class=\"article-text\">\n        \u201cEstamos muy ilusionados. Venimos de un circuito totalmente diferente y tenemos muchas ganas de conocer y disfrutar de todo esto\u201d, han dicho. Afirman que les define el pop rock y \u201cla locura\u201d sobre el escenario. \u201cQueremos demostrar que el rock est\u00e1 de moda\u201d, han afirmado en rueda de prensa.\n    <\/p>\n<blockquote class=\"twitter-tweet\" data-lang=\"es\"><p><a href=\"https:\/\/twitter.com\/X\/status\/1976303904443781462?ref_src=twsrc%5Etfw\" rel=\"nofollow noopener\" target=\"_blank\"><\/p><\/blockquote>\n<p>    \u00b7 Ku Minerva<\/p>\n<p class=\"article-text\">\n        Ku Minerva es una figura ic\u00f3nica de la m\u00fasica dance en espa\u00f1ol, y una de las pioneras en la m\u00fasica electr\u00f3nica en el panorama nacional desde los 90. Su gran \u00e9xito es el conocido <strong>Estoy llorando por ti<\/strong>.\n    <\/p>\n<p class=\"article-text\">\n        \u201cTengo la oportunidad de que la gente me conozca, y conozca mi imagen, gracias al Benidorm Fest\u201d, ha comentado en la presentaci\u00f3n, muy agradecida. Afirma que quiere disfrutar y dar lo mejor de s\u00ed misma en esta \u201coportunidad \u00fanica\u201d para ella.\n    <\/p>\n<blockquote class=\"twitter-tweet\" data-lang=\"es\"><p><a href=\"https:\/\/twitter.com\/X\/status\/1976304489138467132?ref_src=twsrc%5Etfw\" rel=\"nofollow noopener\" target=\"_blank\"><\/p><\/blockquote>\n<p>    \u00b7 Luna Ki<\/p>\n<p class=\"article-text\">\n        Luna Ki es una artista con ra\u00edces cubanas y esp\u00edritu transgresor, con una propuesta que rompe fronteras. Form\u00f3 parte de la selecci\u00f3n del primer Benidorm Fest, pero protagoniz\u00f3 una pol\u00e9mica salida d\u00edas antes de levantar el tel\u00f3n porque no pod\u00eda cantar con autotune.\n    <\/p>\n<p class=\"article-text\">\n        \u201cVengo con un cambio en la m\u00fasica, en la est\u00e9tica y tambi\u00e9n personal\u201d, ha afirmado en su v\u00eddeo de presentaci\u00f3n. Ya en el plat\u00f3, ha reconocido que ha aprendido de sus errores. \u201cSiempre me equivoco, pero siempre aprendo\u201d, ha comentado, asegurando que recibi\u00f3 la invitaci\u00f3n de RTVE por sorpresa y que se ha pensado mucho volver al certamen. \u201cPresento un cambio musical radical, y es perfecto para m\u00ed. Ahora cantar\u00e9 sin autotune porque esta vez tengo una canci\u00f3n perfecta\u201d, se ha comprometido.\n    <\/p>\n<blockquote class=\"twitter-tweet\" data-lang=\"es\"><p><a href=\"https:\/\/twitter.com\/X\/status\/1976305167126401249?ref_src=twsrc%5Etfw\" rel=\"nofollow noopener\" target=\"_blank\"><\/p><\/blockquote>\n<p>    \u00b7 Mar\u00eda Le\u00f3n &amp; Julia Medina<\/p>\n<p class=\"article-text\">\n        Las artistas Mar\u00eda Le\u00f3n y Julia Medina conforman un d\u00fao musical lleno de carisma, talento y experiencia. La primera de ellas es una artista mexicana, mientras que la segunda es cantante y compositora gaditana salida de OT 2018.\n    <\/p>\n<p class=\"article-text\">\n        \u201cMe siento muy feliz y emocionada de formar parte del Benidorm Fest\u201d, ha asegurado en v\u00eddeo la artista mexicana. Medina, por su parte, ha desvelado que llevaba a\u00f1os intent\u00e1ndolo y que por fin le llega la oportunidad.\n    <\/p>\n<blockquote class=\"twitter-tweet\" data-lang=\"es\"><p><a href=\"https:\/\/twitter.com\/X\/status\/1976305966892154915?ref_src=twsrc%5Etfw\" rel=\"nofollow noopener\" target=\"_blank\"><\/p><\/blockquote>\n<p>    \u00b7 Mayo<\/p>\n<p class=\"article-text\">\n        Mayo ha sido presentado como una revelaci\u00f3n del pop electr\u00f3nico que est\u00e1 construyendo una carrera marcada por su personalidad. Es conocido por su participaci\u00f3n en OT 2023 como \u00c1lvaro Mayo.\n    <\/p>\n<p class=\"article-text\">\n        \u201cPara mostrar mi proyecto art\u00edstico no se me ocurre mejor sitio que el Benidorm Fest. Recibe a todo tipo de perfiles, y me hace much\u00edsima ilusi\u00f3n\u201d, ha reconocido. El artista ha prometido una propuesta divertida, juguetona y rompedora.\n    <\/p>\n<blockquote class=\"twitter-tweet\" data-lang=\"es\"><p><a href=\"https:\/\/twitter.com\/X\/status\/1976306560763609561?ref_src=twsrc%5Etfw\" rel=\"nofollow noopener\" target=\"_blank\"><\/p><\/blockquote>\n<p>    \u00b7 Mikel Herzog Jr<\/p>\n<p class=\"article-text\">\n        Mikel Herzog Jr es un cantante, m\u00fasico y actor que combina formaci\u00f3n cl\u00e1sica con pasi\u00f3n contempor\u00e1nea. Tiene experiencia en el teatro musical y en programas de televisi\u00f3n como <strong>Tu cara me suena<\/strong>, donde fue finalista en la \u00faltima edici\u00f3n. Como curiosidad, es hijo del eurovisivo Mikel Herzog y su madrina es Nina.\n    <\/p>\n<p class=\"article-text\">\n        \u201cEste es mi primer paso en solitario con un tema propio y me hace much\u00edsima ilusi\u00f3n\u201d, ha afirmado en la presentaci\u00f3n. Preguntado por si ser hijo de un artista que ha pasado por Eurovisi\u00f3n le supone m\u00e1s presi\u00f3n, ha reconocido que no, pero que s\u00ed es \u201cun reto de los grandes y una experiencia \u00fanica\u201d.\n    <\/p>\n<blockquote class=\"twitter-tweet\" data-lang=\"es\"><p><a href=\"https:\/\/twitter.com\/X\/status\/1976307186122006529?ref_src=twsrc%5Etfw\" rel=\"nofollow noopener\" target=\"_blank\"><\/p><\/blockquote>\n<p>    \u00b7 Miranda! &amp; Bailamam\u00e1<\/p>\n<p class=\"article-text\">\n        Miranda! &amp; Bailamam\u00e1 es una formaci\u00f3n compuesta por el d\u00fao argentino, que lleva poniendo banda sonora a varias generaciones, junto a \u00d3scar, uno de los componentes de Varry Brava.\n    <\/p>\n<p class=\"article-text\">\n        \u201cEstamos muy felices y emocionados de estar aqu\u00ed. Tenemos mucha ilusi\u00f3n por todo lo que nos esta pasando\u201d, han confesado los artistas argentinos. \u00d3scar, que ya particip\u00f3 en el primer Benidorm Fest con su grupo Varry Brava, ha afirmado que \u201cpensaba volver alg\u00fan a\u00f1o, pero no de esta manera\u201d.\n    <\/p>\n<blockquote class=\"twitter-tweet\" data-lang=\"es\"><p><a href=\"https:\/\/twitter.com\/X\/status\/1976307596488475119?ref_src=twsrc%5Etfw\" rel=\"nofollow noopener\" target=\"_blank\"><\/p><\/blockquote>\n<p>    \u00b7 Rosalinda<\/p>\n<p class=\"article-text\">\n        Rosalinda Gal\u00e1n ha sido presentada como una artista de sentimiento que reivindica la copla espa\u00f1ola. Lo hab\u00eda intentado en ediciones anteriores del Benidorm Fest, y le llega ahora la oportunidad.\n    <\/p>\n<p class=\"article-text\">\n        \u201cSoy de un pueblo de sevilla y llevo cantando copla desde los 5 a\u00f1os, so\u00f1ando con un momento como este\u201d, ha confesado en la presentaci\u00f3n.\n    <\/p>\n<blockquote class=\"twitter-tweet\" data-lang=\"es\"><p><a href=\"https:\/\/twitter.com\/X\/status\/1976308401484284086?ref_src=twsrc%5Etfw\" rel=\"nofollow noopener\" target=\"_blank\"><\/p><\/blockquote>\n<p>    \u00b7 The Quinquis<\/p>\n<p class=\"article-text\">\n        The Quinquis es un grupo que mezcla sonidos urbanos y electr\u00f3nicos que rescata el sonido \u201cquinqui\u201d de los a\u00f1os 70. Uno de ellos, Sergio, ya pis\u00f3 el Benidorm Fest hace dos a\u00f1os como miembro de Miss Caffe\u00edna.\n    <\/p>\n<p class=\"article-text\">\n        \u201cEsta experiencia va a ser un bombazo. Queremos disfrutar y sentirlo\u201d, ha expresado en el evento. Su grupo es una mezcla de Camar\u00f3n y Draft Punk. Prometen hacer bailar al p\u00fablico.\n    <\/p>\n<blockquote class=\"twitter-tweet\" data-lang=\"es\"><p><a href=\"https:\/\/twitter.com\/X\/status\/1976308876489400595?ref_src=twsrc%5Etfw\" rel=\"nofollow noopener\" target=\"_blank\"><\/p><\/blockquote>\n<p>    \u00b7 Tony Grox y Lucycalys<\/p>\n<p class=\"article-text\">\n        Formaci\u00f3n compuesta por el productor Tony Grox y la cantante Lucycalys. Su sonido es electroflamenco.\n    <\/p>\n<p>    <a href=\"https:\/\/www.eldiario.es\/vertele\/audiencias-tv\/miercoles-8-octubre-2025-sin-gluten-lidera-estreno-bate-record-10-anos-refuerza-dulce-momento-vive-la-1-rtve_1_12669129.html\" data-mrf-recirculation=\"saber-mas-abajo\" data-dl-event=\"saber-mas-abajo\" rel=\"nofollow noopener\" target=\"_blank\"><\/p>\n<p class=\"know-more__title\">&#8216;Sin gluten&#8217; (17%) triunfa en su estreno, bate un r\u00e9cord de hace 10 a\u00f1os y refuerza el dulce momento que vive La 1 de RTVE\n<\/p>\n<p>            <img decoding=\"async\" class=\"lazy\" loading=\"lazy\" data-src=\"https:\/\/static.eldiario.es\/clip\/a7bbe469-5938-4ed9-8cb4-149ff24ac5d0_16-9-aspect-ratio_default_0.jpg\" src=\"data:image\/svg+xml,%3Csvg xmlns=\" http:=\"\" viewbox=\"0 0 880 495\" alt=\"'Sin gluten' (17%) triunfa en su estreno, bate un r\u00e9cord de hace 10 a\u00f1os y refuerza el dulce momento que vive La 1 de RTVE\"\/><\/p>\n<p>                        <\/a><\/p>\n<p class=\"article-text\">\n        \u201cNuestro estilo es un concepto que llevamos haciendo muchos a\u00f1os\u201d, han explicado.\n    <\/p>\n<blockquote class=\"twitter-tweet\" data-lang=\"es\"><p><a href=\"https:\/\/twitter.com\/X\/status\/1976309336474255378?ref_src=twsrc%5Etfw\" rel=\"nofollow noopener\" target=\"_blank\"><\/p><\/blockquote>\n<p>                                    <script async src=\"https:\/\/platform.twitter.com\/widgets.js\" charset=\"utf-8\"><\/script><\/p>\n","protected":false},"excerpt":{"rendered":"El Benidorm Fest 2026 tiene ya a sus 18 participantes. RTVE ha anunciado este jueves 9 de octubre&hellip;\n","protected":false},"author":2,"featured_media":166448,"comment_status":"","ping_status":"","sticky":false,"template":"","format":"standard","meta":{"footnotes":""},"categories":[5],"tags":[13283,3076,505,7092,48896,28178,17,18,25,24,8196,13,14,4139,48895,11,3983,19,20,9,10,15,16,221,2782,48897,23,12,603,21,22],"class_list":{"0":"post-166447","1":"post","2":"type-post","3":"status-publish","4":"format-standard","5":"has-post-thumbnail","7":"category-titulares","8":"tag-13283","9":"tag-3076","10":"tag-artistas","11":"tag-benidorm","12":"tag-bimba","13":"tag-bose","14":"tag-breaking-news","15":"tag-breakingnews","16":"tag-es","17":"tag-espana","18":"tag-ex","19":"tag-featured-news","20":"tag-featurednews","21":"tag-fest","22":"tag-funambulista","23":"tag-headlines","24":"tag-hija","25":"tag-latest-news","26":"tag-latestnews","27":"tag-news","28":"tag-noticias","29":"tag-noticias-destacadas","30":"tag-noticiasdestacadas","31":"tag-ot","32":"tag-presenta","33":"tag-salidos","34":"tag-spain","35":"tag-titulares","36":"tag-tres","37":"tag-ultimas-noticias","38":"tag-ultimasnoticias"},"share_on_mastodon":{"url":"","error":""},"_links":{"self":[{"href":"https:\/\/www.europesays.com\/es\/wp-json\/wp\/v2\/posts\/166447","targetHints":{"allow":["GET"]}}],"collection":[{"href":"https:\/\/www.europesays.com\/es\/wp-json\/wp\/v2\/posts"}],"about":[{"href":"https:\/\/www.europesays.com\/es\/wp-json\/wp\/v2\/types\/post"}],"author":[{"embeddable":true,"href":"https:\/\/www.europesays.com\/es\/wp-json\/wp\/v2\/users\/2"}],"replies":[{"embeddable":true,"href":"https:\/\/www.europesays.com\/es\/wp-json\/wp\/v2\/comments?post=166447"}],"version-history":[{"count":0,"href":"https:\/\/www.europesays.com\/es\/wp-json\/wp\/v2\/posts\/166447\/revisions"}],"wp:featuredmedia":[{"embeddable":true,"href":"https:\/\/www.europesays.com\/es\/wp-json\/wp\/v2\/media\/166448"}],"wp:attachment":[{"href":"https:\/\/www.europesays.com\/es\/wp-json\/wp\/v2\/media?parent=166447"}],"wp:term":[{"taxonomy":"category","embeddable":true,"href":"https:\/\/www.europesays.com\/es\/wp-json\/wp\/v2\/categories?post=166447"},{"taxonomy":"post_tag","embeddable":true,"href":"https:\/\/www.europesays.com\/es\/wp-json\/wp\/v2\/tags?post=166447"}],"curies":[{"name":"wp","href":"https:\/\/api.w.org\/{rel}","templated":true}]}}