{"id":166449,"date":"2025-10-10T02:10:08","date_gmt":"2025-10-10T02:10:08","guid":{"rendered":"https:\/\/www.europesays.com\/es\/166449\/"},"modified":"2025-10-10T02:10:08","modified_gmt":"2025-10-10T02:10:08","slug":"joaquin-perez-del-confia-base-oviedo-de-balonmano-ante-el-partido-de-manana-es-una-final","status":"publish","type":"post","link":"https:\/\/www.europesays.com\/es\/166449\/","title":{"rendered":"Joaqu\u00edn P\u00e9rez, del Conf\u00eda Base Oviedo de balonmano, ante el partido de ma\u00f1ana: \u00abEs una final\u00bb"},"content":{"rendered":"<p class=\"ft-text\">Joaqu\u00edn P\u00e9rez es uno de los muchos canteranos con los que cuenta el Conf\u00eda Base Oviedo en su platilla para afrontar el regreso a Divisi\u00f3n de Honor Plata. El equipo asturiano ha sumado dos empates en casa, en dos encuentros de infarto, y sigue sin conocer la victoria. El pasado fin de semana, cayeron (35-31) en la cancha del Cajasol Sevilla en un partido que Joaqu\u00edn P\u00e9rez reconoce que fue \u00abdif\u00edcil\u00bb: \u00abTuvimos enfrente a un rival que nos puso las cosas muy dif\u00edciles\u00bb, a\u00f1ade.<\/p>\n<p class=\"ft-text\">El jugador ha cambiado este a\u00f1o su posici\u00f3n, pasando de la primera l\u00ednea a jugar de extremo, algo con lo que asegura sentirse c\u00f3modo: \u00abEs una posici\u00f3n nueva y diferente a la de primera l\u00ednea, me estoy adaptando poco a poco en los entrenamientos, tratando de mejorar los detalles y la t\u00e9cnica\u00bb, a\u00f1ade.<\/p>\n<p class=\"ft-text\">La siguiente batalla para los de Oviedo llega ma\u00f1ana (18:30 horas) en Vallob\u00edn, donde recibir\u00e1n al Contazara Zaragoza: \u00abVa a ser otra final para nosotros, nos enfrentemoa a un gran equipo y espero que nos venga a apoyar toda la afici\u00f3n, adem\u00e1s tenemos las jornadas de balonmano en la calle por la ma\u00f1ana, as\u00ed que todos juntos esperamos sacar los dos primeros puntos de la temporada aqu\u00ed en Vallob\u00edn\u00bb.<\/p>\n","protected":false},"excerpt":{"rendered":"Joaqu\u00edn P\u00e9rez es uno de los muchos canteranos con los que cuenta el Conf\u00eda Base Oviedo en su&hellip;\n","protected":false},"author":2,"featured_media":166450,"comment_status":"","ping_status":"","sticky":false,"template":"","format":"standard","meta":{"footnotes":""},"categories":[278],"tags":[12232,376,5715,3279,168,25,24,10957,375,8488,1796,738,2525,23,167],"class_list":{"0":"post-166449","1":"post","2":"type-post","3":"status-publish","4":"format-standard","5":"has-post-thumbnail","7":"category-balonmano","8":"tag-asturiano","9":"tag-balonmano","10":"tag-base","11":"tag-confia","12":"tag-deportes","13":"tag-es","14":"tag-espana","15":"tag-fin-de-semana","16":"tag-handball","17":"tag-joaquin","18":"tag-oviedo","19":"tag-perez","20":"tag-plata","21":"tag-spain","22":"tag-sports"},"share_on_mastodon":{"url":"","error":""},"_links":{"self":[{"href":"https:\/\/www.europesays.com\/es\/wp-json\/wp\/v2\/posts\/166449","targetHints":{"allow":["GET"]}}],"collection":[{"href":"https:\/\/www.europesays.com\/es\/wp-json\/wp\/v2\/posts"}],"about":[{"href":"https:\/\/www.europesays.com\/es\/wp-json\/wp\/v2\/types\/post"}],"author":[{"embeddable":true,"href":"https:\/\/www.europesays.com\/es\/wp-json\/wp\/v2\/users\/2"}],"replies":[{"embeddable":true,"href":"https:\/\/www.europesays.com\/es\/wp-json\/wp\/v2\/comments?post=166449"}],"version-history":[{"count":0,"href":"https:\/\/www.europesays.com\/es\/wp-json\/wp\/v2\/posts\/166449\/revisions"}],"wp:featuredmedia":[{"embeddable":true,"href":"https:\/\/www.europesays.com\/es\/wp-json\/wp\/v2\/media\/166450"}],"wp:attachment":[{"href":"https:\/\/www.europesays.com\/es\/wp-json\/wp\/v2\/media?parent=166449"}],"wp:term":[{"taxonomy":"category","embeddable":true,"href":"https:\/\/www.europesays.com\/es\/wp-json\/wp\/v2\/categories?post=166449"},{"taxonomy":"post_tag","embeddable":true,"href":"https:\/\/www.europesays.com\/es\/wp-json\/wp\/v2\/tags?post=166449"}],"curies":[{"name":"wp","href":"https:\/\/api.w.org\/{rel}","templated":true}]}}