{"id":166482,"date":"2025-10-10T02:33:11","date_gmt":"2025-10-10T02:33:11","guid":{"rendered":"https:\/\/www.europesays.com\/es\/166482\/"},"modified":"2025-10-10T02:33:11","modified_gmt":"2025-10-10T02:33:11","slug":"destacada-actuacion-de-la-escuela-municipal-de-handball-en-necochea","status":"publish","type":"post","link":"https:\/\/www.europesays.com\/es\/166482\/","title":{"rendered":"Destacada actuaci\u00f3n de la Escuela Municipal de Handball en Necochea"},"content":{"rendered":"<p><a href=\"https:\/\/blogger.googleusercontent.com\/img\/b\/R29vZ2xl\/AVvXsEgtJffBkL89yYzR4NsvDFJV6OA2P20fhABX4s4Ot60fuAq5PvqxZKsS_5Eve7n2qSx8atlAyvhTG5WdmerFZv8PIefhbbW-I0CKZPX_HU4tcmQPmJmU2e0onTzDCKYTP6V7GQlTREmWNEirkighpIUvQpX47DH7cGoqoyD0A8fqSxyxtNdJD4ujUq_TJuE\/s1598\/handball.jpg\" imageanchor=\"1\" style=\"margin-left: 1em; margin-right: 1em;\" rel=\"nofollow noopener\" target=\"_blank\"><img loading=\"lazy\" decoding=\"async\" border=\"0\" data-original-height=\"1005\" data-original-width=\"1598\" height=\"402\" src=\"https:\/\/www.europesays.com\/es\/wp-content\/uploads\/2025\/10\/handball.jpg\" width=\"640\"\/><\/a>Los integrantes de la Escuela Municipal de Handball, dirigidos por el profesor Maximiliano La Rocca, participaron el pasado fin de semana en la quinta fecha del circuito organizado por la Asociaci\u00f3n Atl\u00e1ntica de Balonmano (AsABal), que se llev\u00f3 a cabo en Necochea.<\/p>\n<p>El encuentro tuvo lugar en las instalaciones del Colegio Humboldt y reuni\u00f3 a equipos locales, como Humboldt y Altamira, junto a Handball Necochea y Once Unidos de Mar del Plata.<\/p>\n<p>Durante la jornada, se disputaron cuatro encuentros por categor\u00eda \u2014Mini e Infantiles\u2014 bajo la modalidad todos contra todos, en canchas de 40 x 20 metros y con partidos de veinte minutos de duraci\u00f3n.<\/p>\n<p>La delegaci\u00f3n de Balcarce se destac\u00f3 en ambas categor\u00edas, sobresaliendo especialmente el equipo Mini Damas, que mostr\u00f3 un nivel de juego destacado y consolid\u00f3 un desempe\u00f1o memorable a lo largo de la competencia.<\/p>\n<p><a href=\"https:\/\/blogger.googleusercontent.com\/img\/b\/R29vZ2xl\/AVvXsEglaFMe4WNDv9ohfTk6dwe3EG0Fek6MCiC8kqGlDYLGMKIUdtK_-DhO7tz-gqtmRewcrlJD38NTLoFhi_tqeChyJ0yOS-d-yOIqeHG6b5NfuOro_GlKRun6A4FCsH1wpwYYKbPby-OLk5zc3sUlQnEdxJ7pg7mdcJOaWwlIn_1yHRYuqRLh322FX7g6V7c\/s1024\/WhatsApp-Image-2025-10-09-at-11.05.02-AM-1-1024x648.jpeg\" imageanchor=\"1\" style=\"margin-left: 1em; margin-right: 1em;\" rel=\"nofollow noopener\" target=\"_blank\"><img loading=\"lazy\" decoding=\"async\" border=\"0\" data-original-height=\"648\" data-original-width=\"1024\" height=\"406\" src=\"https:\/\/www.europesays.com\/es\/wp-content\/uploads\/2025\/10\/WhatsApp-Image-2025-10-09-at-11.05.02-AM-1-1024x648.jpeg\" width=\"640\"\/><\/a><br \/><a href=\"https:\/\/blogger.googleusercontent.com\/img\/b\/R29vZ2xl\/AVvXsEjNVlRiyCNuyR9byXbdD4lbn2VavrR0rbXuA8SRUV0cmAbmWRCYVYYKb8qbW9G1FozVPSIkE5LSBjm7Ih_OhdLKwXoh5ooPK5yPnilL2Zxi-YyRsn1CTL7zRcTG3CFowfc6NGmQsyhKdWXvitpLFXLJeNcLahNMQVfiGWgaiO40DRiUnrNgV7pWS6cRV20\/s1022\/WhatsApp-Image-2025-10-09-at-11.05.02-AM1-1024x1011.jpeg\" imageanchor=\"1\" style=\"margin-left: 1em; margin-right: 1em;\" rel=\"nofollow noopener\" target=\"_blank\"><img loading=\"lazy\" decoding=\"async\" border=\"0\" data-original-height=\"739\" data-original-width=\"1022\" height=\"462\" src=\"https:\/\/www.europesays.com\/es\/wp-content\/uploads\/2025\/10\/WhatsApp-Image-2025-10-09-at-11.05.02-AM1-1024x1011.jpeg\" width=\"640\"\/><\/a><\/p>\n","protected":false},"excerpt":{"rendered":"Los integrantes de la Escuela Municipal de Handball, dirigidos por el profesor Maximiliano La Rocca, participaron el pasado&hellip;\n","protected":false},"author":2,"featured_media":166483,"comment_status":"","ping_status":"","sticky":false,"template":"","format":"standard","meta":{"footnotes":""},"categories":[278],"tags":[376,168,25,24,375,23,167],"class_list":{"0":"post-166482","1":"post","2":"type-post","3":"status-publish","4":"format-standard","5":"has-post-thumbnail","7":"category-balonmano","8":"tag-balonmano","9":"tag-deportes","10":"tag-es","11":"tag-espana","12":"tag-handball","13":"tag-spain","14":"tag-sports"},"share_on_mastodon":{"url":"","error":""},"_links":{"self":[{"href":"https:\/\/www.europesays.com\/es\/wp-json\/wp\/v2\/posts\/166482","targetHints":{"allow":["GET"]}}],"collection":[{"href":"https:\/\/www.europesays.com\/es\/wp-json\/wp\/v2\/posts"}],"about":[{"href":"https:\/\/www.europesays.com\/es\/wp-json\/wp\/v2\/types\/post"}],"author":[{"embeddable":true,"href":"https:\/\/www.europesays.com\/es\/wp-json\/wp\/v2\/users\/2"}],"replies":[{"embeddable":true,"href":"https:\/\/www.europesays.com\/es\/wp-json\/wp\/v2\/comments?post=166482"}],"version-history":[{"count":0,"href":"https:\/\/www.europesays.com\/es\/wp-json\/wp\/v2\/posts\/166482\/revisions"}],"wp:featuredmedia":[{"embeddable":true,"href":"https:\/\/www.europesays.com\/es\/wp-json\/wp\/v2\/media\/166483"}],"wp:attachment":[{"href":"https:\/\/www.europesays.com\/es\/wp-json\/wp\/v2\/media?parent=166482"}],"wp:term":[{"taxonomy":"category","embeddable":true,"href":"https:\/\/www.europesays.com\/es\/wp-json\/wp\/v2\/categories?post=166482"},{"taxonomy":"post_tag","embeddable":true,"href":"https:\/\/www.europesays.com\/es\/wp-json\/wp\/v2\/tags?post=166482"}],"curies":[{"name":"wp","href":"https:\/\/api.w.org\/{rel}","templated":true}]}}