{"id":166484,"date":"2025-10-10T02:39:09","date_gmt":"2025-10-10T02:39:09","guid":{"rendered":"https:\/\/www.europesays.com\/es\/166484\/"},"modified":"2025-10-10T02:39:09","modified_gmt":"2025-10-10T02:39:09","slug":"la-f1-responde-a-las-quejas-de-los-pilotos-por-la-transmision-de-tv-en-singapur","status":"publish","type":"post","link":"https:\/\/www.europesays.com\/es\/166484\/","title":{"rendered":"La F1 responde a las quejas de los pilotos por la transmisi\u00f3n de TV en Singapur"},"content":{"rendered":"<p>Desde distintos sectores surgieron cr\u00edticas luego de la carrera en el Gran Premio de Singapur disputado el \u00faltimo fin de semana sobre c\u00f3mo se mostraron las im\u00e1genes.<\/p>\n<p>Varios duelos y momentos destacados no fueron emitidos en la transmisi\u00f3n debido a las decisiones de realizaci\u00f3n, lo que gener\u00f3 fuertes cuestionamientos.<\/p>\n<p><a href=\"https:\/\/lat.motorsport.com\/driver\/carlos-sainz\/463633\/\" target=\"_blank\" rel=\"noopener nofollow\">Carlos Sainz<\/a>, por ejemplo, puso en duda la cantidad de celebridades y parejas de pilotos que aparecieron en pantalla durante la carrera, mientras que su propia remontada \u2014con cinco adelantamientos\u2014 no fue mostrada en absoluto. A su juicio, la realizaci\u00f3n perdi\u00f3 de vista lo esencial: la acci\u00f3n en pista.<\/p>\n<p>\u00abSe est\u00e1 convirtiendo en una especie de tendencia, que probablemente funcion\u00f3 en una \u00e9poca en la que a la gente le interesaba ver las reacciones de nuestras parejas y famosos en la televisi\u00f3n2, se\u00f1al\u00f3 Sainz en el programa El Partidazo que se emite en Espa\u00f1a. Subray\u00f3 que no le parece raro que la realizaci\u00f3n muestre de vez en cuando la reacci\u00f3n de una celebridad o de la pareja de un piloto, \u00abpero solo si se respeta la competici\u00f3n y siempre se muestran los momentos m\u00e1s importantes de la carrera\u00bb.<\/p>\n<p>Las declaraciones de Sainz, entre otras, llevaron a que F\u00f3rmula 1 emitiera una respuesta, asegurando que su prioridad s\u00ed es centrarse en la competencia.<\/p>\n<p>\u00abSiempre nos enfocamos en ofrecer las mejores im\u00e1genes posibles de la carrera a nuestros fan\u00e1ticos y nunca hacemos concesiones en lo m\u00e1s importante: la acci\u00f3n en el circuito\u00bb, declar\u00f3 un portavoz de F1.<\/p>\n<p>\u00abNuestro equipo realiza un trabajo sobresaliente cubriendo una situaci\u00f3n muy compleja, con m\u00faltiples coches en diferentes sectores de la pista, y adem\u00e1s brinda excelentes momentos de contexto desde las tribunas, con invitados destacados y las locaciones donde competimos. Siempre aspiramos a la excelencia y a mejorar en lo que ofrecemos\u00bb.<\/p>\n<p><a href=\"https:\/\/lat.motorsport.com\/driver\/fernando-alonso\/463645\/\" target=\"_blank\" rel=\"noopener nofollow\">Fernando Alonso<\/a> tambi\u00e9n fue cr\u00edtico despu\u00e9s del GP de Singapur. En la transmisi\u00f3n televisiva se escuch\u00f3 un encendido mensaje de radio suyo dirigido a <a href=\"https:\/\/lat.motorsport.com\/driver\/lewis-hamilton\/464818\/\" target=\"_blank\" rel=\"noopener nofollow\">Lewis Hamilton<\/a>, pero no se mostr\u00f3 el incidente que lo origin\u00f3: un recorte de curvas por parte del piloto de Scuderia <a href=\"https:\/\/lat.motorsport.com\/team\/scuderia-ferrari\/25733\/\" target=\"_blank\" rel=\"noopener nofollow\">Ferrari<\/a>.<\/p>\n<p>\u00abAhora que ya han asegurado el protagonismo de los mensajes de radio, es momento de afinar la transmisi\u00f3n principal y llevar toda la tensi\u00f3n de la pista a los aficionados\u00bb, escribi\u00f3 el asturiano en la red social X.<\/p>\n<p>M\u00e1s de la F\u00f3rmula 1:<\/p>\n<p>            Queremos tu opini\u00f3n<\/p>\n<p class=\"mt-auto\">\u00bfQu\u00e9 le gustar\u00eda ver en Motorsport.com?<\/p>\n<p>            <a href=\"#\" class=\"ms-link text-link font-bold\">Responda a nuestra encuesta de 5 minutos.<\/a><\/p>\n<p class=\"mt-1 font-info text-body\">&#8211; El equipo de Motorsport.com<\/p>\n","protected":false},"excerpt":{"rendered":"Desde distintos sectores surgieron cr\u00edticas luego de la carrera en el Gran Premio de Singapur disputado el \u00faltimo&hellip;\n","protected":false},"author":2,"featured_media":166485,"comment_status":"","ping_status":"","sticky":false,"template":"","format":"standard","meta":{"footnotes":""},"categories":[270],"tags":[2103,2094,168,25,24,306,2096,271,272,1230,44837,48901,44838,23,167,308],"class_list":{"0":"post-166484","1":"post","2":"type-post","3":"status-publish","4":"format-standard","5":"has-post-thumbnail","7":"category-formula-1","8":"tag-alex-albon","9":"tag-aston-martin-racing","10":"tag-deportes","11":"tag-es","12":"tag-espana","13":"tag-f1","14":"tag-fernando-alonso","15":"tag-formula-1","16":"tag-formula1","17":"tag-fu00f3rmula-1","18":"tag-gp-de-singapur","19":"tag-la-f1-responde-a-las-quejas-de-los-pilotos-por-la-transmisiu00f3n-de-tv-en-singapur","20":"tag-marina-bay-street-circuit","21":"tag-spain","22":"tag-sports","23":"tag-williams"},"share_on_mastodon":{"url":"","error":""},"_links":{"self":[{"href":"https:\/\/www.europesays.com\/es\/wp-json\/wp\/v2\/posts\/166484","targetHints":{"allow":["GET"]}}],"collection":[{"href":"https:\/\/www.europesays.com\/es\/wp-json\/wp\/v2\/posts"}],"about":[{"href":"https:\/\/www.europesays.com\/es\/wp-json\/wp\/v2\/types\/post"}],"author":[{"embeddable":true,"href":"https:\/\/www.europesays.com\/es\/wp-json\/wp\/v2\/users\/2"}],"replies":[{"embeddable":true,"href":"https:\/\/www.europesays.com\/es\/wp-json\/wp\/v2\/comments?post=166484"}],"version-history":[{"count":0,"href":"https:\/\/www.europesays.com\/es\/wp-json\/wp\/v2\/posts\/166484\/revisions"}],"wp:featuredmedia":[{"embeddable":true,"href":"https:\/\/www.europesays.com\/es\/wp-json\/wp\/v2\/media\/166485"}],"wp:attachment":[{"href":"https:\/\/www.europesays.com\/es\/wp-json\/wp\/v2\/media?parent=166484"}],"wp:term":[{"taxonomy":"category","embeddable":true,"href":"https:\/\/www.europesays.com\/es\/wp-json\/wp\/v2\/categories?post=166484"},{"taxonomy":"post_tag","embeddable":true,"href":"https:\/\/www.europesays.com\/es\/wp-json\/wp\/v2\/tags?post=166484"}],"curies":[{"name":"wp","href":"https:\/\/api.w.org\/{rel}","templated":true}]}}