{"id":166488,"date":"2025-10-10T02:41:07","date_gmt":"2025-10-10T02:41:07","guid":{"rendered":"https:\/\/www.europesays.com\/es\/166488\/"},"modified":"2025-10-10T02:41:07","modified_gmt":"2025-10-10T02:41:07","slug":"abde-juega-70-minutos-y-amrabat-no-participa-en-el-amistoso-entre-marruecos-y-barein","status":"publish","type":"post","link":"https:\/\/www.europesays.com\/es\/166488\/","title":{"rendered":"Abde juega 70 minutos y Amrabat no participa en el amistoso entre Marruecos y Bar\u00e9in"},"content":{"rendered":"<p class=\"voc-p\" style=\"\">Abde fue titular y disput\u00f3 70 minutos en el encuentro amistoso que jug\u00f3 la selecci\u00f3n de <strong>Marruecos<\/strong> ante Bar\u00e9in en el Moulay Abdellah Sports Complex de Rabat en la noche de este jueves. El extremo verdiblanco es uno de los puntales ofensivos del combinado  &#8230; dirigido por Walid Regragui, que mantiene su confianza en este gran inicio de temporada. Mientras, Soufyan Amrabat estuvo en el banquillo de los suplentes pero no salt\u00f3 al c\u00e9sped.<\/p>\n<p class=\"voc-p\" style=\"\">La presencia de <strong>Abde<\/strong> revitaliz\u00f3 la ofensiva de Marruecos y estuvo muy activo durante todo el encuentro hasta que fue sustituido a 20 minutos del final por Oussama Targhalline. Mientras, <strong>Amrabat<\/strong> no particip\u00f3 en el encuentro tal y como estaba previsto dado que tras no poder jugar ante el Espanyol por las molestias musculares leves que sufr\u00eda se qued\u00f3 con su selecci\u00f3n para apoyar al equipo pero sin intervenir en este duelo amistoso.<\/p>\n<p class=\"voc-p\" style=\"\">El choque finaliz\u00f3 con el triunfo marroqu\u00ed por 1-0 gracias al tanto de <strong>El Yamiq<\/strong> en el minuto 94. Ahora Marruecos disputar\u00e1 su segundo partido en este par\u00f3n el martes 14 ante Congo, esta vez oficial en la fase de clasificaci\u00f3n para el Mundial aunque los alau\u00eds tienen ya el pasaporte para la cita del pr\u00f3ximo verano en Estados Unidos, M\u00e9xico y Canad\u00e1.<\/p>\n<p class=\"voc-p\" style=\"\">Abde podr\u00eda volver a tener minutos en ese duelo mientras que est\u00e1 por ver si el concurso de Amrabat se produce aunque en el Betis esperan que no se arriesgue y que pueda llegar entre el mi\u00e9rcoles y el jueves a Sevilla para preparar el choque del s\u00e1bado 18 ante el Villarreal.<\/p>\n<p>\nArt\u00edculo solo para suscriptores\n<\/p>\n<p>Reportar un error<\/p>\n","protected":false},"excerpt":{"rendered":"Abde fue titular y disput\u00f3 70 minutos en el encuentro amistoso que jug\u00f3 la selecci\u00f3n de Marruecos ante&hellip;\n","protected":false},"author":2,"featured_media":166489,"comment_status":"","ping_status":"","sticky":false,"template":"","format":"standard","meta":{"footnotes":""},"categories":[268],"tags":[36672,3331,32527,32712,168,25,24,280,282,4348,4485,1264,2846,281,23,167],"class_list":{"0":"post-166488","1":"post","2":"type-post","3":"status-publish","4":"format-standard","5":"has-post-thumbnail","7":"category-futbol","8":"tag-abde","9":"tag-amistoso","10":"tag-amrabat","11":"tag-barein","12":"tag-deportes","13":"tag-es","14":"tag-espana","15":"tag-football","16":"tag-futbol","17":"tag-juega","18":"tag-marruecos","19":"tag-minutos","20":"tag-participa","21":"tag-soccer","22":"tag-spain","23":"tag-sports"},"share_on_mastodon":{"url":"","error":""},"_links":{"self":[{"href":"https:\/\/www.europesays.com\/es\/wp-json\/wp\/v2\/posts\/166488","targetHints":{"allow":["GET"]}}],"collection":[{"href":"https:\/\/www.europesays.com\/es\/wp-json\/wp\/v2\/posts"}],"about":[{"href":"https:\/\/www.europesays.com\/es\/wp-json\/wp\/v2\/types\/post"}],"author":[{"embeddable":true,"href":"https:\/\/www.europesays.com\/es\/wp-json\/wp\/v2\/users\/2"}],"replies":[{"embeddable":true,"href":"https:\/\/www.europesays.com\/es\/wp-json\/wp\/v2\/comments?post=166488"}],"version-history":[{"count":0,"href":"https:\/\/www.europesays.com\/es\/wp-json\/wp\/v2\/posts\/166488\/revisions"}],"wp:featuredmedia":[{"embeddable":true,"href":"https:\/\/www.europesays.com\/es\/wp-json\/wp\/v2\/media\/166489"}],"wp:attachment":[{"href":"https:\/\/www.europesays.com\/es\/wp-json\/wp\/v2\/media?parent=166488"}],"wp:term":[{"taxonomy":"category","embeddable":true,"href":"https:\/\/www.europesays.com\/es\/wp-json\/wp\/v2\/categories?post=166488"},{"taxonomy":"post_tag","embeddable":true,"href":"https:\/\/www.europesays.com\/es\/wp-json\/wp\/v2\/tags?post=166488"}],"curies":[{"name":"wp","href":"https:\/\/api.w.org\/{rel}","templated":true}]}}