{"id":166492,"date":"2025-10-10T02:43:10","date_gmt":"2025-10-10T02:43:10","guid":{"rendered":"https:\/\/www.europesays.com\/es\/166492\/"},"modified":"2025-10-10T02:43:10","modified_gmt":"2025-10-10T02:43:10","slug":"mallorca-recuerda-con-una-muestra-la-escultura-que-miro-ideo-para-central-park","status":"publish","type":"post","link":"https:\/\/www.europesays.com\/es\/166492\/","title":{"rendered":"Mallorca recuerda con una muestra la escultura que Mir\u00f3 ide\u00f3 para Central Park"},"content":{"rendered":"<p>La memoria de una escultura que no pudo ser es el punto de partida de la exposici\u00f3n que presenta la <strong><a href=\"https:\/\/www.ultimahora.es\/etiqueta\/Fundaci%C3%B3+Mir%C3%B3+Mallorca.html?utm_source=Inline-tag&amp;utm_medium=internal\" rel=\"nofollow noopener\" target=\"_blank\">Fundaci\u00f3 Mir\u00f3 Mallorca<\/a><\/strong>: Un Mir\u00f3 a <a href=\"https:\/\/www.ultimahora.es\/etiqueta\/Central+Park.html?utm_source=Inline-tag&amp;utm_medium=internal\" rel=\"nofollow noopener\" target=\"_blank\">Central Park<\/a>. La propuesta se ha inaugurado en paralelo a de la de la <strong>Fundaci\u00f3 <a href=\"https:\/\/www.ultimahora.es\/etiqueta\/Joan+Mir%C3%B3.html?utm_source=Inline-tag&amp;utm_medium=internal\" rel=\"nofollow noopener\" target=\"_blank\">Joan Mir\u00f3<\/a> de Barcelona<\/strong>, titulada Mir\u00f3 i els Estats Units, centrada en la influencia del artista en ese pa\u00eds. El espacio palmesano decidi\u00f3 recuperar los <strong>bocetos<\/strong>, fotomontajes y cartas de un encargo que no lleg\u00f3 a materializarse: Femme Oiseau, una escultura dedicada a los ni\u00f1os en Central Park.<\/p>\n<p>La exposici\u00f3n, ubicada en la biblioteca de este centro de Palma y que cuenta con acceso gratuito, contiene dos vitrinas: una alberga la maqueta de la pieza y otra la documentaci\u00f3n del encargo, firmada por la comisaria del museo <strong>Guggenheim<\/strong> y miembro del <strong>New York City Cultural Council,<\/strong> Margit Rowell. <br \/>En la muestra, junto a la correspondencia, se exhiben tambi\u00e9n diferentes bocetos. Uno de ellos, del 22 de noviembre de 1972, da cuenta de las ideas iniciales del artista. Entre las im\u00e1genes, destacan fotograf\u00edas intervenidas por Mir\u00f3, as\u00ed como dibujos que revelan la evoluci\u00f3n de la pieza.<\/p>\n<p>Algunos de ellos dejan ver la<strong> colosalidad del proyecto<\/strong>, ya que aparece dibujada la silueta de una persona en contraste con la obra. Se tratar\u00eda, pues, de una escultura a gran escala, pensada para \u00abque los ni\u00f1os pudieran jugar con ella, no solo para ser contemplada\u00bb, seg\u00fan revela la <strong>correspondencia<\/strong>. El proyecto no se materializ\u00f3 por desacuerdos en el tama\u00f1o y en los materiales; mientras que la comisaria apostaba por una altura de unos tres metros, el artista prefer\u00eda algo m\u00e1s de 15.<\/p>\n<p>Entre las curiosidades que encontrar\u00e1 el visitante est\u00e1 la maqueta de la pieza, de 50 cent\u00edmetros de altura. De esa misma \u00e9poca son las <strong>escenograf\u00edas de Mori el Merma<\/strong> que se pueden ver en Es Baluard y con las que la obra guarda cierto parecido en las formas: las piernas mironianas convertidas en gruesos pilares. No en vano, la propia Rowell afirma, en una carta, que esas formas dotar\u00e1n a la pieza de mayor estabilidad.<\/p>\n<p>Cabe destacar que la escultura cambi\u00f3 de nombre a la par que iba ganando tama\u00f1o; el \u00faltimo que se baraj\u00f3 fue Femme davant la foule. La comisaria ha visitado este jueves el taller en el que trabajaban la maqueta, seg\u00fan se deduce de la correspondencia, en la que aparece citado el marchante americano de Mir\u00f3, <strong>Pierre Matisse.<\/strong><\/p>\n<p>Asimismo, en la vitrina se puede ver un plano con las posibles ubicaciones indicadas, todas en las inmediaciones de Central Park. Tambi\u00e9n destacan dos dibujos coloreados de forma distinta, pese a que en la maqueta finalmente se opt\u00f3 por unos<strong> \u00abcolores inspirados en los siurells<\/strong>\u00bb, seg\u00fan se\u00f1ala el texto curatorial.<\/p>\n<p><img loading=\"lazy\" decoding=\"async\" src=\"https:\/\/www.europesays.com\/es\/wp-content\/uploads\/2025\/10\/3506967.jpg\" border=\"0\" alt=\"La Fundaci\u00c3\u00b3n Mir\u00c3\u00b3 expone la relaci\u00c3\u00b3n de Mir\u00c3\u00b3 con EEUU\" width=\"2048\" height=\"1365\"\/>&#13;<br \/>\nLa Fundaci\u00f3 Joan Mir\u00f3 de Barcelona inaugur\u00f3 ayer la muestra en la que se inscribe la propuesta que se puede ver en Palma. Foto: ALEJANDRO GARC\u00cdA \/ EFE&#13;<\/p>\n<p>La directora de la Fundaci\u00f3 Mir\u00f3 Mallorca, <strong>Ant\u00f2nia Maria Perell\u00f3<\/strong>, destac\u00f3 \u00abla complicidad\u00bb de los espacios dedicados al artista, a la vez que record\u00f3 que \u00ablas tres fundaciones forman el tri\u00e1ngulo Mir\u00f3 y colaboramos a lo largo del a\u00f1o en diferentes actuaciones\u00bb. Perell\u00f3, que estuvo presente ayer en la presentaci\u00f3n de Mir\u00f3 i els Estats Units en la Ciudad Condal, que podr\u00e1 verse hasta el pr\u00f3ximo febrero en la ciudad y que muestra la influencia del catal\u00e1n en artistas americanos como <strong>Rothko o Krasner<\/strong>, que ve\u00edan en \u00e9l una fuente de inspiraci\u00f3n.<\/p>\n<p>Esta exhibici\u00f3n cuenta con el comisariado de <strong>Marko Daniel<\/strong>, director de la Mir\u00f3 de Barcelona, y alberga m\u00e1s de <strong>130 piezas<\/strong> que se complementan con las vitrinas de Palma, que nos recuerdan que el genio catal\u00e1n pudo ser el primer artista contempor\u00e1neo en tener una escultura ubicada en Central Park.<\/p>\n","protected":false},"excerpt":{"rendered":"La memoria de una escultura que no pudo ser es el punto de partida de la exposici\u00f3n que&hellip;\n","protected":false},"author":2,"featured_media":166493,"comment_status":"","ping_status":"","sticky":false,"template":"","format":"standard","meta":{"footnotes":""},"categories":[173],"tags":[229,1829,233,231,230,48905,209,30773,232,234,146,147,25,24,40873,11062,23],"class_list":{"0":"post-166492","1":"post","2":"type-post","3":"status-publish","4":"format-standard","5":"has-post-thumbnail","7":"category-arte-y-diseno","8":"tag-arte","9":"tag-arte-en-mallorca","10":"tag-arte-y-diseno","11":"tag-arts","12":"tag-arts-and-design","13":"tag-central-park","14":"tag-cultura","15":"tag-cultura-en-mallorca","16":"tag-design","17":"tag-diseno","18":"tag-entertainment","19":"tag-entretenimiento","20":"tag-es","21":"tag-espana","22":"tag-fundacio-miro-mallorca","23":"tag-joan-miro","24":"tag-spain"},"share_on_mastodon":{"url":"","error":""},"_links":{"self":[{"href":"https:\/\/www.europesays.com\/es\/wp-json\/wp\/v2\/posts\/166492","targetHints":{"allow":["GET"]}}],"collection":[{"href":"https:\/\/www.europesays.com\/es\/wp-json\/wp\/v2\/posts"}],"about":[{"href":"https:\/\/www.europesays.com\/es\/wp-json\/wp\/v2\/types\/post"}],"author":[{"embeddable":true,"href":"https:\/\/www.europesays.com\/es\/wp-json\/wp\/v2\/users\/2"}],"replies":[{"embeddable":true,"href":"https:\/\/www.europesays.com\/es\/wp-json\/wp\/v2\/comments?post=166492"}],"version-history":[{"count":0,"href":"https:\/\/www.europesays.com\/es\/wp-json\/wp\/v2\/posts\/166492\/revisions"}],"wp:featuredmedia":[{"embeddable":true,"href":"https:\/\/www.europesays.com\/es\/wp-json\/wp\/v2\/media\/166493"}],"wp:attachment":[{"href":"https:\/\/www.europesays.com\/es\/wp-json\/wp\/v2\/media?parent=166492"}],"wp:term":[{"taxonomy":"category","embeddable":true,"href":"https:\/\/www.europesays.com\/es\/wp-json\/wp\/v2\/categories?post=166492"},{"taxonomy":"post_tag","embeddable":true,"href":"https:\/\/www.europesays.com\/es\/wp-json\/wp\/v2\/tags?post=166492"}],"curies":[{"name":"wp","href":"https:\/\/api.w.org\/{rel}","templated":true}]}}