{"id":166538,"date":"2025-10-10T03:13:17","date_gmt":"2025-10-10T03:13:17","guid":{"rendered":"https:\/\/www.europesays.com\/es\/166538\/"},"modified":"2025-10-10T03:13:17","modified_gmt":"2025-10-10T03:13:17","slug":"la-invitada-que-brillo-en-la-gala-city-ballet","status":"publish","type":"post","link":"https:\/\/www.europesays.com\/es\/166538\/","title":{"rendered":"la invitada que brill\u00f3 en la Gala City Ballet"},"content":{"rendered":"<p data-journey-content=\"true\" data-node-id=\"0\" class=\"css-6wxqfj emevuu60\"><strong data-node-id=\"0.0\">Hay dos citas, entre otras muchas, que se celebran en Nueva York durante el a\u00f1o que nos capturan a las amantes y expertas en moda<\/strong>. Una es la Gala MET y otra es la Gala City Ballet, que se celebr\u00f3 ayer en la Gran Manzana. Una alfombra roja en la que una de las invitadas ha sido ni m\u00e1s ni menos que la gran <strong data-node-id=\"0.2\"><a href=\"https:\/\/www.elle.com\/es\/star-style\/noticias-famosos\/a65605702\/sarah-jessica-parker-looks-iconicos-carrie-bradshaw-sexo-en-nueva-york-and-just-like-that\/\" data-vars-ga-outbound-link=\"https:\/\/www.elle.com\/es\/star-style\/noticias-famosos\/a65605702\/sarah-jessica-parker-looks-iconicos-carrie-bradshaw-sexo-en-nueva-york-and-just-like-that\/\" data-vars-ga-ux-element=\"Hyperlink\" data-vars-ga-call-to-action=\"Sarah Jessica Parker\" data-node-id=\"0.2.0\" class=\"body-link css-103hk4r emevuu60\" rel=\"nofollow noopener\" target=\"_blank\">Sarah Jessica Parker<\/a><\/strong>, vestida con un espectacular dise\u00f1o con alas, <strong data-node-id=\"0.4\">obra de arte de<\/strong> <strong data-node-id=\"0.6\">Iris van Herpen<\/strong>, que destacaba por la innovaci\u00f3n y la arquitectura textil del vestido. Pero hubo otra invitada, much\u00edsimo menos conocida, que logr\u00f3 lo imposible, captar la atenci\u00f3n de todos los invitados y de toda la prenda europea presente: <strong data-node-id=\"0.8\"><a href=\"https:\/\/www.sophiewaldrop.com\/about\" target=\"_blank\" rel=\"nofollow noopener\" data-vars-ga-outbound-link=\"https:\/\/www.sophiewaldrop.com\/about\" data-vars-ga-ux-element=\"Hyperlink\" data-vars-ga-call-to-action=\"Sophie Waldrop.\" data-node-id=\"0.8.0\" class=\"body-link css-103hk4r emevuu60\">Sophie Waldrop.<\/a><\/strong> Su nombre, no nos suena de nada, pero ella es<strong data-node-id=\"0.10\"> la invitada con vestido de Zara <\/strong>que brill\u00f3 en la noche m\u00e1s elegante de Nueva York incluso estando all\u00ed presente Olivia Palermo.<\/p>\n<p data-journey-content=\"true\" data-node-id=\"1\" class=\"css-6wxqfj emevuu60\"><strong data-node-id=\"1.0\">Sophie Waldrop tiene 23 a\u00f1os, est\u00e1 reci\u00e9n graduada en arte avanzado en Georgia y realiza dibujos en grafito que tienen un gran \u00e9xito en Estados Unidos<\/strong>. Ella, invitada a esta gran cita neoyorquina, hizo lo que todas hubi\u00e9semos hecho en su situaci\u00f3n y con su presupuesto.<strong data-node-id=\"1.2\"> A falta de grandes estilistas a su servicio y showrooms, llev\u00f3 un vestido largo asim\u00e9trico en estampado degradado de la ense\u00f1a espa\u00f1ola<\/strong>. Y as\u00ed es como <strong data-node-id=\"1.4\"><a href=\"https:\/\/www.elle.com\/es\/zara-mujer-novedades\/\" data-vars-ga-outbound-link=\"https:\/\/www.elle.com\/es\/zara-mujer-novedades\/\" data-vars-ga-ux-element=\"Hyperlink\" data-vars-ga-call-to-action=\"Zara\" data-node-id=\"1.4.0\" class=\"body-link css-103hk4r emevuu60\" rel=\"nofollow noopener\" target=\"_blank\">Zara<\/a><\/strong> brill\u00f3 anoche con fuerza gracias a Sophie en el evento donde se daba cita toda<strong data-node-id=\"1.6\"> la Alta sociedad del Upper East Side y la industria del arte, la cultura y la moda. <\/strong><\/p>\n<p data-journey-content=\"true\" data-node-id=\"2\" class=\"css-6wxqfj emevuu60\"><strong data-node-id=\"2.0\">No podemos m\u00e1s que felicitar a Sophie Waldrop por no tener ning\u00fan tipo de complejo ante la vida y la situaci\u00f3n<\/strong>, en una fiesta con Sarah Jessica Parker vestida de &#8216;\u00e1ngel con alas&#8217; y muchas invitadas de Alta Costura.<strong data-node-id=\"2.2\"> Un dise\u00f1o de Zara perfecto para su edad<\/strong>, que combin\u00f3 con mucho gusto con pendientes de perlas en cascada y una gargantilla.<\/p>\n<p data-journey-content=\"true\" data-node-id=\"4\" class=\"css-6wxqfj emevuu60\">Unos <strong data-node-id=\"4.1\">salones &#8216;rockstud&#8217; de Valentino en azul clarito, dejando claro que, como buena neoyrquina su pasi\u00f3n son los zapatos de lujo<\/strong>, y un bolso marr\u00f3n.<\/p>\n<p>El look de Sophie Waldrop vestido de Zara en la City Ballet<img draggable=\"true\" alt=\"invitada de zara en city ballet elle\" title=\"invitada de zara en City Ballet elle\" loading=\"lazy\" width=\"2495\" height=\"3731\" decoding=\"async\" data-nimg=\"1\" style=\"color:transparent;width:100%;height:auto;\"   src=\"https:\/\/www.europesays.com\/es\/wp-content\/uploads\/2025\/10\/invitada-de-zara-en-city-ballet-elle-1-68e7844ec0730.jpg\" class=\"css-0 e1g79fud0\"\/><a target=\"_blank\" rel=\"noopener nofollow\" data-theme-key=\"base-link\" href=\"https:\/\/pinterest.com\/pin\/create\/button\/?url=https:\/\/www.elle.com\/es\/moda\/noticias\/a68966332\/zara-vestido-invitada-nueva-york-gala-city-ballet-sarah-jessica-parker\/&amp;description=- ElleSpain&amp;media=https:\/\/hips.hearstapps.com\/hmg-prod\/images\/invitada-de-zara-en-city-ballet-elle-1-68e7844ec0730.jpg?resize=1600:*\" class=\"pinterest css-on9hn5 e1c1bym14\"><img decoding=\"async\" data-dynamic-svg=\"true\" src=\"https:\/\/www.elle.com\/_assets\/design-tokens\/fre\/static\/icons\/social\/pinterest.e8cf655.svg?primary=%2523ffffff\" loading=\"lazy\" data-testid=\"dynamic-svg-base\" height=\"auto\" width=\"auto\" alt=\"pinterest\" class=\"css-4lml0h e1mlxuuw1\"\/><\/a><\/p>\n<p>Sean Zanni<\/p>\n<p data-journey-content=\"true\" data-node-id=\"7\" class=\"css-6wxqfj emevuu60\">Se trata de un <strong data-node-id=\"7.1\">vestido de Zara de oto\u00f1o de 2024<\/strong> que ya ten\u00eda en su armario<\/p>\n<p><img draggable=\"true\" alt=\"vestido de zara\" title=\"Vestido de Zara\" loading=\"lazy\" width=\"615\" height=\"820\" decoding=\"async\" data-nimg=\"1\" style=\"color:transparent;width:100%;height:auto;\"   src=\"https:\/\/www.europesays.com\/es\/wp-content\/uploads\/2025\/10\/vetsido-de-zara-1-68e78662e222d.jpg\" class=\"css-0 e1g79fud0\"\/><a target=\"_blank\" rel=\"noopener nofollow\" data-theme-key=\"base-link\" href=\"https:\/\/pinterest.com\/pin\/create\/button\/?url=https:\/\/www.elle.com\/es\/moda\/noticias\/a68966332\/zara-vestido-invitada-nueva-york-gala-city-ballet-sarah-jessica-parker\/&amp;description=- ElleSpain&amp;media=https:\/\/hips.hearstapps.com\/hmg-prod\/images\/vetsido-de-zara-1-68e78662e222d.jpg?resize=1600:*\" class=\"pinterest css-on9hn5 e1c1bym14\"><img decoding=\"async\" data-dynamic-svg=\"true\" src=\"https:\/\/www.elle.com\/_assets\/design-tokens\/fre\/static\/icons\/social\/pinterest.e8cf655.svg?primary=%2523ffffff\" loading=\"lazy\" data-testid=\"dynamic-svg-base\" height=\"auto\" width=\"auto\" alt=\"pinterest\" class=\"css-4lml0h e1mlxuuw1\"\/><\/a><\/p>\n<p>Cortesia Zara<\/p>\n<p><img draggable=\"true\" alt=\"vestido de zara\" title=\"Vestido de Zara\" loading=\"lazy\" width=\"1920\" height=\"2880\" decoding=\"async\" data-nimg=\"1\" style=\"color:transparent;width:100%;height:auto;\"   src=\"https:\/\/www.europesays.com\/es\/wp-content\/uploads\/2025\/10\/vetsido-de-zara-2-68e7866198ac0.jpg\" class=\"css-0 e1g79fud0\"\/><a target=\"_blank\" rel=\"noopener nofollow\" data-theme-key=\"base-link\" href=\"https:\/\/pinterest.com\/pin\/create\/button\/?url=https:\/\/www.elle.com\/es\/moda\/noticias\/a68966332\/zara-vestido-invitada-nueva-york-gala-city-ballet-sarah-jessica-parker\/&amp;description=- ElleSpain&amp;media=https:\/\/hips.hearstapps.com\/hmg-prod\/images\/vetsido-de-zara-2-68e7866198ac0.jpg?resize=1600:*\" class=\"pinterest css-on9hn5 e1c1bym14\"><img decoding=\"async\" data-dynamic-svg=\"true\" src=\"https:\/\/www.elle.com\/_assets\/design-tokens\/fre\/static\/icons\/social\/pinterest.e8cf655.svg?primary=%2523ffffff\" loading=\"lazy\" data-testid=\"dynamic-svg-base\" height=\"auto\" width=\"auto\" alt=\"pinterest\" class=\"css-4lml0h e1mlxuuw1\"\/><\/a><\/p>\n<p>Cortesia Zara<\/p>\n<p>El look de Sarah Jessica Parker de <strong data-node-id=\"11.1\">Iris van Herpen<\/strong><img draggable=\"true\" alt=\"sarah jessica parker de \ufeff iris van herpen\" title=\" Sarah Jessica Parker de \ufeff Iris van Herpen\" loading=\"lazy\" width=\"2326\" height=\"3100\" decoding=\"async\" data-nimg=\"1\" style=\"color:transparent;width:100%;height:auto;\"   src=\"https:\/\/www.europesays.com\/es\/wp-content\/uploads\/2025\/10\/sarah-jessica-parker-de-iris-van-herpen-68e784dad08ef.jpg\" class=\"css-0 e1g79fud0\"\/><a target=\"_blank\" rel=\"noopener nofollow\" data-theme-key=\"base-link\" href=\"https:\/\/pinterest.com\/pin\/create\/button\/?url=https:\/\/www.elle.com\/es\/moda\/noticias\/a68966332\/zara-vestido-invitada-nueva-york-gala-city-ballet-sarah-jessica-parker\/&amp;description=- ElleSpain&amp;media=https:\/\/hips.hearstapps.com\/hmg-prod\/images\/sarah-jessica-parker-de-iris-van-herpen-68e784dad08ef.jpg?resize=1600:*\" class=\"pinterest css-on9hn5 e1c1bym14\"><img decoding=\"async\" data-dynamic-svg=\"true\" src=\"https:\/\/www.elle.com\/_assets\/design-tokens\/fre\/static\/icons\/social\/pinterest.e8cf655.svg?primary=%2523ffffff\" loading=\"lazy\" data-testid=\"dynamic-svg-base\" height=\"auto\" width=\"auto\" alt=\"pinterest\" class=\"css-4lml0h e1mlxuuw1\"\/><\/a><\/p>\n<p>BG048\/Bauer-Griffin<\/p>\n<p><img src=\"https:\/\/www.europesays.com\/es\/wp-content\/uploads\/2025\/10\/1760065997_700_d87bcd66-0484-4385-a508-98d9bf758058_1548085786.jpg\" alt=\"Headshot of Paula Llanos\" title=\"Headshot of Paula Llanos\" width=\"100%\" height=\"100%\" decoding=\"async\" loading=\"lazy\" class=\"css-o0wq4v ev8dhu53\"\/><\/p>\n<p>Paula Llanos es Jefa de moda en ELLE.es. Licenciada en Periodismo en la Universidad Pontificia de Salamanca, con experiencia en prensa escrita, radio y televisi\u00f3n pero con total vocaci\u00f3n digital. Desde el a\u00f1o 2000 (18 a\u00f1os) \u00a0en internet, en prensa femenina 13 a\u00f1os y 10 a\u00f1os en Elle.es Adicta a la moda, las compras e Instagram. Experta en crear necesidades e identificar prendas y accesorios con una sola foto y en hacer titulares con juegos de palabras.<\/p>\n","protected":false},"excerpt":{"rendered":"Hay dos citas, entre otras muchas, que se celebran en Nueva York durante el a\u00f1o que nos capturan&hellip;\n","protected":false},"author":2,"featured_media":166539,"comment_status":"","ping_status":"","sticky":false,"template":"","format":"standard","meta":{"footnotes":""},"categories":[91],"tags":[253,146,147,25,24,23],"class_list":{"0":"post-166538","1":"post","2":"type-post","3":"status-publish","4":"format-standard","5":"has-post-thumbnail","7":"category-entretenimiento","8":"tag-discover","9":"tag-entertainment","10":"tag-entretenimiento","11":"tag-es","12":"tag-espana","13":"tag-spain"},"share_on_mastodon":{"url":"","error":""},"_links":{"self":[{"href":"https:\/\/www.europesays.com\/es\/wp-json\/wp\/v2\/posts\/166538","targetHints":{"allow":["GET"]}}],"collection":[{"href":"https:\/\/www.europesays.com\/es\/wp-json\/wp\/v2\/posts"}],"about":[{"href":"https:\/\/www.europesays.com\/es\/wp-json\/wp\/v2\/types\/post"}],"author":[{"embeddable":true,"href":"https:\/\/www.europesays.com\/es\/wp-json\/wp\/v2\/users\/2"}],"replies":[{"embeddable":true,"href":"https:\/\/www.europesays.com\/es\/wp-json\/wp\/v2\/comments?post=166538"}],"version-history":[{"count":0,"href":"https:\/\/www.europesays.com\/es\/wp-json\/wp\/v2\/posts\/166538\/revisions"}],"wp:featuredmedia":[{"embeddable":true,"href":"https:\/\/www.europesays.com\/es\/wp-json\/wp\/v2\/media\/166539"}],"wp:attachment":[{"href":"https:\/\/www.europesays.com\/es\/wp-json\/wp\/v2\/media?parent=166538"}],"wp:term":[{"taxonomy":"category","embeddable":true,"href":"https:\/\/www.europesays.com\/es\/wp-json\/wp\/v2\/categories?post=166538"},{"taxonomy":"post_tag","embeddable":true,"href":"https:\/\/www.europesays.com\/es\/wp-json\/wp\/v2\/tags?post=166538"}],"curies":[{"name":"wp","href":"https:\/\/api.w.org\/{rel}","templated":true}]}}