{"id":166600,"date":"2025-10-10T03:55:13","date_gmt":"2025-10-10T03:55:13","guid":{"rendered":"https:\/\/www.europesays.com\/es\/166600\/"},"modified":"2025-10-10T03:55:13","modified_gmt":"2025-10-10T03:55:13","slug":"que-dice-la-inesperada-mencion-al-real-madrid-en-la-nueva-cancion-de-taylor-swift","status":"publish","type":"post","link":"https:\/\/www.europesays.com\/es\/166600\/","title":{"rendered":"Qu\u00e9 dice la inesperada menci\u00f3n al Real Madrid en la nueva canci\u00f3n de Taylor Swift"},"content":{"rendered":"<p>Hoy se ha publicado The Life of a Show Girl, el duod\u00e9cimo \u00e1lbum de Taylor Swift, y los fans ya analizan cada verso. Entre alegor\u00edas y gui\u00f1os para iniciados, irrumpe una referencia muy clara: el Real Madrid aparece como s\u00edmbolo del \u00e9xito y del dinero a gran escala. \u00bfQu\u00e9 hay detr\u00e1s de este gui\u00f1o?<\/p>\n<p>Por qu\u00e9 Taylor Swift menciona al Real Madrid en su nueva canci\u00f3n<\/p>\n<p>La menci\u00f3n llega en \u201cWi$h Li$t\u201d, la octava canci\u00f3n del disco. La pieza gira en torno a metas de quien vive en la cima del estrellato: premios mayores y contratos de \u00e9lite. En la traducci\u00f3n facilitada, se lee literalmente: \u00abQuieren esa libertad, vivir fuera del sistema. Quieren esos tres perros a los que llaman sus hijos. Y ese buen surf, sin hip\u00f3critas. Lo quieren todo. Quieren un contrato con el Real Madrid\u00bb.<\/p>\n<p>La alusi\u00f3n encaja con el imaginario de lujo que atraviesa el \u00e1lbum. Swift, con fama global y una gira que impuls\u00f3 la econom\u00eda de su pa\u00eds, sabe reconocer un buen negocio; de ah\u00ed que la referencia pueda interpretarse como un gui\u00f1o elogioso al club madrile\u00f1o.<\/p>\n<p>El disco explora el glamour, la fama absoluta y la idea de reencontrar el amor. Swift reparte migas y pistas, un juego habitual con su audiencia: a veces habla en clave, otras abre la ventana para todos. Aqu\u00ed, la ventana es n\u00edtida y pasa por un nombre propio del f\u00fatbol europeo. Se apunta, adem\u00e1s, que su paso por el Santiago Bernab\u00e9u durante The Eras Tour en mayo de 2024 pudo quedar grabado en la memoria colectiva swiftie. No hay confirmaci\u00f3n de que la letra se\u00f1ale a personas concretas, pero el debate ya est\u00e1 servido. Y s\u00ed, el tema da conversaci\u00f3n para rato.<\/p>\n<p>C\u00f3mo encaja la referencia al Real Madrid en el relato del lujo<\/p>\n<p>El verso sit\u00faa al Real Madrid junto a metas como grandes premios cinematogr\u00e1ficos. El mensaje es claro: para quien vive \u201cfuera del sistema\u201d, el contrato ideal tambi\u00e9n se asocia con marcas de prestigio global. Por consiguiente, el club act\u00faa como met\u00e1fora de ambici\u00f3n y poder financiero.<\/p>\n<p>\u00bfSe habla de alguien en concreto? Por ahora no est\u00e1 claro. En otros cortes del disco se se\u00f1alan posibles gui\u00f1os a colegas de industria, pero aqu\u00ed la lectura dominante es simb\u00f3lica. Posteriormente, los analistas de su obra dir\u00e1n la \u00faltima palabra; entretanto, el p\u00fablico hace lo suyo: escuchar, comparar y debatir. A modo de gu\u00eda r\u00e1pida, estas claves ayudan a entender el nuevo tema:<\/p>\n<ul class=\"wp-block-list\">\n<li>El \u00e1lbum apuesta por un relato de lujo y fama; \u201cWi$h Li$t\u201d resume ese imaginario con metas y contratos; el Real Madrid opera como emblema econ\u00f3mico; su concierto en el Bernab\u00e9u en 2024 a\u00f1ade contexto; no hay confirmaci\u00f3n de destinatarios concretos.<\/li>\n<\/ul>\n<p>En definitiva, la cantante (presentada como la m\u00e1s rica de su \u00e1mbito y con una gira largu\u00edsima) mueve piezas que todos reconocen: glamour, negocio y aspiraciones m\u00e1ximas. Ah\u00ed es nada. Y t\u00fa, \u00bfc\u00f3mo interpretas ese verso? Entra en nuestra <strong><a href=\"https:\/\/madridinforma.eldiario.es\/actualidad\/\" rel=\"nofollow noopener\" target=\"_blank\">secci\u00f3n de actualidad<\/a><\/strong> para conocer otras noticias curiosas.<\/p>\n","protected":false},"excerpt":{"rendered":"Hoy se ha publicado The Life of a Show Girl, el duod\u00e9cimo \u00e1lbum de Taylor Swift, y los&hellip;\n","protected":false},"author":2,"featured_media":166601,"comment_status":"","ping_status":"","sticky":false,"template":"","format":"standard","meta":{"footnotes":""},"categories":[170],"tags":[517,146,147,25,24,184,185,23],"class_list":{"0":"post-166600","1":"post","2":"type-post","3":"status-publish","4":"format-standard","5":"has-post-thumbnail","7":"category-musica","8":"tag-actualidad","9":"tag-entertainment","10":"tag-entretenimiento","11":"tag-es","12":"tag-espana","13":"tag-music","14":"tag-musica","15":"tag-spain"},"share_on_mastodon":{"url":"","error":""},"_links":{"self":[{"href":"https:\/\/www.europesays.com\/es\/wp-json\/wp\/v2\/posts\/166600","targetHints":{"allow":["GET"]}}],"collection":[{"href":"https:\/\/www.europesays.com\/es\/wp-json\/wp\/v2\/posts"}],"about":[{"href":"https:\/\/www.europesays.com\/es\/wp-json\/wp\/v2\/types\/post"}],"author":[{"embeddable":true,"href":"https:\/\/www.europesays.com\/es\/wp-json\/wp\/v2\/users\/2"}],"replies":[{"embeddable":true,"href":"https:\/\/www.europesays.com\/es\/wp-json\/wp\/v2\/comments?post=166600"}],"version-history":[{"count":0,"href":"https:\/\/www.europesays.com\/es\/wp-json\/wp\/v2\/posts\/166600\/revisions"}],"wp:featuredmedia":[{"embeddable":true,"href":"https:\/\/www.europesays.com\/es\/wp-json\/wp\/v2\/media\/166601"}],"wp:attachment":[{"href":"https:\/\/www.europesays.com\/es\/wp-json\/wp\/v2\/media?parent=166600"}],"wp:term":[{"taxonomy":"category","embeddable":true,"href":"https:\/\/www.europesays.com\/es\/wp-json\/wp\/v2\/categories?post=166600"},{"taxonomy":"post_tag","embeddable":true,"href":"https:\/\/www.europesays.com\/es\/wp-json\/wp\/v2\/tags?post=166600"}],"curies":[{"name":"wp","href":"https:\/\/api.w.org\/{rel}","templated":true}]}}