{"id":166610,"date":"2025-10-10T04:01:08","date_gmt":"2025-10-10T04:01:08","guid":{"rendered":"https:\/\/www.europesays.com\/es\/166610\/"},"modified":"2025-10-10T04:01:08","modified_gmt":"2025-10-10T04:01:08","slug":"la-opa-a-pie-de-oficina-los-clientes-del-bbva-y-el-sabadell-replican-el-relato-de-los-grandes-jefes-economia","status":"publish","type":"post","link":"https:\/\/www.europesays.com\/es\/166610\/","title":{"rendered":"La opa a pie de oficina: los clientes del BBVA y el Sabadell replican el relato de los grandes jefes | Econom\u00eda"},"content":{"rendered":"<p class=\"\">La batalla por el relato entre el <a href=\"https:\/\/elpais.com\/noticias\/bbva-banco-bilbao-vizcaya-argentaria\/\" target=\"_blank\" rel=\"nofollow noopener\" title=\"https:\/\/elpais.com\/noticias\/bbva-banco-bilbao-vizcaya-argentaria\/\">BBVA<\/a> y el <a href=\"https:\/\/elpais.com\/noticias\/banco-sabadell\/\" target=\"_blank\" rel=\"nofollow noopener\" title=\"https:\/\/elpais.com\/noticias\/banco-sabadell\/\">Sabadell<\/a> se traslada a las oficinas y a pie de cajero. A pocas horas de que termine el plazo de aceptaci\u00f3n por parte de los accionistas del Banco Sabadell a la <a href=\"https:\/\/elpais.com\/noticias\/opa-oferta-publica-adquisicion\/\" target=\"_blank\" rel=\"nofollow noopener\" title=\"https:\/\/elpais.com\/noticias\/opa-oferta-publica-adquisicion\/\">opa<\/a> lanzada por el BBVA, empleados y clientes de uno y otro banco replican en su mayor parte los argumentos y posturas mantenidas por los altos directivos ante una de las operaciones bancarias m\u00e1s importantes del siglo. <a href=\"https:\/\/elpais.com\/espana\/catalunya\/2025-06-09\/eficiencia-arraigo-y-libre-competencia-el-choque-de-argumentos-a-favor-y-en-contra-de-la-opa-al-sabadell.html\" target=\"_blank\" rel=\"nofollow noopener\" title=\"https:\/\/elpais.com\/espana\/catalunya\/2025-06-09\/eficiencia-arraigo-y-libre-competencia-el-choque-de-argumentos-a-favor-y-en-contra-de-la-opa-al-sabadell.html\">Una menor competencia<\/a>, la p\u00e9rdida de un banco catal\u00e1n o la necesidad de una firma fuerte en el panorama europeo son las cuestiones que interpelan a los clientes. Los directores de las sucursales, como no puede ser de otra manera, mantienen el discurso de sus jefes: prudencia en la entidad vasca y optimismo en la vallesana.<\/p>\n<p class=\"\">En la gran oficina que el BBVA tiene en el paseo de Gr\u00e0cia de Barcelona se remiten a las palabras de su presidente, <a href=\"https:\/\/elpais.com\/noticias\/carlos-torres-vila\/\" target=\"_blank\" rel=\"nofollow noopener\" title=\"https:\/\/elpais.com\/noticias\/carlos-torres-vila\/\">Carlos Torres<\/a>, que durante este jueves ha intensificado su presencia en Catalu\u00f1a con una entrevista en Catalunya R\u00e0dio y con la participaci\u00f3n en un acto sobre emprendimiento de BBVA en Barcelona. La carrera llega a su fin y la prioridad es no salirse del guion: \u201cNo podemos decir nada sobre nuestros clientes y la opa\u201d, se excusa la directora de la oficina del banco bilba\u00edno en el centro de Barcelona. Uno de los trabajadores, Xavi, que encarna la evoluci\u00f3n del sector bancario espa\u00f1ol porque durante su carrera ha trabajado en varias entidades que han ido siendo absorbidas una tras otra por un banco m\u00e1s grande, mantiene igualmente silencio sobre la actitud de los clientes hacia la opa, pero a\u00f1ade que el camino ha sido largo, y que ha dado fen\u00f3menos interesantes, como el despliegue de marketing y publicidad de los dos bancos durante el proceso. <\/p>\n<p class=\"\">En Girona, el BBVA y el Banco de Sabadell tienen sus oficinas a menos de 50 metros de distancia en la Pla\u00e7a Marqu\u00e8s de Camps. Podr\u00eda parecer que sus clientes miran a una y a otra suspicazmente, pero no es el caso. Mohamed acaba de salir del Sabadell con una mochila a la espalda y cargado con una gran bolsa en la mano; llevaba tres meses en Marruecos y no sabe nada de una opa. No obstante, quiere dejar claro que no se f\u00eda de nadie: \u201cNo hay ning\u00fan banco bueno, trabajamos para ellos, les pedimos dinero y nos hacen devolver mucho m\u00e1s\u201d, critica. Pere, que tambi\u00e9n es cliente del Sabadell, dice conocer la opa, pero prefiere no dar su opini\u00f3n al respecto. <\/p>\n<p>M\u00e1s Informaci\u00f3n<\/p>\n<p class=\"\">En el otro lado de la plaza, Josep tiene acciones del BBVA. Explica que recientemente le han llamado del banco, como a todos los accionistas: \u201cMe llamaron para preguntarme si ten\u00eda acciones tambi\u00e9n del Sabadell. Si no tienes se acaba la llamada, pero si tienes te informan y te intentan influir para que las vendas\u201d. \u201cNo s\u00e9 qu\u00e9 pasar\u00e1, no tengo una bola de cristal, pero mi deseo ser\u00eda que la compra no tuviera \u00e9xito\u201d, apunta. <\/p>\n<p class=\"\">Ah\u00ed entra el componente emocional de esta opa. A Josep tampoco le genera simpat\u00eda el Sabadell, porque no olvida que en octubre de 2017 este banco fue el primero en instalar su sede fuera de Catalu\u00f1a: \u201cPero es el \u00fanico que queda\u201d, refiri\u00e9ndose a <a href=\"https:\/\/elpais.com\/economia\/2025-01-21\/sabadell-vuelve-a-cataluna-siete-anos-despues-del-proces-y-en-plena-opa-de-bbva.html\" target=\"_blank\" rel=\"nofollow noopener\" title=\"https:\/\/elpais.com\/economia\/2025-01-21\/sabadell-vuelve-a-cataluna-siete-anos-despues-del-proces-y-en-plena-opa-de-bbva.html\">un banco de base catalana<\/a>. Cree que un gran porcentaje del accionariado del Sabadell son peque\u00f1os accionistas que s\u00ed valoran \u201cel origen catal\u00e1n de la entidad\u201d y considera que, si la oferta se mantiene como ahora, no habr\u00e1 cambios, pero que si antes de acabar el plazo el BBVA mejora la oferta \u201cs\u00ed vender\u00e1n\u201d.<\/p>\n<p class=\"\">Elena es de las que tiene cuenta en el BBVA y en el Sabadell, y no le importa demasiado lo que pase. \u201cEmpec\u00e9 pagando una hipoteca en una entidad bancaria y despu\u00e9s de una y otra absorci\u00f3n entre entidades mi cuenta ha quedado en el BBVA\u201d, detalla. En el Sabadell tuvo la primera cuenta de su negocio y all\u00ed sigue. \u201cSi no tengo el dinero en un banco lo tendr\u00e9 en otro, no me importa demasiado\u201d, afirma.<\/p>\n<p class=\"\">Hace m\u00e1s de dos d\u00e9cadas que Mar\u00eda es empleada de una oficina del Sabadell en una localidad al norte de la Costa Brava. Est\u00e1 de cara al p\u00fablico y conoce a sus clientes. Est\u00e1 convencida de que \u201cla gran mayor\u00eda de accionistas no saben qu\u00e9 les explican\u201d. \u201cEl Sabadell ha puesto muy dif\u00edciles las cosas para que la opa tenga \u00e9xito en todos los sentidos, el Gobierno tambi\u00e9n ha intervenido, y a pesar de ello el BBVA ha seguido adelante. Si han gastado tanto dinero para que triunfe me parece que debe tener asegurado un porcentaje muy importante de accionariado, como m\u00ednimo entre el 30 y el 50%, que les dar\u00eda opci\u00f3n a ir una segunda opa\u201d. Del total, un 40% son <a href=\"https:\/\/elpais.com\/economia\/2025-10-03\/torres-asegura-que-bbva-esta-recibiendo-muchas-aceptaciones-de-accionistas-del-sabadell-en-la-opa.html\" target=\"_blank\" rel=\"nofollow noopener\" title=\"https:\/\/elpais.com\/economia\/2025-10-03\/torres-asegura-que-bbva-esta-recibiendo-muchas-aceptaciones-de-accionistas-del-sabadell-en-la-opa.html\">peque\u00f1os accionistas<\/a> a los que el BBVA tiene dificultades para llegar. \u201cEstos son muy fieles al Sabadell\u201d, sostiene y, aunque desde dentro no es su caso, cree que \u201cmucha de esta gente no va a la opa porque todav\u00eda da importancia a la catalanidad del banco\u201d.<\/p>\n<p>De Catalu\u00f1a a Madrid<\/p>\n<p class=\"\">A media ma\u00f1ana, la oficina del BBVA en la c\u00e9ntrica calle Hortaleza de Madrid vive uno de sus momentos de mayor actividad. Jos\u00e9 Blanco es cliente del banco bilba\u00edno desde hace 13 a\u00f1os y del Sabadell desde hace dos. Considera que la opa lanzada por el BBVA puede tener un impacto directo sobre usuarios como \u00e9l. Este empresario de 61 a\u00f1os mantiene cuentas personales y de empresa en ambas entidades y su posici\u00f3n es clara: est\u00e1 en contra. \u201cLa competencia es buena\u201d, explica. Se define como un cliente que compara las condiciones de cada entidad y elige la que m\u00e1s le conviene: \u201cMenos bancos, menos donde elegir\u201d, argumenta. <\/p>\n<p class=\"\">Del mismo parecer es David Bonillo, gerente de hosteler\u00eda de 46 a\u00f1os y tambi\u00e9n cliente de los dos bancos. Expone un ejemplo pr\u00e1ctico para justificar su rechazo a la operaci\u00f3n: \u201cEn mi bar tengo un dat\u00e1fono de cada banco. Si uno no me funciona, utilizo el del otro\u201d. <\/p>\n<p class=\"\">En el lado favorable a la opa se encuentra Jos\u00e9 Antonio, jubilado de 70 a\u00f1os y cliente del BBVA desde hace medio siglo. A la puerta de la sucursal, defiende que \u201c<a href=\"https:\/\/elpais.com\/economia\/negocios\/2025-06-29\/la-fortaleza-del-sistema-financiero-linea-de-defensa-de-la-economia.html\" target=\"_blank\" rel=\"nofollow noopener\" title=\"https:\/\/elpais.com\/economia\/negocios\/2025-06-29\/la-fortaleza-del-sistema-financiero-linea-de-defensa-de-la-economia.html\">los grandes bancos tienen m\u00e1s fuerza<\/a>\u201d. Mar\u00eda Teresa, de 49 a\u00f1os y responsable de una casa de hu\u00e9spedes, comparte ese punto de vista: \u201cTodo lo que sea bueno para el banco es bueno para sus clientes\u201d. El director de la sucursal, en el centro de su despacho y visiblemente atareado en plena hora punta, declina hacer comentarios por no estar autorizado. Alejandro, de 24 a\u00f1os, saca dinero del cajero y responde: \u201c\u00bfQu\u00e9 es eso de la opa? Acabo de llegar de trabajar unos meses en Ibiza\u00bb.<\/p>\n<p class=\"\">A unos 15 minutos a pie, en la oficina del Sabadell de la Gran V\u00eda, el ambiente es m\u00e1s tranquilo. La subdirectora, rodeada de varios empleados, asegura que no ha recibido a ning\u00fan accionista interesado en acogerse a la oferta del BBVA. Se\u00f1ala que atiende muchas consultas telef\u00f3nicas, pero no detalla el contenido de estas conversaciones. Entre los pocos clientes que salen de la oficina est\u00e1 un accionista del Sabadell que prefiere no dar su nombre y que ya tiene su decisi\u00f3n tomada: no acudir\u00e1 a la oferta. \u201c<a href=\"https:\/\/elpais.com\/economia\/2025-10-07\/el-bbva-y-el-sabadell-abren-la-guerra-de-cifras-sobre-el-nivel-de-aceptacion-de-la-opa.html\" target=\"_blank\" rel=\"nofollow noopener\" title=\"https:\/\/elpais.com\/economia\/2025-10-07\/el-bbva-y-el-sabadell-abren-la-guerra-de-cifras-sobre-el-nivel-de-aceptacion-de-la-opa.html\">No veo una opa limpia<\/a>\u201d, sostiene.<\/p>\n<p class=\"\">M\u00e1s al oeste, en la calle Altamirano, se encuentra la oficina en propiedad m\u00e1s antigua del Sabadell de la capital, abierta en 1979. Lo cuenta Itziar Arroreaga, que se define como una \u201cempleada entusiasta\u201d y afirma que en la sucursal se respira tranquilidad. \u201cEstamos confiados y convencidos de que los accionistas no van a acudir al canje de acciones\u201d, asevera.<\/p>\n","protected":false},"excerpt":{"rendered":"La batalla por el relato entre el BBVA y el Sabadell se traslada a las oficinas y a&hellip;\n","protected":false},"author":2,"featured_media":166611,"comment_status":"","ping_status":"","sticky":false,"template":"","format":"standard","meta":{"footnotes":""},"categories":[80],"tags":[5219,3287,3285,82,10654,6559,95,94,2308,25,24,2731,17931,14873,9769,9770,23],"class_list":{"0":"post-166610","1":"post","2":"type-post","3":"status-publish","4":"format-standard","5":"has-post-thumbnail","7":"category-economia","8":"tag-banca","9":"tag-banco-sabadell","10":"tag-bbva","11":"tag-business","12":"tag-carlos-torres-vila","13":"tag-cesar-gonzalez-bueno","14":"tag-economia","15":"tag-economy","16":"tag-empresas","17":"tag-es","18":"tag-espana","19":"tag-finanzas","20":"tag-fusiones-bancarias","21":"tag-josep-oliu","22":"tag-oficinas-bancarias","23":"tag-operaciones-bancarias","24":"tag-spain"},"share_on_mastodon":{"url":"","error":""},"_links":{"self":[{"href":"https:\/\/www.europesays.com\/es\/wp-json\/wp\/v2\/posts\/166610","targetHints":{"allow":["GET"]}}],"collection":[{"href":"https:\/\/www.europesays.com\/es\/wp-json\/wp\/v2\/posts"}],"about":[{"href":"https:\/\/www.europesays.com\/es\/wp-json\/wp\/v2\/types\/post"}],"author":[{"embeddable":true,"href":"https:\/\/www.europesays.com\/es\/wp-json\/wp\/v2\/users\/2"}],"replies":[{"embeddable":true,"href":"https:\/\/www.europesays.com\/es\/wp-json\/wp\/v2\/comments?post=166610"}],"version-history":[{"count":0,"href":"https:\/\/www.europesays.com\/es\/wp-json\/wp\/v2\/posts\/166610\/revisions"}],"wp:featuredmedia":[{"embeddable":true,"href":"https:\/\/www.europesays.com\/es\/wp-json\/wp\/v2\/media\/166611"}],"wp:attachment":[{"href":"https:\/\/www.europesays.com\/es\/wp-json\/wp\/v2\/media?parent=166610"}],"wp:term":[{"taxonomy":"category","embeddable":true,"href":"https:\/\/www.europesays.com\/es\/wp-json\/wp\/v2\/categories?post=166610"},{"taxonomy":"post_tag","embeddable":true,"href":"https:\/\/www.europesays.com\/es\/wp-json\/wp\/v2\/tags?post=166610"}],"curies":[{"name":"wp","href":"https:\/\/api.w.org\/{rel}","templated":true}]}}