{"id":166618,"date":"2025-10-10T04:05:16","date_gmt":"2025-10-10T04:05:16","guid":{"rendered":"https:\/\/www.europesays.com\/es\/166618\/"},"modified":"2025-10-10T04:05:16","modified_gmt":"2025-10-10T04:05:16","slug":"en-la-ultima-gota-de-sudor","status":"publish","type":"post","link":"https:\/\/www.europesays.com\/es\/166618\/","title":{"rendered":"En la \u00faltima gota de sudor"},"content":{"rendered":"<p class=\"paragraph-atom &#10;        B-500-300-700-N B-550-300-700-N--md  \">Se levant\u00f3 Adriana Mallo sobre el pasivo. Era la \u00faltima opci\u00f3n en el ataque final del <a href=\"https:\/\/www.atlantico.net\/temas\/club-balonmano-porrino\/\" rel=\"nofollow noopener\" target=\"_blank\">Conservas Orbe Porri\u00f1o<\/a>. Se elev\u00f3 desde nueve metros porque no hab\u00eda m\u00e1s jugada, ni opci\u00f3n, ni fuerza, ni alternativa. Ah\u00ed, en el \u00faltimo esfuerzo, en la gota de sudor que quedaba al equipo de Isma Mart\u00ednez, la viguesa sac\u00f3 el brazo y hundi\u00f3 el bal\u00f3n en el fondo de la porter\u00eda del Elda para sumar la cuarta victoria de la temporada y, probablemente, la<strong> m\u00e1s complicada porque el equipo louri\u00f1es <\/strong>se present\u00f3 ayer escu\u00e1lido en el Municipal. Jug\u00f3 con lo que tuvo porque no hab\u00eda m\u00e1s y gan\u00f3, aunque estuvo muy cerca de no hacerlo porque los diez \u00faltimos minutos resultaron una agon\u00eda f\u00edsica, un transitar en la marat\u00f3n con calambres, el cubrir el camino de Santiago por Teo con ampollas en los pies. Los cuerpos no daban m\u00e1s. <\/p>\n<p class=\"paragraph-atom &#10;        B-500-300-700-N B-550-300-700-N--md  \">Se presum\u00eda un enfrentamiento duro y cerrado a <strong>pocos goles ante el Elda Prestigio dirigido por el ext\u00e9cnico del Guard\u00e9s Jos\u00e9 Ignacio Prades<\/strong>, un entrenador de reconocido prestigio por la calidad defensiva de sus conjuntos. No sucedi\u00f3 ayer as\u00ed porque, para encajar poco, es preciso tener buenas cancerberas y ayer las tuvo de papel. La eficacia visitante estuvo por debajo del 20% y as\u00ed es complicado ganar. Tambi\u00e9n es cierto que buena parte del m\u00e9rito estuvo en el trabajo del Porri\u00f1o.<\/p>\n<p class=\"paragraph-atom &#10;        B-500-300-700-N B-550-300-700-N--md  \">Paulina Buforn y Adriana Mallo ocuparon los laterales y Caro Bono entraba en la zona de central para dirigir el ataque y cambiar con la pivote. No hab\u00eda ninguna primera l\u00ednea m\u00e1s, salvo la juvenil Iria Augusto, de presencia testimonial en defensa para dar algo de aire a una Mallo que, adem\u00e1s, ten\u00eda que defender en el pen\u00faltimo. As\u00ed, con ese planteamiento, el cuadro louri\u00f1\u00e9s ten\u00eda que intentar ganar el partido y lo hizo, <strong>pese a empezar por detr\u00e1s en el marcador. <\/strong>Igual\u00f3 pronto y se subi\u00f3 a lomos de Ferrar\u00edn para obtener las primeras ventajas. Defensa fuerte y eficacia de la cancerbera para abrir las primeras distancias de dos y tres goles, mientras que en ataque Paulina Buforn comenzaba a sacar a pasear la potencia de su brazo, adem\u00e1s de forzar todo el equipo, con papel especial para Zhukova, una buena cantidad de lanzamientos de siete metros que la ibicenca enviaba a la red. Termin\u00f3 con nueve dianas en otros tantos intentos en esta faceta. Clave. Al descanso se llev\u00f3 con un lanzamiento desde su propio campo al palo de Carmen Prelchi y renta de tres goles para el Porri\u00f1o. <\/p>\n<p>                                                            <img decoding=\"async\" loading=\"lazy\" src=\"https:\/\/www.europesays.com\/es\/wp-content\/uploads\/2025\/10\/e0f5e1f0-b35c-411c-84b1-71f92f521e4d_16-9-aspect-ratio_1600w_0.jpg\" alt=\"Paulina Buforn destac\u00f3 ayer al anotar 13 goles, nueve de ellos de lanzamientos de 7 metros sin error.\" title=\"Paulina Buforn destac\u00f3 ayer al anotar 13 goles, nueve de ellos de lanzamientos de 7 metros sin error.\" height=\"900\" width=\"1600\"\/><\/p>\n<p>    Paulina Buforn destac\u00f3 ayer al anotar 13 goles, nueve de ellos de lanzamientos de 7 metros sin error.<\/p>\n<p class=\"paragraph-atom &#10;        B-500-300-700-N B-550-300-700-N--md  \">La reanudaci\u00f3n mantuvo la constante. El Elda ten\u00eda problemas en las circulaciones que prolongaba una y otra vez bajo la direcci\u00f3n de la exporrri\u00f1esa Malena Valles. Otra ex como Maddi Bengoetxea era la \u00fanica que acompa\u00f1aba a la central en la primera l\u00ednea, <strong>pero el encuentro marchaba a favor local. <\/strong>Rentas de dos, tres y hasta cuatro goles cuando Prades orden\u00f3 la defensa individual sobre Paulina Buforn. Isma respondi\u00f3 con doble pivote y se vio una de las acciones t\u00e1cticas m\u00e1s bellas de la tarde con paso cruzado por el balc\u00f3n del \u00e1rea al pivote m\u00e1s alejado de la ibicenca a Prelchi. Termin\u00f3 con siete metros y gol.<\/p>\n<p class=\"paragraph-atom &#10;        B-500-300-700-N B-550-300-700-N--md  \">As\u00ed se entr\u00f3 en el tramo final con un 26-22 (min. 52) que parec\u00eda decantar el encuentro. Pero era apariencia porque se comenzaba a observar que el equipo local estaba sin f\u00edsico. No quedaba energ\u00eda tras jugar todo o casi todo el encuentro Adriana Mallo, Paulina Buforn y Zhukova. Bono, con sus descansos en defensa, lleg\u00f3 al duelo sin entrenar en la \u00faltima semana por un golpe. El Elda exprimi\u00f3 la situaci\u00f3n. El cansancio provoc\u00f3 <strong>varias p\u00e9rdidas y faltas de ideas del Porri\u00f1o en ataque y el Elda<\/strong> pudo atacar mejor, en varias ocasiones con porter\u00eda vac\u00eda y dos pivotes, para terminar por el extremo en el que Paula Lluch anot\u00f3 tres dianas seguidas para hacer el 26-26 (min. 58). Eran momentos en los que a Ferrarin tambi\u00e9n se le termin\u00f3 la magia. <\/p>\n<p class=\"paragraph-atom &#10;        B-500-300-700-N B-550-300-700-N--md  \">Isma Mart\u00ednez par\u00f3 el partido para ordenar la jugada o dar aire a sus jugadoras. Ambas cosas eran precisas. Bono anot\u00f3 en penetraci\u00f3n y Bengoetxea igual\u00f3. Y lleg\u00f3 el ataque definitivo. La elaboraci\u00f3n fue atascada, sin encontrar ventajas, <strong>con varios golpes francos y, en la \u00faltima opci\u00f3n, <\/strong>se elev\u00f3 Adriana Mallo y, sobre el \u00faltimo aliento tras un encuentro de esfuerzo m\u00e1ximo, envi\u00f3 el bal\u00f3n al fondo de la red. No quedaba m\u00e1s. Par\u00f3n necesario y ser\u00e1 par\u00f3n feliz para el Porri\u00f1o.<\/p>\n<p>    Porri\u00f1o 28 &#8211; Elda 27<\/p>\n<p class=\"paragraph-atom &#10;        A-300-300-500-N  \">Conservas Orbe Zendal Porri\u00f1o:  <\/p>\n<p class=\"paragraph-atom &#10;        A-300-300-500-N  \">Ferrar\u00edn (p.), Blanco (p.s.), Adriana Mallo (5), Ekaterina Zhukova (3), Caro Bono (3), Campo, Benaches, Iria Augusto, Julia Figueira (1), Adriana Rial (1), Isis Moreno, Paulina Buforn (13), Prelchi (1), Ugazi, Laguna (1). <\/p>\n<p class=\"paragraph-atom &#10;        A-300-300-500-N  \">Elda Prestigio: <\/p>\n<p class=\"paragraph-atom &#10;        A-300-300-500-N  \">Luc\u00eda Garc\u00eda , Sol Azcune, Agda Gon\u00e7alves, Luna Villaescusa, Malena Valles, Emiliana Heilmann, Julia Terrado, Elena Cuadrado, Mar\u00eda Rodr\u00edguez, Maddi Bengoetxea, Claudia Martinez, Paula Lluch, Marina Gonz\u00e1lez, Aitana Pastor, Meriem Ezbida y Virginia Robles<\/p>\n<p class=\"paragraph-atom &#10;        A-300-300-500-N  \">Parciales: <\/p>\n<p class=\"paragraph-atom &#10;        A-300-300-500-N  \">1-2, 4-5, 7-6, 10-8, 13-11, 15-12(desc), 17-14, 20-19, 22-20, 25-22, 26-23, 28-27.<\/p>\n<p class=\"paragraph-atom &#10;        A-300-300-500-N  \">\u00c1rbitros: <\/p>\n<p class=\"paragraph-atom &#10;        A-300-300-500-N  \">La pareja arbitral estaba formada por Abel Juncal L\u00f3pez y Angel Mateos Alonso Ruiz Roja a Torrado (min. 48). Excluyeron a Iria Augusto; Emiliana Heilmann, Elena Cuadrado, Maddi Bengoetxea y Claudia Martinez. <\/p>\n","protected":false},"excerpt":{"rendered":"Se levant\u00f3 Adriana Mallo sobre el pasivo. Era la \u00faltima opci\u00f3n en el ataque final del Conservas Orbe&hellip;\n","protected":false},"author":2,"featured_media":166619,"comment_status":"","ping_status":"","sticky":false,"template":"","format":"standard","meta":{"footnotes":""},"categories":[278],"tags":[376,168,22185,25,24,48916,375,18368,23,167,4981,1885],"class_list":{"0":"post-166618","1":"post","2":"type-post","3":"status-publish","4":"format-standard","5":"has-post-thumbnail","7":"category-balonmano","8":"tag-balonmano","9":"tag-deportes","10":"tag-elda","11":"tag-es","12":"tag-espana","13":"tag-gota","14":"tag-handball","15":"tag-porrino","16":"tag-spain","17":"tag-sports","18":"tag-sudor","19":"tag-ultima"},"share_on_mastodon":{"url":"","error":""},"_links":{"self":[{"href":"https:\/\/www.europesays.com\/es\/wp-json\/wp\/v2\/posts\/166618","targetHints":{"allow":["GET"]}}],"collection":[{"href":"https:\/\/www.europesays.com\/es\/wp-json\/wp\/v2\/posts"}],"about":[{"href":"https:\/\/www.europesays.com\/es\/wp-json\/wp\/v2\/types\/post"}],"author":[{"embeddable":true,"href":"https:\/\/www.europesays.com\/es\/wp-json\/wp\/v2\/users\/2"}],"replies":[{"embeddable":true,"href":"https:\/\/www.europesays.com\/es\/wp-json\/wp\/v2\/comments?post=166618"}],"version-history":[{"count":0,"href":"https:\/\/www.europesays.com\/es\/wp-json\/wp\/v2\/posts\/166618\/revisions"}],"wp:featuredmedia":[{"embeddable":true,"href":"https:\/\/www.europesays.com\/es\/wp-json\/wp\/v2\/media\/166619"}],"wp:attachment":[{"href":"https:\/\/www.europesays.com\/es\/wp-json\/wp\/v2\/media?parent=166618"}],"wp:term":[{"taxonomy":"category","embeddable":true,"href":"https:\/\/www.europesays.com\/es\/wp-json\/wp\/v2\/categories?post=166618"},{"taxonomy":"post_tag","embeddable":true,"href":"https:\/\/www.europesays.com\/es\/wp-json\/wp\/v2\/tags?post=166618"}],"curies":[{"name":"wp","href":"https:\/\/api.w.org\/{rel}","templated":true}]}}