{"id":166651,"date":"2025-10-10T04:28:08","date_gmt":"2025-10-10T04:28:08","guid":{"rendered":"https:\/\/www.europesays.com\/es\/166651\/"},"modified":"2025-10-10T04:28:08","modified_gmt":"2025-10-10T04:28:08","slug":"una-final-adelantada-en-octubre","status":"publish","type":"post","link":"https:\/\/www.europesays.com\/es\/166651\/","title":{"rendered":"Una final adelantada en octubre"},"content":{"rendered":"<p class=\"ft-text ft-helper-closenews\">Una final adelantada al mes de octubre. As\u00ed percibe <a class=\"ft-link ft-link--decoration\" href=\"https:\/\/www.farodevigo.es\/deportes\/morrazo\/2025\/10\/09\/revolucion-secundarios-122423213.html\" rel=\"nofollow noopener\" target=\"_blank\">el Frigor\u00edficos del Morrazo el encuentro que ma\u00f1ana, a partir de las 17.30 horas, disputar\u00e1 ante el Sanicentro Guadalajara<\/a> en el pabell\u00f3n de O Gata\u00f1al, en un duelo para el cual ha realizado un<strong> llamamiento a sus aficionados para acudir en masa a la cita<\/strong>. A\u00fan sin las urgencias ni agon\u00edas que este partido podr\u00eda tener en otra fase de la temporada, el club que preside Alberto Gonz\u00e1lez es plenamente consciente de la<strong> importancia de los puntos ante un equipo que, a priori, ser\u00e1 uno de sus rivales en la lucha por conseguir la permanencia <\/strong>en la Liga Nexus Asobal.<\/p>\n<p class=\"ft-text\">Lo cierto es que con la competici\u00f3n en sus albores, se hace complicado asumir la relevancia del choque, pero a nadie escapa que hist\u00f3ricamente el <strong>Cangas ha fundamentado buena parte de sus opciones de permanencia<\/strong> en dos cuestiones b\u00e1sicas:<strong> su rendimiento como local y los choques ante sus rivales m\u00e1s directos.<\/strong> Y esas dos cuestiones confluyen en el encuentro de ma\u00f1ana. Es por ello que desde la directiva se pide un esfuerzo para acudir en masa al pabell\u00f3n en un momento de la campa\u00f1a en el que todav\u00eda no se percibe la necesidad de los puntos y la presi\u00f3n de la clasificaci\u00f3n.<\/p>\n<p class=\"ft-text\">La tendencia del Frigor\u00edficos de exprimirse ante los equipos de la zona baja de la clasificaci\u00f3n se ha torcido un tanto en las \u00faltimas campa\u00f1as con Nacho Moyano en los banquillos. El cuadro cangu\u00e9s ha mejorado su competitividad en todos los duelos pero a costa, curiosamente, de cosechar<strong> peores resultados ante equipos de su particular Liga<\/strong>. As\u00ed,<strong> el a\u00f1o pasado, a pesar de haber logrado la salvaci\u00f3n con un par de jornadas de adelanto<\/strong>, sus cifras con los otros cinco equipos de la zona de peligro (Puente Genil, Huesca, Guadalajara, Anaitasuna y Benidorm) fueron bastante discretas, con <strong>nueve puntos de 20 posibles.<\/strong> Particularmente negativa fue su recta final, con sendas derrotas ante Benidorm y Anaitasuna que empa\u00f1aron sus registros.<\/p>\n<p class=\"ft-text\">Eso s\u00ed, el Cangas fue capaz de <strong>vencer en sus dos enfrentamientos al que ser\u00e1 su rival de ma\u00f1ana, un Guadalajara<\/strong> que se presenta en O Gata\u00f1al como colista de la Asobal sin haber cosechado un solo punto. El duelo, por tanto, tiene la relevancia de elevar la cifra de puntos canguesa hasta los cuatro, pero tambi\u00e9n la de dejar muy tocado a un rival directo al que, a partir de entonces, podr\u00eda entrarle la ansiedad de una delicada situaci\u00f3n.<\/p>\n<p class=\"ft-text\">M\u00e1s all\u00e1 de ambas circunstancias, el Frigor\u00edficos quiere dejar los deberes hechos para afrontar sus dos siguientes compromisos en un mes de octubre de cuidado. Tras haber medido fuerzas con el F\u00fatbol Club Barcelona el pasado fin de semana,<strong> le quedan por delante dos equipos de la categor\u00eda de Torrelavega y Logro\u00f1o La Rioja.<\/strong> Los primeros, dirigidos por Jacobo Cu\u00e9tara, son segundos en la tabla a un solo punto del Fraikin Granollers y jugar\u00e1n como locales. Los segundos, con la renovaci\u00f3n de Miguel \u00c1ngel Velasco anunciada ayer mismo<a class=\"ft-link ft-link--decoration\" href=\"https:\/\/www.farodevigo.es\/deportes\/morrazo\/2025\/10\/09\/clasico-irrumpe-duelo-cangas-logrono-122423532.html\" rel=\"nofollow noopener\" target=\"_blank\">, visitar\u00e1n O Gata\u00f1al el domingo 26.<\/a><\/p>\n<p data-close=\"closedContent\" class=\"subscribeHideForDisplay\">Suscr\u00edbete para seguir leyendo<\/p>\n","protected":false},"excerpt":{"rendered":"Una final adelantada al mes de octubre. As\u00ed percibe el Frigor\u00edficos del Morrazo el encuentro que ma\u00f1ana, a&hellip;\n","protected":false},"author":2,"featured_media":166652,"comment_status":"","ping_status":"","sticky":false,"template":"","format":"standard","meta":{"footnotes":""},"categories":[278],"tags":[1672,376,1937,168,25,24,1673,375,1675,23,167],"class_list":{"0":"post-166651","1":"post","2":"type-post","3":"status-publish","4":"format-standard","5":"has-post-thumbnail","7":"category-balonmano","8":"tag-balonman-cangas","9":"tag-balonmano","10":"tag-balonmano-guadalajara","11":"tag-deportes","12":"tag-es","13":"tag-espana","14":"tag-frigorificos-del-morrazo","15":"tag-handball","16":"tag-liga-asobal","17":"tag-spain","18":"tag-sports"},"share_on_mastodon":{"url":"","error":""},"_links":{"self":[{"href":"https:\/\/www.europesays.com\/es\/wp-json\/wp\/v2\/posts\/166651","targetHints":{"allow":["GET"]}}],"collection":[{"href":"https:\/\/www.europesays.com\/es\/wp-json\/wp\/v2\/posts"}],"about":[{"href":"https:\/\/www.europesays.com\/es\/wp-json\/wp\/v2\/types\/post"}],"author":[{"embeddable":true,"href":"https:\/\/www.europesays.com\/es\/wp-json\/wp\/v2\/users\/2"}],"replies":[{"embeddable":true,"href":"https:\/\/www.europesays.com\/es\/wp-json\/wp\/v2\/comments?post=166651"}],"version-history":[{"count":0,"href":"https:\/\/www.europesays.com\/es\/wp-json\/wp\/v2\/posts\/166651\/revisions"}],"wp:featuredmedia":[{"embeddable":true,"href":"https:\/\/www.europesays.com\/es\/wp-json\/wp\/v2\/media\/166652"}],"wp:attachment":[{"href":"https:\/\/www.europesays.com\/es\/wp-json\/wp\/v2\/media?parent=166651"}],"wp:term":[{"taxonomy":"category","embeddable":true,"href":"https:\/\/www.europesays.com\/es\/wp-json\/wp\/v2\/categories?post=166651"},{"taxonomy":"post_tag","embeddable":true,"href":"https:\/\/www.europesays.com\/es\/wp-json\/wp\/v2\/tags?post=166651"}],"curies":[{"name":"wp","href":"https:\/\/api.w.org\/{rel}","templated":true}]}}