{"id":166655,"date":"2025-10-10T04:30:08","date_gmt":"2025-10-10T04:30:08","guid":{"rendered":"https:\/\/www.europesays.com\/es\/166655\/"},"modified":"2025-10-10T04:30:08","modified_gmt":"2025-10-10T04:30:08","slug":"este-es-el-ganador-del-combate-entre-joel-alvarez-y-vicente-luque-segun-la-inteligencia-artificial","status":"publish","type":"post","link":"https:\/\/www.europesays.com\/es\/166655\/","title":{"rendered":"Este es el ganador del combate entre Joel \u00c1lvarez y Vicente Luque, seg\u00fan la inteligencia artificial"},"content":{"rendered":"<p>Tras varios meses de espera <strong>Joel &#8216;El Fen\u00f3meno&#8217; \u00c1lvarez<\/strong> vuelve al oct\u00e1gono. El peleador asturiano, que no pelea desde el pasado diciembre cuando finaliz\u00f3 a Drakkar Klose en el peso ligero, cumpli\u00f3 su palabra y subi\u00f3 al w\u00e9lter. Una categor\u00eda en la que debutar\u00e1  &#8230; este s\u00e1bado 11 de octubre ante el brasile\u00f1o Vicente Luque en el UFC Fight Night de R\u00edo de Janeiro (Brasil). <\/p>\n<p class=\"voc-p\">El de Gij\u00f3n reemplazar\u00e1 al argentino Santiago Ponzinibbio, que tuvo que salir de este entrenamiento por una peque\u00f1a lesi\u00f3n, y de esta manera le llega la oportunidad de pelear ante el m\u00edtico brasile\u00f1o de las 170 libras, un rival de lujo para su primer combate en esta nueva divisi\u00f3n.<\/p>\n<p class=\"voc-p\">Despu\u00e9s de aquella victoria contra Klose, Joel estaba rankeado entre los 15 mejores de una divisi\u00f3n tan competitiva como es el peso ligero. Sin embargo, el peleador gijon\u00e9s revel\u00f3 que <strong>los cortes de peso cada vez eran m\u00e1s duros<\/strong>, por lo que su intenci\u00f3n era hacer una pelea m\u00e1s y cambiar de categor\u00eda.<\/p>\n<p class=\"voc-p\">Luque (1991) ha ganado dos de sus \u00faltimos seis combates, mientras que el peleador espa\u00f1ol, de 32 a\u00f1os, <strong>acumula siete victorias en sus ocho ultimas apariciones<\/strong>.<\/p>\n<p>\nEl ganador del combate entre Joel \u00c1lvarez y Vicente Luque para la inteligencia artificial\n<\/p>\n<p class=\"voc-p\">El duelo es uno de los choques m\u00e1s importantes de la cartelera de UFC R\u00edo de Janeiro y para la ocasi\u00f3n le hemos preguntado a la inteligencia artificial cual es el gran favorito. Esta tecnolog\u00eda se basa en distintos criterios para definir al ganador.<\/p>\n<p class=\"voc-p\">En el an\u00e1lisis ofrece distintos detalles del combate. Joel \u00c1lvarez lleva <strong>22 triunfos y 3 derrotas en el peso ligero<\/strong>, mientras que ahora sube por primera vez al w\u00e9lter para medirse a un referente de la divisi\u00f3n. El brasile\u00f1o destaca como striker y veterano de UFC, tiene <strong>victorias importantes frente a Belal Muhammad, Tyron Woodley y Mike Perry<\/strong>.<\/p>\n<p class=\"voc-p\">El duelo entre ambos es el tercer combate m\u00e1s relevante de la cartelera principal y el horario estimado ser\u00e1 es sobre las 02:30 a 03:00 de la madrugada (hora peninsular espa\u00f1ola).<\/p>\n<p class=\"voc-p\">\u00abEn mi opini\u00f3n basada en an\u00e1lisis de expertos y las circunstancias del combate, <strong>Vicente Luque es el favorito para ganar frente a Joel \u00c1lvarez<\/strong>\u00bb, indica la inteligencia artificial, que ahonda en que la principal raz\u00f3n es la \u00abexperiencia de Luque en el peso w\u00e9lter, siendo un striker muy vers\u00e1til y acostumbrado tanto al ritmo como a los rivales de la divisi\u00f3n\u00bb.<\/p>\n<ul class=\"oc-d-c-list__list\">\n<li class=\"voc-d-c-list__item\">\n<p class=\"voc-d-c-list__paragraph\">Luque pelea como local en Brasil y tiene una alt\u00edsima tasa de finalizaci\u00f3n de combates (m\u00e1s del 85% entre KO y sumisi\u00f3n).<\/p>\n<\/li>\n<li class=\"voc-d-c-list__item\">\n<p class=\"voc-d-c-list__paragraph\">Lleva a\u00f1os compitiendo con \u00e9xito en el peso w\u00e9lter, venciendo a rivales de \u00e9lite como Tyron Woodley y Michael Chiesa.<\/p>\n<\/li>\n<li class=\"voc-d-c-list__item\">\n<p class=\"voc-d-c-list__paragraph\">El espa\u00f1ol Joel \u00c1lvarez debuta en esta categor\u00eda de peso tras aceptar la pelea con pocas semanas de preparaci\u00f3n, mientras Luque tiene una rutina de entrenamiento m\u00e1s adaptada y mayor masa muscular y fuerza en ese peso<\/p>\n<\/li>\n<\/ul>\n<p class=\"voc-p\">Pese a que la inteligencia artificial destaca que Joel \u00c1lvarez puede plantar cara por <strong>talento y calidad t\u00e9cnica<\/strong>, todos los pron\u00f3sticos apuntan hacia su derrota, salvo que el de Gij\u00f3n logre imponer su jiu jitsu y buscar una <strong>finalizaci\u00f3n r\u00e1pida por sumisi\u00f3n<\/strong>, algo que ha logrado repetidas veces en peso ligero.<\/p>\n","protected":false},"excerpt":{"rendered":"Tras varios meses de espera Joel &#8216;El Fen\u00f3meno&#8217; \u00c1lvarez vuelve al oct\u00e1gono. El peleador asturiano, que no pelea&hellip;\n","protected":false},"author":2,"featured_media":166656,"comment_status":"","ping_status":"","sticky":false,"template":"","format":"standard","meta":{"footnotes":""},"categories":[276],"tags":[4458,5099,2942,168,25,24,5138,7446,4457,12998,5153,23,167,343,13291],"class_list":{"0":"post-166655","1":"post","2":"type-post","3":"status-publish","4":"format-standard","5":"has-post-thumbnail","7":"category-ufc","8":"tag-alvarez","9":"tag-artificial","10":"tag-combate","11":"tag-deportes","12":"tag-es","13":"tag-espana","14":"tag-ganador","15":"tag-inteligencia","16":"tag-joel","17":"tag-luque","18":"tag-segun","19":"tag-spain","20":"tag-sports","21":"tag-ufc","22":"tag-vicente"},"share_on_mastodon":{"url":"","error":""},"_links":{"self":[{"href":"https:\/\/www.europesays.com\/es\/wp-json\/wp\/v2\/posts\/166655","targetHints":{"allow":["GET"]}}],"collection":[{"href":"https:\/\/www.europesays.com\/es\/wp-json\/wp\/v2\/posts"}],"about":[{"href":"https:\/\/www.europesays.com\/es\/wp-json\/wp\/v2\/types\/post"}],"author":[{"embeddable":true,"href":"https:\/\/www.europesays.com\/es\/wp-json\/wp\/v2\/users\/2"}],"replies":[{"embeddable":true,"href":"https:\/\/www.europesays.com\/es\/wp-json\/wp\/v2\/comments?post=166655"}],"version-history":[{"count":0,"href":"https:\/\/www.europesays.com\/es\/wp-json\/wp\/v2\/posts\/166655\/revisions"}],"wp:featuredmedia":[{"embeddable":true,"href":"https:\/\/www.europesays.com\/es\/wp-json\/wp\/v2\/media\/166656"}],"wp:attachment":[{"href":"https:\/\/www.europesays.com\/es\/wp-json\/wp\/v2\/media?parent=166655"}],"wp:term":[{"taxonomy":"category","embeddable":true,"href":"https:\/\/www.europesays.com\/es\/wp-json\/wp\/v2\/categories?post=166655"},{"taxonomy":"post_tag","embeddable":true,"href":"https:\/\/www.europesays.com\/es\/wp-json\/wp\/v2\/tags?post=166655"}],"curies":[{"name":"wp","href":"https:\/\/api.w.org\/{rel}","templated":true}]}}