{"id":166657,"date":"2025-10-10T04:34:18","date_gmt":"2025-10-10T04:34:18","guid":{"rendered":"https:\/\/www.europesays.com\/es\/166657\/"},"modified":"2025-10-10T04:34:18","modified_gmt":"2025-10-10T04:34:18","slug":"christian-horner-despedido-de-red-bull-racing","status":"publish","type":"post","link":"https:\/\/www.europesays.com\/es\/166657\/","title":{"rendered":"Christian Horner, despedido de Red Bull Racing"},"content":{"rendered":"<p>Christian Horner, director de <strong>Red Bull Racing<\/strong> de <strong>F\u00f3rmula 1<\/strong> desde su creaci\u00f3n, ha sido despedido este mi\u00e9rcoles, un a\u00f1o despu\u00e9s de que fuera involucrado en un esc\u00e1ndalo por enviar mensajes sexuales a una de las empleadas. <\/p>\n<p>Como parte de la reorganizaci\u00f3n, Laurent Mekies, que hasta ahora ejerc\u00eda el rol de jefe de equipo de la escuder\u00eda Racing Bulls, ocupar\u00e1 el cargo de Horner, mientras que Alan Permane sustituir\u00e1 a Mekies. \u00abCon efecto inmediato. <strong>Laurent Mekies tomar\u00e1 el control de CEO<\/strong> de Red Bull Racing. Como parte del cambio, Alan Permane, actual director de carrera, ascender\u00e1 al equipo principal en Racing Bulls\u00bb, explica el equipo en un comunicado. <\/p>\n<p>\u00abOliver Mintzlaff, CEO corportativo, ha agradecido a Horner por su excepcional trabajo durante los \u00faltimos 20 a\u00f1os\u00bb, indica el domunicado. El director de Red Bull ha estado al frente de la escuder\u00eda desde su creaci\u00f3n, en 2005, estando presente en todos los \u00e9xitos del equipo con las <strong>cuatro victorias consecutivas de Sebastian Vettel<\/strong> y los otros <strong>cuatro con Max Verstappen<\/strong>. Red Bull sum\u00f3 en esos dos per\u00edodos seis mundiales de constructores. Sin embargo, la presi\u00f3n sobre el director ha aumentado en los \u00faltimos d\u00edas cuando Jos Verstappen, padre de Max, se sum\u00f3 para su dimisi\u00f3n.<\/p>\n<p>Horner, adem\u00e1s, fue <strong>acusado en febrero de 2024<\/strong> por \u00abconductas inapropiadas\u00bb en una investigaci\u00f3n promovida por una empleada del equipo a la cual le insist\u00eda en compartir momentos \u00edntimos, le enviara fotos o le hiciera videollamadas de contenido sexual. Ella, incluso, le invitaba a pensar en su mujer <strong>Geri Halliwell, <\/strong>ex miembro de las Spice Girls. En algunos de los mensajes filtrados se observaba como \u00e9l le ped\u00eda im\u00e1genes sobre la ropa que ella llevaba. Especialmente cuando hac\u00eda ejercicio. Horner neg\u00f3 todas las acusaciones entonces y las acusaciones fueron desestimadas el verano pasado. <\/p>\n<p>Bajo el mandato del brit\u00e1nico, Red Bull ha conseguido <strong>124 victorias, 107 &#8216;poles&#8217; y 287 podios<\/strong> y en su \u00faltima carrera, disputada el pasado fin de semana en Gran Breta\u00f1a, el neerland\u00e9s Max Verstappen, piloto de la escuder\u00eda, comenz\u00f3 en la &#8216;pole&#8217;, pero termin\u00f3 en quinta posici\u00f3n.<strong> El equipo no estaba en su mejor momento<\/strong> al encontrarse en cuarta posici\u00f3n en la clasificaci\u00f3n de constructores, a 288 puntos del l\u00edder, McLaren, y con Ferrari y Mercedes tambi\u00e9n por delante, con solo dos victorias en las primeras doce carreras de la temporada<\/p>\n","protected":false},"excerpt":{"rendered":"Christian Horner, director de Red Bull Racing de F\u00f3rmula 1 desde su creaci\u00f3n, ha sido despedido este mi\u00e9rcoles,&hellip;\n","protected":false},"author":2,"featured_media":166658,"comment_status":"","ping_status":"","sticky":false,"template":"","format":"standard","meta":{"footnotes":""},"categories":[270],"tags":[168,25,24,306,271,272,23,167],"class_list":{"0":"post-166657","1":"post","2":"type-post","3":"status-publish","4":"format-standard","5":"has-post-thumbnail","7":"category-formula-1","8":"tag-deportes","9":"tag-es","10":"tag-espana","11":"tag-f1","12":"tag-formula-1","13":"tag-formula1","14":"tag-spain","15":"tag-sports"},"share_on_mastodon":{"url":"","error":""},"_links":{"self":[{"href":"https:\/\/www.europesays.com\/es\/wp-json\/wp\/v2\/posts\/166657","targetHints":{"allow":["GET"]}}],"collection":[{"href":"https:\/\/www.europesays.com\/es\/wp-json\/wp\/v2\/posts"}],"about":[{"href":"https:\/\/www.europesays.com\/es\/wp-json\/wp\/v2\/types\/post"}],"author":[{"embeddable":true,"href":"https:\/\/www.europesays.com\/es\/wp-json\/wp\/v2\/users\/2"}],"replies":[{"embeddable":true,"href":"https:\/\/www.europesays.com\/es\/wp-json\/wp\/v2\/comments?post=166657"}],"version-history":[{"count":0,"href":"https:\/\/www.europesays.com\/es\/wp-json\/wp\/v2\/posts\/166657\/revisions"}],"wp:featuredmedia":[{"embeddable":true,"href":"https:\/\/www.europesays.com\/es\/wp-json\/wp\/v2\/media\/166658"}],"wp:attachment":[{"href":"https:\/\/www.europesays.com\/es\/wp-json\/wp\/v2\/media?parent=166657"}],"wp:term":[{"taxonomy":"category","embeddable":true,"href":"https:\/\/www.europesays.com\/es\/wp-json\/wp\/v2\/categories?post=166657"},{"taxonomy":"post_tag","embeddable":true,"href":"https:\/\/www.europesays.com\/es\/wp-json\/wp\/v2\/tags?post=166657"}],"curies":[{"name":"wp","href":"https:\/\/api.w.org\/{rel}","templated":true}]}}