{"id":166659,"date":"2025-10-10T04:35:16","date_gmt":"2025-10-10T04:35:16","guid":{"rendered":"https:\/\/www.europesays.com\/es\/166659\/"},"modified":"2025-10-10T04:35:16","modified_gmt":"2025-10-10T04:35:16","slug":"dorsales-liga-endesa-25-26-acb-com","status":"publish","type":"post","link":"https:\/\/www.europesays.com\/es\/166659\/","title":{"rendered":"Dorsales Liga Endesa 25-26 | ACB.COM"},"content":{"rendered":"<p>En muchas ocasiones, los dorsales son una elecci\u00f3n muy personal; un fetiche que acompa\u00f1a al jugador durante toda su carrera. En otras, producto de una moda, un reto o una necesidad, pues la primera elecci\u00f3n puede estar cogida por el veterano de turno. En todos los casos, un rasgo identificativo del jugador de baloncesto que quedar\u00e1 para la historia en fotograf\u00edas, v\u00eddeos y productos de merchandising.<\/p>\n<p>Con el paso de los a\u00f1os, se ha ido abriendo el abanico de n\u00fameros elegibles: del 4-15 cl\u00e1sico a la libertad absoluta actual, que en la Liga Endesa se alcanz\u00f3 en la temporada 2016-17 con el reconocimiento de la dualidad 0 y 00. Aunque ya estamos acumbrados a ver dorsales muy altos, lo cierto es que la mayor\u00eda de los jugadores siguen optando por n\u00fameros bajos.<\/p>\n<p>Como prueba, el 54% de los jugadores de la temporada actual han optado por un n\u00famero comprendido entre el 4 y el 15, las cifras &#8216;old school&#8217;. En cambio, solo trece se han atrevido con un n\u00famero por encima del 50.<\/p>\n<p>La temporada pasada, <a href=\"https:\/\/acb.com\/articulo\/ver\/510887-la-liga-endesa-un-juego-de-numeros.html\" title=\"el triunfador absoluto fue el n\u00famero 11\" rel=\"nofollow noopener\" target=\"_blank\">el triunfador absoluto fue el n\u00famero 11<\/a>, llevado por hasta 15 jugadores diferentes. En este inicio de campa\u00f1a, si bien es uno de los m\u00e1s frecuentes (<strong>Hezonja<\/strong>, <strong>Forrest<\/strong>, <strong>Hilliard<\/strong>&#8230;), ha tenido que ceder, tal vez solo provisionalmente, el trono.<\/p>\n<p>El nuevo dorsal fetiche es el 2<\/p>\n<p>      <img decoding=\"async\" alt=\"acb Photo\/Aitor Arrizabalaga\" title=\"acb Photo\/Aitor Arrizabalaga\"  src=\"https:\/\/www.europesays.com\/es\/wp-content\/uploads\/2025\/10\/0000835589-16-9-01.jpg\"\/><\/p>\n<p>\u00a9 acb Photo\/Aitor Arrizabalaga<\/p>\n<p><strong>Olek Balcerowski<\/strong>, <strong>Trae Bell-Haynes<\/strong>, <strong>Hugo Benitez<\/strong>, <strong>Maxi Fjellerup<\/strong>, <strong>Kostas Kostadinov<\/strong>, <strong>Juani Marcos<\/strong>, <strong>Margiris Normantas<\/strong>, <strong>Josep Puerto<\/strong>, <strong>Sander Raieste<\/strong>, <strong>Jonathan Rousselle<\/strong>, <strong>Corey Walden<\/strong> y <strong>Isaiah Wong<\/strong>; doce jugadores han coincidido en llevar el dorsal 2. El m\u00e1s repetido&#8230; Aunque por la m\u00ednima.<\/p>\n<p>Le siguen el 0, el 3 y el 8, con once jugadores cada uno. Con ellos veremos a jugadores como <strong>Kevin Punter<\/strong>, <strong>Markus Howard<\/strong> (el 0), <strong>Jaime Fern\u00e1ndez<\/strong> (el 3), <strong>Jean Montero<\/strong> o <strong>Dar\u00edo Brizuela<\/strong> (el 8).<\/p>\n<p>En el siguiente escal\u00f3n, y de nuevo por poca diferencia, el 4, 7, 12 y 13, con diez representantes cada uno. Les siguien el 6 y el 11 (9) para completar el Top 10.<\/p>\n<p>A d\u00eda de hoy, entre todos los jugadores que entraron en acta en la Jornada 1, y los que est\u00e1n en plantilla pero no han podido debutar por decisi\u00f3n t\u00e9cnica o lesi\u00f3n, se han elegido 48 dorsales diferentes. Con el paso de las jornadas, la llegada de fichajes y debuts de canteranos, el ranking de n\u00fameros m\u00e1s populares puede evolucionar. Pero, de entrada, nos deja varios datos curiosos:<\/p>\n<ul>\n<li>Los n\u00fameros m\u00e1s bajos son el 0\ufe0f\u20e3 y el 0\ufe0f\u20e30\ufe0f\u20e3. De hecho, en Casademont Zaragoza y MoraBanc Andorra coinciden un 0\ufe0f\u20e3 (<strong>Spissu<\/strong> y <strong>Evans<\/strong>) y un 0\ufe0f\u20e30\ufe0f\u20e3 (<strong>Robinson<\/strong> y <strong>Udeze<\/strong>).<\/li>\n<li>\u00bfEl dorsal m\u00e1s alto? El 9\ufe0f\u20e39\ufe0f\u20e3 de <strong>Samanic<\/strong>, <strong>Pustovyi<\/strong>, <strong>Plummer<\/strong> y <strong>Nakic<\/strong>.<\/li>\n<li>El 2\ufe0f\u20e36\ufe0f\u20e3 es el primer dorsal no elegido&#8230; Por segunda campa\u00f1a consecutiva. \u00bfEstar\u00e1 maldito?<\/li>\n<li>Todos los n\u00fameros gemelos (1\ufe0f\u20e31\ufe0f\u20e3, 2\ufe0f\u20e32\ufe0f\u20e3, 3\ufe0f\u20e33\ufe0f\u20e3, etc.) est\u00e1n cogidos&#8230; Menos el 6\ufe0f\u20e36\ufe0f\u20e3.<\/li>\n<li>El jug\u00f3n del Recoletas Salud <strong>Jhivvan Jackson<\/strong> es el primer jugador en la historia de la acb que lleva el 5\ufe0f\u20e36\ufe0f\u20e3. De igual modo, nadie hab\u00eda portado el 7\ufe0f\u20e33\ufe0f\u20e3 hasta que lo hizo <strong>Stefan Lazarevic<\/strong> el s\u00e1bado con el Surne Bilbao.<\/li>\n<\/ul>\n<p>      <img decoding=\"async\" alt=\"acb Photo \/ Esther Casas\" title=\"acb Photo \/ Esther Casas\"  src=\"https:\/\/www.europesays.com\/es\/wp-content\/uploads\/2025\/10\/0000836701-16-9-01.jpg\"\/><\/p>\n<p>\u00a9 acb Photo \/ Esther Casas<\/p>\n<p><strong>Todos los dorsales de la Liga Endesa 25-26<\/strong><\/p>\n<tr>\nDorsal<br \/>\nN\u00fam. jugadores<br \/>\n<\/tr>\n<tr>\n<td>0<\/td>\n<td>11<\/td>\n<\/tr>\n<tr>\n<td>00<\/td>\n<td>3<\/td>\n<\/tr>\n<tr>\n<td>1<\/td>\n<td>8<\/td>\n<\/tr>\n<tr>\n<td>2<\/td>\n<td>12<\/td>\n<\/tr>\n<tr>\n<td>3<\/td>\n<td>11<\/td>\n<\/tr>\n<tr>\n<td>4<\/td>\n<td>10<\/td>\n<\/tr>\n<tr>\n<td>5<\/td>\n<td>8<\/td>\n<\/tr>\n<tr>\n<td>6<\/td>\n<td>9<\/td>\n<\/tr>\n<tr>\n<td>7<\/td>\n<td>10<\/td>\n<\/tr>\n<tr>\n<td>8<\/td>\n<td>11<\/td>\n<\/tr>\n<tr>\n<td>9<\/td>\n<td>7<\/td>\n<\/tr>\n<tr>\n<td>10<\/td>\n<td>8<\/td>\n<\/tr>\n<tr>\n<td>11<\/td>\n<td>9<\/td>\n<\/tr>\n<tr>\n<td>12<\/td>\n<td>10<\/td>\n<\/tr>\n<tr>\n<td>13<\/td>\n<td>10<\/td>\n<\/tr>\n<tr>\n<td>14<\/td>\n<td>5<\/td>\n<\/tr>\n<tr>\n<td>15<\/td>\n<td>4<\/td>\n<\/tr>\n<tr>\n<td>16<\/td>\n<td>6<\/td>\n<\/tr>\n<tr>\n<td>17<\/td>\n<td>4<\/td>\n<\/tr>\n<tr>\n<td>18<\/td>\n<td>6<\/td>\n<\/tr>\n<tr>\n<td>19<\/td>\n<td>8<\/td>\n<\/tr>\n<tr>\n<td>20<\/td>\n<td>6<\/td>\n<\/tr>\n<tr>\n<td>21<\/td>\n<td>6<\/td>\n<\/tr>\n<tr>\n<td>22<\/td>\n<td>7<\/td>\n<\/tr>\n<tr>\n<td>23<\/td>\n<td>8<\/td>\n<\/tr>\n<tr>\n<td>24<\/td>\n<td>7<\/td>\n<\/tr>\n<tr>\n<td>25<\/td>\n<td>3<\/td>\n<\/tr>\n<tr>\n<td>27<\/td>\n<td>1<\/td>\n<\/tr>\n<tr>\n<td>29<\/td>\n<td>2<\/td>\n<\/tr>\n<tr>\n<td>31<\/td>\n<td>2<\/td>\n<\/tr>\n<tr>\n<td>32<\/td>\n<td>4<\/td>\n<\/tr>\n<tr>\n<td>33<\/td>\n<td>4<\/td>\n<\/tr>\n<tr>\n<td>35<\/td>\n<td>4<\/td>\n<\/tr>\n<tr>\n<td>37<\/td>\n<td>1<\/td>\n<\/tr>\n<tr>\n<td>40<\/td>\n<td>1<\/td>\n<\/tr>\n<tr>\n<td>42<\/td>\n<td>1<\/td>\n<\/tr>\n<tr>\n<td>43<\/td>\n<td>1<\/td>\n<\/tr>\n<tr>\n<td>44<\/td>\n<td>2<\/td>\n<\/tr>\n<tr>\n<td>45<\/td>\n<td>1<\/td>\n<\/tr>\n<tr>\n<td>47<\/td>\n<td>2<\/td>\n<\/tr>\n<tr>\n<td>52<\/td>\n<td>1<\/td>\n<\/tr>\n<tr>\n<td>55<\/td>\n<td>2<\/td>\n<\/tr>\n<tr>\n<td>56<\/td>\n<td>1<\/td>\n<\/tr>\n<tr>\n<td>73<\/td>\n<td>1<\/td>\n<\/tr>\n<tr>\n<td>77<\/td>\n<td>3<\/td>\n<\/tr>\n<tr>\n<td>88<\/td>\n<td>1<\/td>\n<\/tr>\n<tr>\n<td>99<\/td>\n<td>4<\/td>\n<\/tr>\n<p>Se han computado todos los jugadores que entraron en acta en la Jornada 1 y los inscritos en la Liga Endesa que est\u00e9n en din\u00e1mica del primer equipo y que fueran descartados para el primer partido por lesi\u00f3n o decisi\u00f3n t\u00e9cnica.<\/p>\n","protected":false},"excerpt":{"rendered":"En muchas ocasiones, los dorsales son una elecci\u00f3n muy personal; un fetiche que acompa\u00f1a al jugador durante toda&hellip;\n","protected":false},"author":2,"featured_media":166660,"comment_status":"","ping_status":"","sticky":false,"template":"","format":"standard","meta":{"footnotes":""},"categories":[269],"tags":[299,298,168,25,24,23,167],"class_list":{"0":"post-166659","1":"post","2":"type-post","3":"status-publish","4":"format-standard","5":"has-post-thumbnail","7":"category-baloncesto","8":"tag-baloncesto","9":"tag-basketball","10":"tag-deportes","11":"tag-es","12":"tag-espana","13":"tag-spain","14":"tag-sports"},"share_on_mastodon":{"url":"","error":""},"_links":{"self":[{"href":"https:\/\/www.europesays.com\/es\/wp-json\/wp\/v2\/posts\/166659","targetHints":{"allow":["GET"]}}],"collection":[{"href":"https:\/\/www.europesays.com\/es\/wp-json\/wp\/v2\/posts"}],"about":[{"href":"https:\/\/www.europesays.com\/es\/wp-json\/wp\/v2\/types\/post"}],"author":[{"embeddable":true,"href":"https:\/\/www.europesays.com\/es\/wp-json\/wp\/v2\/users\/2"}],"replies":[{"embeddable":true,"href":"https:\/\/www.europesays.com\/es\/wp-json\/wp\/v2\/comments?post=166659"}],"version-history":[{"count":0,"href":"https:\/\/www.europesays.com\/es\/wp-json\/wp\/v2\/posts\/166659\/revisions"}],"wp:featuredmedia":[{"embeddable":true,"href":"https:\/\/www.europesays.com\/es\/wp-json\/wp\/v2\/media\/166660"}],"wp:attachment":[{"href":"https:\/\/www.europesays.com\/es\/wp-json\/wp\/v2\/media?parent=166659"}],"wp:term":[{"taxonomy":"category","embeddable":true,"href":"https:\/\/www.europesays.com\/es\/wp-json\/wp\/v2\/categories?post=166659"},{"taxonomy":"post_tag","embeddable":true,"href":"https:\/\/www.europesays.com\/es\/wp-json\/wp\/v2\/tags?post=166659"}],"curies":[{"name":"wp","href":"https:\/\/api.w.org\/{rel}","templated":true}]}}