{"id":166661,"date":"2025-10-10T04:36:12","date_gmt":"2025-10-10T04:36:12","guid":{"rendered":"https:\/\/www.europesays.com\/es\/166661\/"},"modified":"2025-10-10T04:36:12","modified_gmt":"2025-10-10T04:36:12","slug":"el-capitan-del-espanyol-lanza-un-mensaje-en-sus-redes-sociales","status":"publish","type":"post","link":"https:\/\/www.europesays.com\/es\/166661\/","title":{"rendered":"El capit\u00e1n del Espanyol lanza un mensaje en sus redes sociales"},"content":{"rendered":"<p>Este pasado mi\u00e9rcoles no fue un buen d\u00eda para <strong>Javi Puado<\/strong>, y es que el capit\u00e1n blanquiazul ha ca\u00eddo lesionado y estar\u00e1 dos meses fuera de los terrenos de juego. Un importante contratiempo para <strong>Manolo Gonz\u00e1lez<\/strong>, ya que el \u20187\u2019 es imprescindible en los esquemas del t\u00e9cnico gallego.\u00a0<\/p>\n<p>El atacante sufre una <strong>entorsis de rodilla (derecha) que le ha provocado un esguince ligamento con afectaci\u00f3n de cruzado sin llegar a rotura<\/strong>. Puado no deber\u00e1 pasar por el quir\u00f3fano, pero el proceso de recuperaci\u00f3n es lento. El canterano ha querido mandar un mensaje, a trav\u00e9s de sus redes sociales, donde ha lanzado un mensaje optimista. \u201c<strong>1\ufe0f\u20e3 d\u00eda menos para volver m\u00e1s fuerte!!! \ud83d\udcaa\ud83c\udffd\u2692\ufe0f\ud83e\udd0d\ud83d\udc99<\/strong>\u201d, ha escrito el \u20187\u2019 perico.<\/p>\n<blockquote class=\"instagram-media\" data-instgrm-permalink=\"https:\/\/www.instagram.com\/p\/DPmVEVADKH_\/?utm_source=ig_embed&amp;utm_campaign=loading\" data-instgrm-version=\"14\" style=\" background:#FFF; border:0; border-radius:3px; box-shadow:0 0 1px 0 rgba(0,0,0,0.5),0 1px 10px 0 rgba(0,0,0,0.15); margin: 1px; max-width:540px; min-width:326px; padding:0; width:99.375%; width:-webkit-calc(100% - 2px); width:calc(100% - 2px);\"\/>\n<p><script async src=\"\/\/www.instagram.com\/embed.js\"><\/script><\/p>\n","protected":false},"excerpt":{"rendered":"Este pasado mi\u00e9rcoles no fue un buen d\u00eda para Javi Puado, y es que el capit\u00e1n blanquiazul ha&hellip;\n","protected":false},"author":2,"featured_media":166662,"comment_status":"","ping_status":"","sticky":false,"template":"","format":"standard","meta":{"footnotes":""},"categories":[268],"tags":[168,25,24,280,282,281,23,167],"class_list":{"0":"post-166661","1":"post","2":"type-post","3":"status-publish","4":"format-standard","5":"has-post-thumbnail","7":"category-futbol","8":"tag-deportes","9":"tag-es","10":"tag-espana","11":"tag-football","12":"tag-futbol","13":"tag-soccer","14":"tag-spain","15":"tag-sports"},"share_on_mastodon":{"url":"","error":""},"_links":{"self":[{"href":"https:\/\/www.europesays.com\/es\/wp-json\/wp\/v2\/posts\/166661","targetHints":{"allow":["GET"]}}],"collection":[{"href":"https:\/\/www.europesays.com\/es\/wp-json\/wp\/v2\/posts"}],"about":[{"href":"https:\/\/www.europesays.com\/es\/wp-json\/wp\/v2\/types\/post"}],"author":[{"embeddable":true,"href":"https:\/\/www.europesays.com\/es\/wp-json\/wp\/v2\/users\/2"}],"replies":[{"embeddable":true,"href":"https:\/\/www.europesays.com\/es\/wp-json\/wp\/v2\/comments?post=166661"}],"version-history":[{"count":0,"href":"https:\/\/www.europesays.com\/es\/wp-json\/wp\/v2\/posts\/166661\/revisions"}],"wp:featuredmedia":[{"embeddable":true,"href":"https:\/\/www.europesays.com\/es\/wp-json\/wp\/v2\/media\/166662"}],"wp:attachment":[{"href":"https:\/\/www.europesays.com\/es\/wp-json\/wp\/v2\/media?parent=166661"}],"wp:term":[{"taxonomy":"category","embeddable":true,"href":"https:\/\/www.europesays.com\/es\/wp-json\/wp\/v2\/categories?post=166661"},{"taxonomy":"post_tag","embeddable":true,"href":"https:\/\/www.europesays.com\/es\/wp-json\/wp\/v2\/tags?post=166661"}],"curies":[{"name":"wp","href":"https:\/\/api.w.org\/{rel}","templated":true}]}}