{"id":166671,"date":"2025-10-10T04:41:14","date_gmt":"2025-10-10T04:41:14","guid":{"rendered":"https:\/\/www.europesays.com\/es\/166671\/"},"modified":"2025-10-10T04:41:14","modified_gmt":"2025-10-10T04:41:14","slug":"brian-may-recordo-los-fracasos-iniciales-de-queen-algunos-nos-decian-vuelvan-en-unos-anos-y-hablamos","status":"publish","type":"post","link":"https:\/\/www.europesays.com\/es\/166671\/","title":{"rendered":"Brian May record\u00f3 los fracasos iniciales de Queen: \u201cAlgunos nos dec\u00edan, vuelvan en unos a\u00f1os y hablamos\u201d"},"content":{"rendered":"<p><img alt=\"Brian May destaca la importancia\" class=\"global-image\" decoding=\"async\" fetchpriority=\"high\" height=\"864\" loading=\"eager\" src=\"https:\/\/www.europesays.com\/es\/wp-content\/uploads\/2025\/10\/DOJUSWGXWFFRJJS4Y7LWHQHHTM.jpg\" width=\"1536\"\/>Brian May destaca la importancia de la remasterizaci\u00f3n para apreciar el sonido original de Queen (REUTERS\/Mario Anzuoni)<\/p>\n<p class=\"paragraph\">En una entrevista con Australian Guitar, <a href=\"https:\/\/www.infobae.com\/tag\/brian-may\/\" target=\"_blank\" rel=\"noreferrer nofollow noopener\" title=\"https:\/\/www.infobae.com\/tag\/brian-may\/\"><b>Brian May<\/b><\/a>, guitarrista y miembro fundador, reconstruy\u00f3 aquellos d\u00edas de lucha y experimentaci\u00f3n en su etapa como guitarrista de <a href=\"https:\/\/www.infobae.com\/entretenimiento\/2025\/03\/21\/brian-may-y-el-secreto-de-los-hits-de-queen-la-gente-no-entendia-como-podiamos-mezclar-tantos-generos-pero-eso-nos-hacia-unicos\/\" target=\"_blank\" rel=\"noreferrer nofollow noopener\" title=\"https:\/\/www.infobae.com\/entretenimiento\/2025\/03\/21\/brian-may-y-el-secreto-de-los-hits-de-queen-la-gente-no-entendia-como-podiamos-mezclar-tantos-generos-pero-eso-nos-hacia-unicos\/\">Queen<\/a>. Aquellos momentos, marcados por la escasez de <b>oportunidades<\/b>, la presi\u00f3n personal y la b\u00fasqueda de un sonido singular, fueron el inicio de una carrea gloriosa. Adem\u00e1s habl\u00f3 de c\u00f3mo atraviesa su recuperaci\u00f3n tras un derrame cerebral.<\/p>\n<p class=\"paragraph\">May subray\u00f3 la importancia de esta reedici\u00f3n, ya que permite descubrir la complejidad sonora de piezas como \u201cKeep Yourself Alive\u201d y \u201cMy Fairy King\u201d. <\/p>\n<p class=\"paragraph\">El <b>disco<\/b>, editado originalmente en 1973, tuvo una recepci\u00f3n tibia y enfrent\u00f3 cr\u00edticas negativas, lo que gener\u00f3 una relaci\u00f3n ambivalente tanto entre los fans como entre los propios integrantes de la <b>banda<\/b>. Ahora, la calidad de la nueva edici\u00f3n remasterizada permite apreciar la riqueza y el car\u00e1cter experimental de aquellas primeras grabaciones.<\/p>\n<p><img alt=\"\" class=\"global-image\" decoding=\"async\" fetchpriority=\"low\" height=\"1358\" loading=\"lazy\" src=\"https:\/\/www.europesays.com\/es\/wp-content\/uploads\/2025\/10\/SXF7RQXAWRDIPIAMAC7RW77YN4.webp\" width=\"960\"\/><\/p>\n<p class=\"paragraph\">El inicio de <b>Queen<\/b> estuvo atravesado por la precariedad y el desd\u00e9n de la industria. May record\u00f3 en Australian Guitar el tiempo previo a grabar en los Trident Studios, cuando las compa\u00f1\u00edas discogr\u00e1ficas rechazaban sistem\u00e1ticamente al grupo: \u201cNadie mordi\u00f3 el anzuelo. Ninguna compa\u00f1\u00eda discogr\u00e1fica lo quiso. <b>Algunos nos dec\u00edan: \u2018Vuelvan en unos a\u00f1os y hablamos\u2019<\/b>\u201d, relat\u00f3.<\/p>\n<p class=\"paragraph\">Esa falta de apoyo, lejos de quebrarlos, afianz\u00f3 su determinaci\u00f3n y la convicci\u00f3n de que cada obst\u00e1culo los fortalec\u00eda. Incluso despu\u00e9s del lanzamiento, la cr\u00edtica fue implacable, pero Queen hall\u00f3 consuelo al descubrir que otras bandas legendarias recib\u00edan el mismo trato.<\/p>\n<p class=\"paragraph\">El proceso de grabaci\u00f3n del \u00e1lbum debut fue un terreno f\u00e9rtil para la <b>experimentaci\u00f3n y el desarrollo de la identidad de Queen<\/b>. La banda acced\u00eda a sesiones nocturnas en Trident Studios y utilizaba ese tiempo para probar diferentes estilos y efectos sonoros. <\/p>\n<p><img alt=\"El debut de Queen enfrent\u00f3\" class=\"global-image\" decoding=\"async\" fetchpriority=\"low\" height=\"7500\" loading=\"lazy\" src=\"https:\/\/www.europesays.com\/es\/wp-content\/uploads\/2025\/10\/3RZF37FGHJBXNEAR3UJHN3HDDM.JPG\" width=\"5076\"\/>El debut de Queen enfrent\u00f3 rechazo de la industria y cr\u00edticas negativas, fortaleciendo la identidad del grupo (REUTERS\/Rob Taggart)<\/p>\n<p class=\"paragraph\">El m\u00fasico describi\u00f3 el ambiente como \u201cdarle a un escultor su primer trozo de arcilla y decirle: \u2018Aqu\u00ed tienes\u2019\u201d. Bajo la supervisi\u00f3n del productor Roy Thomas Baker y los hermanos Norman y Barry Sheffield, la b\u00fasqueda de un sonido limpio y caracter\u00edstico del estudio choc\u00f3 con la visi\u00f3n de la banda, que prefer\u00eda una propuesta m\u00e1s org\u00e1nica y potente. <\/p>\n<p class=\"paragraph\">Este cruce de perspectivas gener\u00f3 tensiones, pero tambi\u00e9n impuls\u00f3 la creatividad y consolid\u00f3 el car\u00e1cter del disco.<\/p>\n<p class=\"paragraph\">Entre los factores t\u00e9cnicos claves estuvo la utilizaci\u00f3n de la <b>guitarra Red Special<\/b>, construida por May junto a su padre, combinada con amplificadores AC30 y el treble booster Dallas Rangemaster. <\/p>\n<p><img alt=\"La reedici\u00f3n de Queen I\" class=\"global-image\" decoding=\"async\" fetchpriority=\"low\" height=\"1536\" loading=\"lazy\" src=\"https:\/\/www.europesays.com\/es\/wp-content\/uploads\/2025\/10\/MXIRTYTY7VBSXH5WEQ36J2WX4Y.jpeg\" width=\"1536\"\/>La reedici\u00f3n de Queen I revela la complejidad sonora y la historia de perseverancia de la banda<\/p>\n<p class=\"paragraph\">Este instrumento le permiti\u00f3 crear \u201cpaisajes orquestales\u201d y explorar la armonizaci\u00f3n y el contrapunto: \u201cLa Red Special tiene un sonido muy amplio. Escucharla a trav\u00e9s de los altavoces era emocionante. Quer\u00edamos que cantara, que retroalimentara\u201d, explic\u00f3. <\/p>\n<p class=\"paragraph\">Queen se distanci\u00f3 del blues-rock y glam-rock predominantes, apostando por una propuesta esc\u00e9nica y art\u00edstica \u00fanica: \u201cQuer\u00edamos dar a la gente la experiencia que sentimos al ver a The Who: el sonido, las luces, la actuaci\u00f3n, la ropa, el drama. Darles todo lo que ten\u00edamos\u201d, record\u00f3.<\/p>\n<p class=\"paragraph\">En la entrevista, tambi\u00e9n revel\u00f3 los conflictos personales que marcaron la etapa inicial de la banda, especialmente la compleja relaci\u00f3n con su padre. Aunque colabor\u00f3 en la construcci\u00f3n de la Red Special, su padre no apoyaba la decisi\u00f3n de abandonar una prometedora carrera acad\u00e9mica. <\/p>\n<p><img alt=\"Queen se distanci\u00f3 del blues-rock\" class=\"global-image\" decoding=\"async\" fetchpriority=\"low\" height=\"1270\" loading=\"lazy\" src=\"https:\/\/www.europesays.com\/es\/wp-content\/uploads\/2025\/10\/UTKW2FBEU5DNVONTMQMHFLBR5A.jpg\" width=\"1920\"\/>Queen se distanci\u00f3 del blues-rock y glam-rock, apostando por una propuesta esc\u00e9nica y art\u00edstica propia (Photo by Mick Hutson\/Redferns)<\/p>\n<p class=\"paragraph\">\u201c<b>Le gustaba ayudarme con mi afici\u00f3n, pero cuando la afici\u00f3n se convirti\u00f3 en mi carrera, se sinti\u00f3 muy infeliz<\/b>\u201d, describi\u00f3 May. La reconciliaci\u00f3n familiar lleg\u00f3 tiempo despu\u00e9s, al invitar a su padre a un concierto en el Madison Square Garden, un gesto que condens\u00f3 a\u00f1os de esfuerzo y b\u00fasqueda de aprobaci\u00f3n.<\/p>\n<p class=\"paragraph\">El despegue en vivo fue inmediato tras el lanzamiento de Queen I. May evoc\u00f3 el primer recital en el Imperial College como un momento crucial: el p\u00fablico, que hasta entonces los ignoraba, comenz\u00f3 a corear sus canciones, consolidando la confianza y el desarrollo art\u00edstico de la banda. <\/p>\n<p class=\"paragraph\">En cuanto a lo musical, el guitarrista reconoci\u00f3 con asombro la madurez alcanzada en aquella \u00e9poca: \u201cMe sorprende, al mirar atr\u00e1s, lo completo que era. No creo que pueda tocar mucho mejor ahora de lo que pod\u00eda entonces\u201d.<\/p>\n<p><img alt=\"El relanzamiento de Queen I\" class=\"global-image\" decoding=\"async\" fetchpriority=\"low\" height=\"1289\" loading=\"lazy\" src=\"https:\/\/www.europesays.com\/es\/wp-content\/uploads\/2025\/10\/3L6XN5YECRAGRPT4HM2DY6J76U.jpg\" width=\"1920\"\/>El relanzamiento de Queen I reafirma el legado de innovaci\u00f3n y superaci\u00f3n en la historia del grupo (Photo by Richard E. Aaron\/Redferns)<\/p>\n<p class=\"paragraph\">A pesar de perder temporalmente el control de su brazo izquierdo, el guitarrista nunca dej\u00f3 de mover los dedos y recuper\u00f3 la confianza: \u201c<b>Estoy bien ahora. Solo voy despacio<\/b>\u201d, relat\u00f3.<\/p>\n<p class=\"paragraph\">El relanzamiento de Queen I no solo recupera canciones olvidadas, sino que tambi\u00e9n renueva la historia de una banda que transform\u00f3 la lucha y la innovaci\u00f3n en su motor creativo. <b>Queen I<\/b> vuelve a rodar, reafirmando el legado de perseverancia, experimentaci\u00f3n y reconciliaci\u00f3n que defini\u00f3 los primeros pasos de la banda.<\/p>\n","protected":false},"excerpt":{"rendered":"Brian May destaca la importancia de la remasterizaci\u00f3n para apreciar el sonido original de Queen (REUTERS\/Mario Anzuoni) En&hellip;\n","protected":false},"author":2,"featured_media":166672,"comment_status":"","ping_status":"","sticky":false,"template":"","format":"standard","meta":{"footnotes":""},"categories":[170],"tags":[146,147,25,24,406,8536,184,185,23],"class_list":{"0":"post-166671","1":"post","2":"type-post","3":"status-publish","4":"format-standard","5":"has-post-thumbnail","7":"category-musica","8":"tag-entertainment","9":"tag-entretenimiento","10":"tag-es","11":"tag-espana","12":"tag-europe","13":"tag-london","14":"tag-music","15":"tag-musica","16":"tag-spain"},"share_on_mastodon":{"url":"","error":""},"_links":{"self":[{"href":"https:\/\/www.europesays.com\/es\/wp-json\/wp\/v2\/posts\/166671","targetHints":{"allow":["GET"]}}],"collection":[{"href":"https:\/\/www.europesays.com\/es\/wp-json\/wp\/v2\/posts"}],"about":[{"href":"https:\/\/www.europesays.com\/es\/wp-json\/wp\/v2\/types\/post"}],"author":[{"embeddable":true,"href":"https:\/\/www.europesays.com\/es\/wp-json\/wp\/v2\/users\/2"}],"replies":[{"embeddable":true,"href":"https:\/\/www.europesays.com\/es\/wp-json\/wp\/v2\/comments?post=166671"}],"version-history":[{"count":0,"href":"https:\/\/www.europesays.com\/es\/wp-json\/wp\/v2\/posts\/166671\/revisions"}],"wp:featuredmedia":[{"embeddable":true,"href":"https:\/\/www.europesays.com\/es\/wp-json\/wp\/v2\/media\/166672"}],"wp:attachment":[{"href":"https:\/\/www.europesays.com\/es\/wp-json\/wp\/v2\/media?parent=166671"}],"wp:term":[{"taxonomy":"category","embeddable":true,"href":"https:\/\/www.europesays.com\/es\/wp-json\/wp\/v2\/categories?post=166671"},{"taxonomy":"post_tag","embeddable":true,"href":"https:\/\/www.europesays.com\/es\/wp-json\/wp\/v2\/tags?post=166671"}],"curies":[{"name":"wp","href":"https:\/\/api.w.org\/{rel}","templated":true}]}}