{"id":166682,"date":"2025-10-10T04:49:08","date_gmt":"2025-10-10T04:49:08","guid":{"rendered":"https:\/\/www.europesays.com\/es\/166682\/"},"modified":"2025-10-10T04:49:08","modified_gmt":"2025-10-10T04:49:08","slug":"una-veintena-de-cadaveres-sepultados-por-30-toneladas-de-piedras-y-basura-espana","status":"publish","type":"post","link":"https:\/\/www.europesays.com\/es\/166682\/","title":{"rendered":"Una veintena de cad\u00e1veres sepultados por 30 toneladas de piedras y basura | Espa\u00f1a"},"content":{"rendered":"<p class=\"\">\u201cCuando han aparecido los primeros restos\u201d, explica Luciano Montero, nieto de uno de los fusilados que se buscan en la mina La Paloma, en Zarza la Mayor (C\u00e1ceres), \u201chemos sentido un alivio enorme porque hoy [por este jueves] el Parlamento extreme\u00f1o <a href=\"https:\/\/elpais.com\/espana\/2025-10-09\/pp-y-vox-derogan-la-ley-de-memoria-historica-de-extremadura-para-aprobar-la-de-concordia.html\" target=\"_blank\" rel=\"nofollow noopener\" title=\"https:\/\/elpais.com\/espana\/2025-10-09\/pp-y-vox-derogan-la-ley-de-memoria-historica-de-extremadura-para-aprobar-la-de-concordia.html\">ha derogado la ley de memoria <\/a>y probablemente no hubi\u00e9ramos podido seguir. Pero ya han sacado tres cr\u00e1neos con agujeros de bala y esto no lo para nadie. Quiz\u00e1 suene macabro, pero es como si nos hubiera tocado la loter\u00eda\u201d. Como han hecho en otras comunidades, el PP y Vox han derogado la ley regional, impulsada, en este caso, por el Gobierno socialista del recientemente fallecido <a href=\"https:\/\/elpais.com\/noticias\/guillermo-fernandez-vara\/\" target=\"_self\" rel=\"nofollow noopener\" title=\"https:\/\/elpais.com\/noticias\/guillermo-fernandez-vara\/\">Guillermo Fern\u00e1ndez Vara, <\/a>para sustituirla por otra llamada \u201cde concordia\u201d que evita referirse al golpe de Estado de Franco en 1936 como tal -\u201cLa guerra civil espa\u00f1ola llev\u00f3 hasta el paroxismo las din\u00e1micas de enfrentamiento de a\u00f1os anteriores\u201d, reza el texto- y que tampoco llama dictadura a los casi 40 a\u00f1os de represi\u00f3n del r\u00e9gimen franquista. El diputado de Vox que ha defendido la iniciativa, \u00d3scar Fern\u00e1ndez, ha asegurado que la nueva norma \u201cse centra en recuperar a personas queridas\u201d, pero ni los partidos de la oposici\u00f3n ni los colectivos memorialistas extreme\u00f1os se f\u00edan de que vaya a ser as\u00ed. <\/p>\n<p class=\"\">Juli\u00e1n Chaves, catedr\u00e1tico de historia contempor\u00e1nea responsable de la investigaci\u00f3n que ha llevado a los arque\u00f3logos y forenses de la sociedad de ciencias Aranzadi hasta la fosa, tampoco entiende por qu\u00e9 el PP y Vox han derogado la norma vigente hasta ahora y en cuya elaboraci\u00f3n particip\u00f3, con otros expertos. Explica que, en contra de lo que arguyen ambos partidos, la ley de memoria regional acog\u00eda a todas las v\u00edctimas, pero las solicitudes de apertura de fosas eran de familias del bando republicano porque las del bando nacional ya fueron reparadas durante la dictadura. \u201cEra una norma que se ajustaba perfectamente a los convenios y tratados internacionales suscritos por Espa\u00f1a en materia de derechos humanos y que no hab\u00eda planteado problema alguno. No comprendo este sectarismo. Esto es una cuesti\u00f3n de Estado y urgente, no va de colores de pol\u00edticos\u201d. <\/p>\n<p class=\"\">En este paraje, una antigua mina de wolframio que funcion\u00f3 en el siglo XIX, el equipo de Aranzadi busca a entre 22 y 24 personas. \u201cEran en su mayor\u00eda jornaleros de edades comprendidas entre los 20 y 40 a\u00f1os que fueron asesinados por ser militantes o simpatizantes de partidos u organizaciones de izquierdas. Creemos que entre las v\u00edctimas hay una mujer, maestra\u201d, relata Chaves. Los trabajos, en los que participan una decena de especialistas, han sido muy complejos. \u201cLos restos\u201d, explica la antrop\u00f3loga Lourdes Herrasti, \u201cestaban a 36 metros de profundidad [el equivalente a un edificio de 12 plantas]. Llegar hasta aqu\u00ed ha sido una tarea tit\u00e1nica porque tuvimos que sacar 30 toneladas de piedras, basura, neum\u00e1ticos&#8230;\u201d. La mina abandonada se encuentra en un lugar apartado y durante la guerra era utilizado por falangistas para hacer desaparecer los cad\u00e1veres de sus v\u00edctimas. El equipo ha colocado una c\u00e1mara en la zona donde trabajan y una pantalla en la boca de la mina para que los familiares de los represaliados puedan seguir sus trabajos. \u201cCuando aparecieron los primeros restos\u201d, relata Luciano Montero, \u201cla gente se puso a llamar a todos sus familiares, llorando&#8230;\u201d. El abuelo de Luciano &#8211; \u00e9l se llama as\u00ed por \u00e9l-, ten\u00eda 29 a\u00f1os cuando lo mataron, un hijo de tres a\u00f1os y una hija de 40 d\u00edas. \u201cEra jornalero\u201d, explica su nieto, \u201cy nos enteramos de que pod\u00eda estar aqu\u00ed gracias al trabajo de Juli\u00e1n Chaves, que se dedic\u00f3 durante a\u00f1os a recorrer los pueblos de la zona, recoger testimonios y documentos. En mi casa, ni mi padre ni mi abuela hablaron nunca de lo que hab\u00eda pasado. Ten\u00edan mucho miedo, les toc\u00f3 convivir con los asesinos&#8230; A trav\u00e9s de lo que comentaban otros, supo que a su padre lo hab\u00edan matado en 1936\u2033. <\/p>\n<p><img decoding=\"auto\" class=\"_re lazyload a_m-v\" height=\"552\"  width=\"414\"  src=\"https:\/\/www.europesays.com\/es\/wp-content\/uploads\/2025\/10\/2GKCS7GZ2RHL7B2TEQ4AJQFUYE.jpeg\" loading=\"lazy\"\/>Exhumaci\u00f3n de v\u00edctimas del franquismo en la antigua mina La Paloma, en Zarza la Mayor (C\u00e1ceres)Tito Aguirre<\/p>\n<p class=\"\">El ministro de Pol\u00edtica Territorial y Memoria Democr\u00e1tica, <a href=\"https:\/\/elpais.com\/noticias\/angel-victor-torres-perez\/\" target=\"_self\" rel=\"nofollow noopener\" title=\"https:\/\/elpais.com\/noticias\/angel-victor-torres-perez\/\">\u00c1ngel V\u00edctor Torres,<\/a> ha lamentado este jueves la decisi\u00f3n del parlamento extreme\u00f1o. \u201cTerrible paradoja que, justo cuando se encuentran los primeros cuerpos en la mina de La Paloma, el Gobierno de Extremadura, del PP, se pliegue a Vox al derogar la ley regional de memoria. Las familias, entre l\u00e1grimas, aliviadas por reencontrarse con sus seres queridos y el Gobierno de su autonom\u00eda d\u00e1ndoles la espalda. Este es un tema en el que todos los dem\u00f3cratas debemos estar unidos\u201d. El Ejecutivo central calcula que quedan por recuperar de las fosas del franquismo <a href=\"https:\/\/elpais.com\/espana\/2025-09-30\/el-gobierno-calcula-que-quedan-11000-cuerpos-por-recuperar-en-fosas-del-franquismo.html\" target=\"_self\" rel=\"nofollow noopener\" title=\"https:\/\/elpais.com\/espana\/2025-09-30\/el-gobierno-calcula-que-quedan-11000-cuerpos-por-recuperar-en-fosas-del-franquismo.html\">los restos de unos 11.000 fusilados<\/a> y la semana pasada aprob\u00f3 una nueva partida de 2,4 millones de euros para la localizaci\u00f3n y exhumaci\u00f3n de v\u00edctimas de la Guerra Civil. La exhumaci\u00f3n de Zarza la Mayor se ha financiado con fondos de la Diputaci\u00f3n de C\u00e1ceres. Hasta ahora, el Gobierno ha recurrido al Tribunal Constitucional la derogaci\u00f3n de las leyes regionales de memoria en las comunidades en las que el PP necesita el apoyo de Vox. <a href=\"https:\/\/elpais.com\/espana\/2024-05-03\/la-onu-insta-a-espana-a-adoptar-las-medidas-necesarias-contra-las-leyes-de-concordia-de-pp-y-vox.html\" target=\"_self\" rel=\"nofollow noopener\" title=\"https:\/\/elpais.com\/espana\/2024-05-03\/la-onu-insta-a-espana-a-adoptar-las-medidas-necesarias-contra-las-leyes-de-concordia-de-pp-y-vox.html\">Relatores de Naciones Unidas<\/a> ya instaron en mayo de 2024 al Gobierno de Espa\u00f1a a \u201cadoptar las medidas necesarias\u201d contra las llamadas leyes de concordia aprobadas por la derecha y la extrema derecha tras alertar sobre el riesgo que implica el \u201cnegacionismo\u201d. <\/p>\n","protected":false},"excerpt":{"rendered":"\u201cCuando han aparecido los primeros restos\u201d, explica Luciano Montero, nieto de uno de los fusilados que se buscan&hellip;\n","protected":false},"author":2,"featured_media":166683,"comment_status":"","ping_status":"","sticky":false,"template":"","format":"standard","meta":{"footnotes":""},"categories":[8],"tags":[28771,17,18,25,24,7234,13,14,48929,13172,11,19,20,1473,1472,9,10,15,16,956,23,12,21,22,1476,624],"class_list":{"0":"post-166682","1":"post","2":"type-post","3":"status-publish","4":"format-standard","5":"has-post-thumbnail","7":"category-espana","8":"tag-angel-victor-torres","9":"tag-breaking-news","10":"tag-breakingnews","11":"tag-es","12":"tag-espana","13":"tag-extremadura","14":"tag-featured-news","15":"tag-featurednews","16":"tag-fosas-comunes","17":"tag-guerra-civil-espanola","18":"tag-headlines","19":"tag-latest-news","20":"tag-latestnews","21":"tag-ley-memoria-democratica","22":"tag-memoria-historica","23":"tag-news","24":"tag-noticias","25":"tag-noticias-destacadas","26":"tag-noticiasdestacadas","27":"tag-pp","28":"tag-spain","29":"tag-titulares","30":"tag-ultimas-noticias","31":"tag-ultimasnoticias","32":"tag-victimas-franquismo","33":"tag-vox"},"share_on_mastodon":{"url":"","error":""},"_links":{"self":[{"href":"https:\/\/www.europesays.com\/es\/wp-json\/wp\/v2\/posts\/166682","targetHints":{"allow":["GET"]}}],"collection":[{"href":"https:\/\/www.europesays.com\/es\/wp-json\/wp\/v2\/posts"}],"about":[{"href":"https:\/\/www.europesays.com\/es\/wp-json\/wp\/v2\/types\/post"}],"author":[{"embeddable":true,"href":"https:\/\/www.europesays.com\/es\/wp-json\/wp\/v2\/users\/2"}],"replies":[{"embeddable":true,"href":"https:\/\/www.europesays.com\/es\/wp-json\/wp\/v2\/comments?post=166682"}],"version-history":[{"count":0,"href":"https:\/\/www.europesays.com\/es\/wp-json\/wp\/v2\/posts\/166682\/revisions"}],"wp:featuredmedia":[{"embeddable":true,"href":"https:\/\/www.europesays.com\/es\/wp-json\/wp\/v2\/media\/166683"}],"wp:attachment":[{"href":"https:\/\/www.europesays.com\/es\/wp-json\/wp\/v2\/media?parent=166682"}],"wp:term":[{"taxonomy":"category","embeddable":true,"href":"https:\/\/www.europesays.com\/es\/wp-json\/wp\/v2\/categories?post=166682"},{"taxonomy":"post_tag","embeddable":true,"href":"https:\/\/www.europesays.com\/es\/wp-json\/wp\/v2\/tags?post=166682"}],"curies":[{"name":"wp","href":"https:\/\/api.w.org\/{rel}","templated":true}]}}