{"id":166693,"date":"2025-10-10T04:59:07","date_gmt":"2025-10-10T04:59:07","guid":{"rendered":"https:\/\/www.europesays.com\/es\/166693\/"},"modified":"2025-10-10T04:59:07","modified_gmt":"2025-10-10T04:59:07","slug":"caleta-car-es-titular-con-croacia-y-luka-sucic-desconvocado","status":"publish","type":"post","link":"https:\/\/www.europesays.com\/es\/166693\/","title":{"rendered":"Caleta-Car es titular con Croacia y Luka Sucic, desconvocado"},"content":{"rendered":"<p data-gtm-element-container=\"modulo-texto-link\" class=\"paragraph\"><strong>Duje Caleta<\/strong>&#8211;<strong>Car <\/strong>sigue siendo importante con su pa\u00eds y\u00a0fue titular con Croacia y jug\u00f3 el partido completo en el duelo clasificatorio para el Mundial ante Rep\u00fablica Checa, a domicilio, que acab\u00f3 con empate sin goles. Ayud\u00f3 a tapar una acci\u00f3n, casi como portero, en la que los checos pudieron marcar el 1-0 pero fallaron.<\/p>\n<p data-gtm-element-container=\"modulo-texto-link\" class=\"paragraph\">El otro croata realista, <strong>Luka Sucic<\/strong>, no jug\u00f3. Pero es que tampoco entr\u00f3 en la convocatoria. Sigue teniendo que recuperar la confianza de <strong>Zlatko Dalic<\/strong>. Contra Gibraltar el t\u00e9cnico podr\u00eda rotar. Croacia es l\u00edder pero empatada con los checos a 13 puntos, con un partido menos que ellos. S\u00f3lo los primeros se clasifican al Mundial, mientras que los 12 segundos deber\u00e1n jugar los play-offs continentales de repesca junto a cuatro equipos m\u00e1s procedentes de la Nations League.<\/p>\n<p>    Lee tambi\u00e9n<\/p>\n<p data-gtm-element-container=\"modulo-texto-link\" class=\"paragraph\">Por su parte, el extremo del Sanse <strong>Job Ochieng <\/strong>jug\u00f3 25 minutos en la victoria 0-1 de Kenia ante Burundi, en el clasificatorio africano en el que ya no tienen opciones. No estar\u00e1 este s\u00e1bado con el Sanse. Este viernes juega la Jap\u00f3n de <strong>Kubo <\/strong>a las 12:20 horas (hora europea), un amistoso contra Paraguay, aunque el realista apunta a no jugar.<\/p>\n","protected":false},"excerpt":{"rendered":"Duje Caleta&#8211;Car sigue siendo importante con su pa\u00eds y\u00a0fue titular con Croacia y jug\u00f3 el partido completo en&hellip;\n","protected":false},"author":2,"featured_media":166694,"comment_status":"","ping_status":"","sticky":false,"template":"","format":"standard","meta":{"footnotes":""},"categories":[268],"tags":[168,25,24,280,282,281,23,167],"class_list":{"0":"post-166693","1":"post","2":"type-post","3":"status-publish","4":"format-standard","5":"has-post-thumbnail","7":"category-futbol","8":"tag-deportes","9":"tag-es","10":"tag-espana","11":"tag-football","12":"tag-futbol","13":"tag-soccer","14":"tag-spain","15":"tag-sports"},"share_on_mastodon":{"url":"","error":""},"_links":{"self":[{"href":"https:\/\/www.europesays.com\/es\/wp-json\/wp\/v2\/posts\/166693","targetHints":{"allow":["GET"]}}],"collection":[{"href":"https:\/\/www.europesays.com\/es\/wp-json\/wp\/v2\/posts"}],"about":[{"href":"https:\/\/www.europesays.com\/es\/wp-json\/wp\/v2\/types\/post"}],"author":[{"embeddable":true,"href":"https:\/\/www.europesays.com\/es\/wp-json\/wp\/v2\/users\/2"}],"replies":[{"embeddable":true,"href":"https:\/\/www.europesays.com\/es\/wp-json\/wp\/v2\/comments?post=166693"}],"version-history":[{"count":0,"href":"https:\/\/www.europesays.com\/es\/wp-json\/wp\/v2\/posts\/166693\/revisions"}],"wp:featuredmedia":[{"embeddable":true,"href":"https:\/\/www.europesays.com\/es\/wp-json\/wp\/v2\/media\/166694"}],"wp:attachment":[{"href":"https:\/\/www.europesays.com\/es\/wp-json\/wp\/v2\/media?parent=166693"}],"wp:term":[{"taxonomy":"category","embeddable":true,"href":"https:\/\/www.europesays.com\/es\/wp-json\/wp\/v2\/categories?post=166693"},{"taxonomy":"post_tag","embeddable":true,"href":"https:\/\/www.europesays.com\/es\/wp-json\/wp\/v2\/tags?post=166693"}],"curies":[{"name":"wp","href":"https:\/\/api.w.org\/{rel}","templated":true}]}}