{"id":166710,"date":"2025-10-10T05:08:11","date_gmt":"2025-10-10T05:08:11","guid":{"rendered":"https:\/\/www.europesays.com\/es\/166710\/"},"modified":"2025-10-10T05:08:11","modified_gmt":"2025-10-10T05:08:11","slug":"estos-son-los-18-participantes-del-benidorm-fest-2026-la-hija-de-bimba-bose-miranda-varios-concursantes-de-ot-television","status":"publish","type":"post","link":"https:\/\/www.europesays.com\/es\/166710\/","title":{"rendered":"Estos son los 18 participantes del Benidorm Fest 2026: la hija de Bimba Bos\u00e9, Miranda!, varios concursantes de OT&#8230; | Televisi\u00f3n"},"content":{"rendered":"<p class=\"\">Todav\u00eda est\u00e1 en duda si el ganador del Benidorm Fest ser\u00e1 este a\u00f1o tambi\u00e9n el representante en Eurovisi\u00f3n, dado que Espa\u00f1a podr\u00eda no participar en el certamen europeo si comparte escenario con Israel, pero eso no ha hecho parar <a href=\"https:\/\/elpais.com\/television\/2025-09-16\/que-pasa-si-espana-no-va-a-eurovision-cuando-se-sabe-si-israel-participa-se-anulara-tambien-el-benidorm-fest.html\" target=\"_self\" rel=\"nofollow noopener\" title=\"https:\/\/elpais.com\/television\/2025-09-16\/que-pasa-si-espana-no-va-a-eurovision-cuando-se-sabe-si-israel-participa-se-anulara-tambien-el-benidorm-fest.html\">los planes a RTVE sobre un espect\u00e1culo que ahora quiere profesionalizar como entidad propia<\/a>. Por eso, antes de conocerse esta decisi\u00f3n clave, la corporaci\u00f3n p\u00fablica ha presentado este jueves en una rueda de prensa los 18 nuevos participantes para la edici\u00f3n 2026, <a href=\"https:\/\/elpais.com\/television\/2025-06-26\/el-benidorm-fest-ya-tiene-fechas-para-2026-y-ficha-a-uno-de-los-responsables-de-la-victoria-de-austria-en-eurovision.html\" target=\"_self\" rel=\"nofollow noopener\" title=\"https:\/\/elpais.com\/television\/2025-06-26\/el-benidorm-fest-ya-tiene-fechas-para-2026-y-ficha-a-uno-de-los-responsables-de-la-victoria-de-austria-en-eurovision.html\">cuyas semifinales se celebrar\u00e1n el 10 y 12 de febrero y la gran final el 14<\/a> del segundo mes del a\u00f1o. Las canciones de cada artista se dar\u00e1n a conocer el pr\u00f3ximo 18 de diciembre. <\/p>\n<p>M\u00e1s informaci\u00f3n<\/p>\n<p class=\"\">La lista de concursantes est\u00e1 repleta de nepobabies, exconcursantes de OT y formaciones frankenstein. Son <a href=\"https:\/\/elpais.com\/television\/2020-11-29\/asha-hasta-que-no-llegue-a-espana-no-supe-lo-que-realmente-significa-eurovision.html\" target=\"_self\" rel=\"nofollow noopener\" title=\"https:\/\/elpais.com\/television\/2020-11-29\/asha-hasta-que-no-llegue-a-espana-no-supe-lo-que-realmente-significa-eurovision.html\">Asha<\/a>, Atyat, Dani J, el d\u00fao Dora Postigo (hija de Bimba Bos\u00e9) y Marlon Collins, <a href=\"https:\/\/elpais.com\/elpais\/2019\/03\/26\/videos\/1553610711_087676.html\" target=\"_self\" rel=\"nofollow noopener\" title=\"https:\/\/elpais.com\/elpais\/2019\/03\/26\/videos\/1553610711_087676.html\">Funambulista<\/a>, Greg Taro (hermano de \u00c1lvaro Soler), <a href=\"https:\/\/elpais.com\/cultura\/2018\/06\/09\/television\/1528497105_995073.html\" target=\"_self\" rel=\"nofollow noopener\" title=\"https:\/\/elpais.com\/cultura\/2018\/06\/09\/television\/1528497105_995073.html\">Izan Llunas<\/a> (nieto de Dyango), Kenneth, <a href=\"https:\/\/elpais.com\/ccaa\/2018\/11\/11\/madrid\/1541952335_541154.html\" target=\"_self\" rel=\"nofollow noopener\" title=\"https:\/\/elpais.com\/ccaa\/2018\/11\/11\/madrid\/1541952335_541154.html\">Kitai<\/a>, KU Minerva (cantante de Estoy llorando por ti), <a href=\"https:\/\/elpais.com\/eps\/2023-08-09\/luna-ki-por-lo-mismo-que-me-han-renido-profesores-luego-me-han-aplaudido.html\" target=\"_self\" rel=\"nofollow noopener\" title=\"https:\/\/elpais.com\/eps\/2023-08-09\/luna-ki-por-lo-mismo-que-me-han-renido-profesores-luego-me-han-aplaudido.html\">Luna Ki<\/a> (<a href=\"https:\/\/elpais.com\/television\/2022-01-23\/la-cantante-luna-ki-se-retira-del-benidorm-fest-por-no-poder-utilizar-autotune.html\" target=\"_self\" rel=\"nofollow noopener\" title=\"https:\/\/elpais.com\/television\/2022-01-23\/la-cantante-luna-ki-se-retira-del-benidorm-fest-por-no-poder-utilizar-autotune.html\">concursante que acus\u00f3 al primer Benidorm Fest<\/a> de haber causado su retirada tras haberla enga\u00f1ado), el d\u00fao de <a href=\"https:\/\/elpais.com\/elpais\/2016\/09\/24\/estilo\/1474738439_233325.html\" target=\"_self\" rel=\"nofollow noopener\" title=\"https:\/\/elpais.com\/elpais\/2016\/09\/24\/estilo\/1474738439_233325.html\">Mar\u00eda Le\u00f3n<\/a> y <a href=\"https:\/\/elpais.com\/elpais\/2018\/12\/18\/gente\/1545150093_764229.html\" target=\"_self\" rel=\"nofollow noopener\" title=\"https:\/\/elpais.com\/elpais\/2018\/12\/18\/gente\/1545150093_764229.html\">Julia Medina<\/a>, el tambi\u00e9n concursante de Operaci\u00f3n Triunfo <a href=\"https:\/\/elpais.com\/icon\/2024-06-07\/mayo-la-promesa-queer-de-operacion-triunfo-mi-familia-me-decia-que-no-me-presentara-tan-gay-que-podia-perder-publico.html\" target=\"_self\" rel=\"nofollow noopener\" title=\"https:\/\/elpais.com\/icon\/2024-06-07\/mayo-la-promesa-queer-de-operacion-triunfo-mi-familia-me-decia-que-no-me-presentara-tan-gay-que-podia-perder-publico.html\">\u00c1lvaro Mayo<\/a>, <a href=\"https:\/\/elpais.com\/television\/2025-07-17\/esperansa-grasia-la-revelacion-de-tu-cara-me-suena-12-pensaba-que-la-gente-me-iba-a-machacar-por-llegar-tan-lejos-sin-ser-cantante.html\" target=\"_self\" rel=\"nofollow noopener\" title=\"https:\/\/elpais.com\/television\/2025-07-17\/esperansa-grasia-la-revelacion-de-tu-cara-me-suena-12-pensaba-que-la-gente-me-iba-a-machacar-por-llegar-tan-lejos-sin-ser-cantante.html\">Mikel Herzog Jr.<\/a>, la uni\u00f3n de los grupos <a href=\"https:\/\/elpais.com\/elpais\/2017\/11\/27\/fotorrelato\/1511793843_160493.html\" target=\"_self\" rel=\"nofollow noopener\" title=\"https:\/\/elpais.com\/elpais\/2017\/11\/27\/fotorrelato\/1511793843_160493.html\">Miranda!<\/a> y Bailamam\u00e1 (con \u00d3scar Ferrer, cantante de Varry Brava), Rosalinda Gal\u00e1n, The Quinquis (con un miembro de Miss Caffeina) y el d\u00fao Tony Grox y LucyCalys.<\/p>\n<p class=\"\">RTVE cerr\u00f3 a finales de septiembre el proceso de selecci\u00f3n de candidaturas para el Benidorm Fest 2026. En total, se han recibido 870 canciones a lo largo de los 111 d\u00edas que ha durado el proceso abierto por la cadena p\u00fablica, 32 d\u00edas menos que en la edici\u00f3n anterior. Es una cifra ligeramente inferior a la de la edici\u00f3n pasada que acab\u00f3 ganando <a href=\"https:\/\/elpais.com\/television\/2025-02-02\/melody-el-miercoles-estaba-con-oxigeno-en-el-hospital-no-dije-nada-porque-sabia-que-el-jueves-iba-a-estar-dandolo-todo.html\" target=\"_self\" rel=\"nofollow noopener\" title=\"https:\/\/elpais.com\/television\/2025-02-02\/melody-el-miercoles-estaba-con-oxigeno-en-el-hospital-no-dije-nada-porque-sabia-que-el-jueves-iba-a-estar-dandolo-todo.html\">Melody con Una diva<\/a>. De esos 870 temas, casi 350 se han recibido en las \u00faltimas 24 horas del plazo marcado. La elecci\u00f3n final de estos candidatos no se ha basado en la suma de votos individuales de los miembros del comit\u00e9 seleccionador, como ocurr\u00eda hasta ahora, sino que ha tenido cumplir con un consenso colectivo. <\/p>\n<p class=\"\">Todo esto ha sucedido en plena pol\u00e9mica eurovisiva, dado que <a href=\"https:\/\/elpais.com\/television\/2025-09-16\/espantada-en-eurovision-espana-quinto-pais-que-confirma-su-retirada-si-israel-participa-en-2026.html\" target=\"_self\" rel=\"nofollow noopener\" title=\"https:\/\/elpais.com\/television\/2025-09-16\/espantada-en-eurovision-espana-quinto-pais-que-confirma-su-retirada-si-israel-participa-en-2026.html\">RTVE ha asegurado que no participar\u00e1 ni emitir\u00e1 Eurovisi\u00f3n 2026<\/a> si su organizadora, la Uni\u00f3n Europea de Radiodifusi\u00f3n (UER), no expulsa a Israel por sus ataques a la poblaci\u00f3n civil de Gaza, que ya suman casi 70.000 v\u00edctimas. Pero la decisi\u00f3n en torno a Israel <a href=\"https:\/\/elpais.com\/television\/2025-09-25\/eurovision-adelanta-a-noviembre-la-votacion-por-la-permanencia-de-israel.html\" target=\"_self\" rel=\"nofollow noopener\" title=\"https:\/\/elpais.com\/television\/2025-09-25\/eurovision-adelanta-a-noviembre-la-votacion-por-la-permanencia-de-israel.html\">no se sabr\u00e1 hasta principios de noviembre<\/a>, momento en el que la responsable del festival europeo de la canci\u00f3n ha convocado una reuni\u00f3n para que todos sus miembros voten sobre la expulsi\u00f3n del pa\u00eds del certamen musical, que no del organismo.<\/p>\n<p>Novedades para el 2026<\/p>\n<p class=\"\">Para asegurar su futuro y candidaturas m\u00e1s profesionales, por vez primera, el certamen contar\u00e1 con un premio en met\u00e1lico. La canci\u00f3n ganadora obtendr\u00e1 <a href=\"https:\/\/elpais.com\/television\/2025-05-29\/rtve-premiara-con-150000-euros-al-ganador-del-benidorm-fest-como-colchon-para-su-carrera-musical.html\" target=\"_self\" rel=\"nofollow noopener\" title=\"https:\/\/elpais.com\/television\/2025-05-29\/rtve-premiara-con-150000-euros-al-ganador-del-benidorm-fest-como-colchon-para-su-carrera-musical.html\">un premio de 150.000 euros<\/a> (100.000 para los int\u00e9rpretes y 50.000 para los autores). Los rendimientos de los derechos editoriales del tema ganador, adem\u00e1s, recaer\u00e1n completamente sobre la autor\u00eda. Otro de los cambios con respecto a la edici\u00f3n anterior del festival es que se introducir\u00e1 de nuevo el jurado demosc\u00f3pico como parte del sistema de votaci\u00f3n.<\/p>\n<p class=\"\">Sergio Ja\u00e9n, encargado de la puesta en escena de la propuesta ganadora de Eurovisi\u00f3n 2025, <a href=\"https:\/\/elpais.com\/television\/2025-05-21\/jj-tras-ganar-eurovision-2025-ojala-el-ano-que-viene-el-festival-se-celebre-en-viena-y-sin-israel.html\" target=\"_self\" rel=\"nofollow noopener\" title=\"https:\/\/elpais.com\/television\/2025-05-21\/jj-tras-ganar-eurovision-2025-ojala-el-ano-que-viene-el-festival-se-celebre-en-viena-y-sin-israel.html\">Wasted Love de JJ,<\/a> asumir\u00e1 la direcci\u00f3n art\u00edstica del Benidorm Fest 2026, para asegurarse que el espect\u00e1culo en su conjunto tenga una mayor coherencia est\u00e9tica y t\u00e9cnica. Para sus puestas en escena, los artistas, si as\u00ed lo desean, podr\u00e1n trabajar con el equipo art\u00edstico de RTVE liderado por Ja\u00e9n. Las <a href=\"https:\/\/www.rtve.es\/contenidos\/eurovision\/bases-benidorm-fest-2026.pdf\" rel=\"nofollow noopener\" target=\"_blank\">bases del Benidorm Fest<\/a> tambi\u00e9n recogen la posibilidad de que los artistas participen con sus propios equipos art\u00edsticos, siempre en coordinaci\u00f3n con los profesionales de RTVE, siguiendo la mec\u00e1nica de los a\u00f1os anteriores.<\/p>\n<p class=\"\">El finland\u00e9s Ari Level\u00e4, cuya trayectoria tambi\u00e9n est\u00e1 ligada a Eurovisi\u00f3n, se incorpora como director visual y ser\u00e1 el responsable de los dise\u00f1os de escenograf\u00eda e iluminaci\u00f3n para las actuaciones de los cantantes que tratar\u00e1n de hacerse con el trofeo que en las cuatro ediciones anteriores ganaron tambi\u00e9n <a href=\"https:\/\/elpais.com\/television\/2022-01-30\/chanel-gana-por-sorpresa-el-benidorm-fest-y-representara-a-espana-en-eurovision-2022.html\" target=\"_self\" rel=\"nofollow noopener\" title=\"https:\/\/elpais.com\/television\/2022-01-30\/chanel-gana-por-sorpresa-el-benidorm-fest-y-representara-a-espana-en-eurovision-2022.html\">Chanel<\/a> (SlowMo), <a href=\"https:\/\/elpais.com\/espana\/comunidad-valenciana\/2023-02-11\/blanca-paloma-de-su-cuarto-de-la-musica-al-escenario-de-eurovision.html\" target=\"_self\" rel=\"nofollow noopener\" title=\"https:\/\/elpais.com\/espana\/comunidad-valenciana\/2023-02-11\/blanca-paloma-de-su-cuarto-de-la-musica-al-escenario-de-eurovision.html\">Blanca Paloma<\/a> (EaEa) y <a href=\"https:\/\/elpais.com\/gente\/2025-02-15\/nebulossa-un-ano-despues-de-saltar-a-la-fama-lo-mas-bonito-es-cuando-los-ninos-te-llaman-zorra.html\" target=\"_self\" rel=\"nofollow noopener\" title=\"https:\/\/elpais.com\/gente\/2025-02-15\/nebulossa-un-ano-despues-de-saltar-a-la-fama-lo-mas-bonito-es-cuando-los-ninos-te-llaman-zorra.html\">Nebulossa<\/a> (Zorra).<\/p>\n<p class=\"\">Curiosamente, este a\u00f1o El Benidorm Fest se acercar\u00e1 al modelo de Eurovisi\u00f3n, al contar con ensayos generales abiertos al p\u00fablico antes de cada gala, que se celebrar\u00e1n previsiblemente el lunes 9, mi\u00e9rcoles 11 y viernes 13 de febrero. Estos ensayos, que muestran en vivo pr\u00e1cticamente el mismo contenido que lo que m\u00e1s tarde se ver\u00e1 en televisi\u00f3n, sirven para que m\u00e1s espectadores puedan ver el espect\u00e1culo en vivo en el Palau d\u2019Esports l\u2019Illa de Benidorm y para que el resultado final de las galas oficiales quede m\u00e1s pulido.<\/p>\n<p>Qui\u00e9n es qui\u00e9n<\/p>\n<p class=\"\">Asha<\/p>\n<p class=\"\">La cantante y compositora Hajar Sbihi, de origen marroqu\u00ed, fusiona g\u00e9neros urbanos y flamenco. Desde muy joven comenz\u00f3 a trabajar con productores de talla internacional como<b> <\/b>RedOne y Quincy Jones, y ha compuesto para artistas como Becky G y C. Tangana. Es la autora del Ya no quiero n\u00e1, el gran \u00e9xito de Lola \u00cdndigo.<\/p>\n<p class=\"\">Ayat<\/p>\n<p class=\"\">De madre cordobesa y padre egipcio, las ra\u00edces \u00e1rabes de esta madrile\u00f1a est\u00e1n presentes en temas de su discograf\u00eda como Maktub o Habibi. Formada en canto e interpretaci\u00f3n y con Shakira<b> <\/b>como gran inspiraci\u00f3n, Atyat es cantante, bailarina y actriz. <\/p>\n<p class=\"\">Dani J<\/p>\n<p class=\"\">Lleva desde 2014 revolucionando a nivel internacional la bachata, al fusionarla con otros estilos como el pop, el flamenco, el trap y el R&amp;B. <\/p>\n<p class=\"\">Dora Portigo &amp; Marlon Collins<\/p>\n<p class=\"\">Dora Postigo es hija de la modelo Bimba Bos\u00e9 y el m\u00fasico Diego Postigo y por tanto sobrina-nieta de Miguel Bos\u00e9. A los cinco a\u00f1os empez\u00f3 a tocar el piano y, dos a\u00f1os m\u00e1s tarde, decidi\u00f3 publicar sus primeros v\u00eddeos en YouTube. Con 15 a\u00f1os lanz\u00f3 su primer sencillo Saving star y ha debutado en cine de la mano de Paco Le\u00f3n, en la pel\u00edcula Rainbow.<\/p>\n<p class=\"\">Se al\u00eda con otro actor y cantante: Marlon Collins, alumno de la escuela de Cristina Rota que ha participado en la serie<b> <\/b>10 Latinos por un segundo y tambi\u00e9n ha trabajado en teatro.<\/p>\n<p class=\"\">Funambulista<\/p>\n<p class=\"\">Es uno de los nombres m\u00e1s conocidos de todos los participantes de este a\u00f1o. Diego Cantero form\u00f3 Funambulista en 2009. Desde entonces ha tenido \u00e9xitos como Me gusta la vida y \u00c9ramos Reyes.<\/p>\n<p class=\"\">Greg Taro<\/p>\n<p class=\"\">Greg Taro fund\u00f3 el grupo musical Urban Lights junto a su hermano, el cantante internacional \u00c1lvaro Soler. Tambi\u00e9n ha colaborado con Gabry Ponte, el representante de San Marino en Eurovisi\u00f3n 2025.<\/p>\n<p class=\"\">Izan Llunas<\/p>\n<p class=\"\">Hijo y nieto de cantantes, Izan Llunas interpret\u00f3 a Luis Miguel de ni\u00f1o en el biopic de Netflix. Su abuelo es Dyango, quien gan\u00f3 el festival de Benidorm en 1976, y su padre Marcos Llunas, representante de Espa\u00f1a en Eurovisi\u00f3n y en el festival de la OTI.<\/p>\n<p class=\"\">Kenneth<\/p>\n<p class=\"\">De ra\u00edces venezolanas, Kenneth comenz\u00f3 su carrera con 11 a\u00f1os al quedar finalista de La Voz Kids Espa\u00f1a bajo el padrinazgo de David Bisbal. Su estilo es Afrobeat, fusionado con influencias del R&amp;B, dancehall, urbano y la electr\u00f3nica. <\/p>\n<p class=\"\">Kiati<\/p>\n<p class=\"\">La banda Kitai representa al rock en esta edici\u00f3n del Benidorm Fest. El grupo, formado por la vocalista<b> <\/b>Kenya Saiz, el bater\u00eda Deivhook, el bajista Fabio y el guitarrista Edu, naci\u00f3 hace una d\u00e9cada con la publicaci\u00f3n de su primer disco, Que vienen.<\/p>\n<p class=\"\">Ku Minerva<\/p>\n<p class=\"\">La cantante catalana Minerva P\u00e9rez tiene en su haber uno de los himnos de la d\u00e9cada de los noventa en Espa\u00f1a: Estoy llorando por ti, que tambi\u00e9n fue un \u00e9xito en Latinoam\u00e9rica, Estados Unidos y Alemania. Esta participaci\u00f3n en el Benidorm fest supone su regreso a la primera plana musical.<\/p>\n<p class=\"\">Luna Ki<\/p>\n<p class=\"\">Luna Ki protagoniza la primera pol\u00e9mica en la historia del Benidorm Fest, cuando tuvo que retirarse en la primera edici\u00f3n al cantar con autotune, algo prohibido en Eurovisi\u00f3n. Tras haber sido seleccionada, finalmente no particip\u00f3 <a href=\"https:\/\/www.elperiodicoextremadura.com\/ocio\/tv\/2025\/06\/15\/luna-ki-arremete-tve-explica-118646462.html\" target=\"_blank\" rel=\"nofollow noopener\" title=\"https:\/\/www.elperiodicoextremadura.com\/ocio\/tv\/2025\/06\/15\/luna-ki-arremete-tve-explica-118646462.html\">y arremeti\u00f3 contra RTVE<\/a>. \u201cMe dijeron que era por normas de Eurovisi\u00f3n, pero eso es mentira\u201d, aseguraba d\u00edas despu\u00e9s a trav\u00e9s de sus redes sociales. \u201cEn Sanremo, en Londres, en mil sitios hay autotune. A ellos no les dio la gana dejarme actuar con mis movidas. No iba a ganar, iba a pas\u00e1rmelo bien. Pero a cinco d\u00edas del show, con coreograf\u00eda, jaulas y un puto coche que iba a explotar\u2026 \u00bfmM vas a pedir que lo haga ac\u00fastico? \u00a1Me censuraron!\u201d.<\/p>\n<p class=\"\">Cuatro a\u00f1os despu\u00e9s, la artista catalana cambia de estilo, abandona la herramienta que le hizo imposible participar en el concurso alicantino y vuelve a intentarlo.<\/p>\n<p class=\"\">Julia Medina &amp; Mar\u00eda Le\u00f3n<\/p>\n<p class=\"\">La exconcursante de Operaci\u00f3n Triunfo, Julia Medina, se al\u00eda con la mexicana Mar\u00eda Le\u00f3n, que en 2002 particip\u00f3 en la versi\u00f3n hispana de Popstars emitido por Televisa.<\/p>\n<p class=\"\">\u00c1lvaro Mayo<\/p>\n<p class=\"\">\u00c1lvaro mayo es uno de los concursantes m\u00e1s destacados de Operaci\u00f3n triunfo 2023. El sevillano, de 23 a\u00f1os, ya ha lanzado su primer \u00e1lbum, Mayo Season, en el que colabora con Mar Lucas y la superestrella italiana<b> <\/b>Elettra Lamborghini. <\/p>\n<p class=\"\">Mikel Herzog Jr.<\/p>\n<p class=\"\">El padre de Mikel Herzog Jr. form\u00f3 parte de La D\u00e9cada Prodigiosa y represent\u00f3 a Espa\u00f1a en Eurovisi\u00f3n en 1998. Su madre, Mavi, fue corista de Isabel Pantoja. El joven vasco todav\u00eda no ha lanzado m\u00fasica propia, pero ha participado en la \u00faltima edici\u00f3n de Tu cara me suena.<\/p>\n<p class=\"\">Miranda!&amp;bailamam\u00e1 <\/p>\n<p class=\"\">La banda argentina Miranda! es el nombre m\u00e1s conocido a nivel internacional de este Benidorm Fest. Ale Sergi y Juliana Gattas tienen \u00e9xitos como Don y Perfecta y han colaborado con artistas como Lali Esp\u00f3sito, Tini, Abraham Mateo y Andr\u00e9s Calamaro.<\/p>\n<p class=\"\">Acaban de unirse a bailamam\u00e1, el nuevo proyecto de \u00d3scar Ferrer, vocalista de Varry Brava y que ya compiti\u00f3 en su d\u00eda en el Benidorm Fest con un tema que, por razones obvias, son\u00f3 hasta en Italia titulado Raffaella.<\/p>\n<p class=\"\">Rosalinda Gal\u00e1n<\/p>\n<p class=\"\">La cantante mezcla electr\u00f3nica y ra\u00edz flamenca, ha revisitado canciones de Concha Piquer y rendido homenaje en teatro a Mar\u00eda Jim\u00e9nez. Como actriz, se ha puesto a las \u00f3rdenes de Javier Fesser para participar en la pel\u00edcula Historias lamentables.<\/p>\n<p class=\"\">The Quinquis<\/p>\n<p class=\"\">Otro supergrupo, formado por integrantes de otras bandas consolidadas. The Quinquis son Marcos Miranda, uno de los integrantes de Paradise Phantoms; Sergio Sastre, un veterano del Benidorm Fest como cofundador, guitarrista y teclista de Miss Caffeina; y Maxi, quien form\u00f3 parte del d\u00fao Sweet Barrio. <\/p>\n<p class=\"\">Tony Grox &amp; Lucycalys<\/p>\n<p class=\"\">Tambi\u00e9n se unen para el Benidorm Fest el DJ Tony Grox y la cantante Lucycalys. Ambos comparten ra\u00edces flamencas, que Tony Grox fusiona con la vanguardia electr\u00f3nica, mientras que ella entreteje el pop con el flamenco moderno en sus canciones. <\/p>\n","protected":false},"excerpt":{"rendered":"Todav\u00eda est\u00e1 en duda si el ganador del Benidorm Fest ser\u00e1 este a\u00f1o tambi\u00e9n el representante en Eurovisi\u00f3n,&hellip;\n","protected":false},"author":2,"featured_media":166711,"comment_status":"","ping_status":"","sticky":false,"template":"","format":"standard","meta":{"footnotes":""},"categories":[91],"tags":[7092,36235,3061,242,209,48936,146,147,25,24,25188,5271,48895,6870,185,518,23,807,3156],"class_list":{"0":"post-166710","1":"post","2":"type-post","3":"status-publish","4":"format-standard","5":"has-post-thumbnail","7":"category-entretenimiento","8":"tag-benidorm","9":"tag-benidorm-fest","10":"tag-cantantes","11":"tag-comunidad-valenciana","12":"tag-cultura","13":"tag-dora-postigo","14":"tag-entertainment","15":"tag-entretenimiento","16":"tag-es","17":"tag-espana","18":"tag-festival-eurovision","19":"tag-festivales-musica","20":"tag-funambulista","21":"tag-la-1","22":"tag-musica","23":"tag-rtve","24":"tag-spain","25":"tag-television","26":"tag-tve"},"share_on_mastodon":{"url":"","error":""},"_links":{"self":[{"href":"https:\/\/www.europesays.com\/es\/wp-json\/wp\/v2\/posts\/166710","targetHints":{"allow":["GET"]}}],"collection":[{"href":"https:\/\/www.europesays.com\/es\/wp-json\/wp\/v2\/posts"}],"about":[{"href":"https:\/\/www.europesays.com\/es\/wp-json\/wp\/v2\/types\/post"}],"author":[{"embeddable":true,"href":"https:\/\/www.europesays.com\/es\/wp-json\/wp\/v2\/users\/2"}],"replies":[{"embeddable":true,"href":"https:\/\/www.europesays.com\/es\/wp-json\/wp\/v2\/comments?post=166710"}],"version-history":[{"count":0,"href":"https:\/\/www.europesays.com\/es\/wp-json\/wp\/v2\/posts\/166710\/revisions"}],"wp:featuredmedia":[{"embeddable":true,"href":"https:\/\/www.europesays.com\/es\/wp-json\/wp\/v2\/media\/166711"}],"wp:attachment":[{"href":"https:\/\/www.europesays.com\/es\/wp-json\/wp\/v2\/media?parent=166710"}],"wp:term":[{"taxonomy":"category","embeddable":true,"href":"https:\/\/www.europesays.com\/es\/wp-json\/wp\/v2\/categories?post=166710"},{"taxonomy":"post_tag","embeddable":true,"href":"https:\/\/www.europesays.com\/es\/wp-json\/wp\/v2\/tags?post=166710"}],"curies":[{"name":"wp","href":"https:\/\/api.w.org\/{rel}","templated":true}]}}