{"id":166728,"date":"2025-10-10T05:21:10","date_gmt":"2025-10-10T05:21:10","guid":{"rendered":"https:\/\/www.europesays.com\/es\/166728\/"},"modified":"2025-10-10T05:21:10","modified_gmt":"2025-10-10T05:21:10","slug":"el-coto-cordoba-cb-da-el-siguiente-salto-con-la-presentacion-de-sus-dos-buques-insignia","status":"publish","type":"post","link":"https:\/\/www.europesays.com\/es\/166728\/","title":{"rendered":"El Coto C\u00f3rdoba CB da el \u2018siguiente salto\u2019 con la presentaci\u00f3n de sus dos buques insignia"},"content":{"rendered":"<p class=\"article-text\">\n        Con la determinaci\u00f3n de quien se sabe ante un a\u00f1o clave, el Coto C\u00f3rdoba CB ha celebrado este jueves en el Centro de Recepci\u00f3n de Visitantes su puesta de largo para la temporada 2025-26. Lejos de ser un mero tr\u00e1mite, el acto ha servido para reafirmar la hoja de ruta del club, una que su presidente, Rafael Blanco, ya defini\u00f3 en junio como \u201cuna nueva etapa, un nuevo salto\u201d, palabras que sirvieron finalmente como lema de esta nueva campa\u00f1a. El objetivo, reiterado con contundencia, no es otro que situar al baloncesto cordob\u00e9s \u201cen lo m\u00e1s alto\u201d, un reto que el club afronta, en palabras de Blanco, \u201ccon los pies en el suelo, pero con mucha ilusi\u00f3n y con una ambici\u00f3n infinita\u201d.\n    <\/p>\n<p class=\"article-text\">\n        La gran novedad y el s\u00edmbolo m\u00e1s evidente de este crecimiento es que, por primera vez, el club ha presentado a dos equipos s\u00e9nior: el masculino y un reci\u00e9n creado femenino. Por un lado, la plantilla masculina, que competir\u00e1 en la Segunda FEB, ha sido confeccionada para \u201caspirar pr\u00e1cticamente a todo\u201d, seg\u00fan su presidente. Por otro, la creaci\u00f3n del equipo femenino en Primera Nacional marca un antes y un despu\u00e9s. Su t\u00e9cnico, Miguel \u00c1ngel Aguayo, destac\u00f3 la importancia de ofrecer un proyecto de referencia para el baloncesto femenino en la ciudad, ya que hasta ahora \u201cmuchas jugadoras se ten\u00edan que ir fuera\u201d. Aunque el objetivo inicial es la formaci\u00f3n, la meta final es la misma que la de sus compa\u00f1eros: \u201cllegar a lo m\u00e1s alto\u201d.\n    <\/p>\n<p class=\"article-text\">\n        Esta ambici\u00f3n deportiva se sustenta en una filosof\u00eda de trabajo y esfuerzo innegociable, que tiene su m\u00e1ximo exponente y ejemplo en el entrenador del equipo masculino, Gonzalo Rodr\u00edguez. El t\u00e9cnico gallego, que reconoci\u00f3 haberse encontrado con un grupo humano que le ha acogido \u201cmuy bien\u201d, destac\u00f3 que, m\u00e1s all\u00e1 de la t\u00e1ctica, la clave est\u00e1 en ser \u201cexcelentes en lo que depende de uno mismo: el esfuerzo, el trabajo, el no rendirse\u201d. Para \u00e9l, la primera y sufrida victoria de la temporada, llegando a la pr\u00f3rroga, fue el mejor ejemplo de un equipo que, ante las dificultades, se neg\u00f3 a \u201ctirar la toalla\u201d. Por su parte, los capitanes, Fernando Bello y Alejandro Rodr\u00edguez, tambi\u00e9n tomaron la palabra, encarnando ese esp\u00edritu de un vestuario que combina veteran\u00eda, calidad y nuevas incorporaciones en busca del ascenso a Primera FEB.\n    <\/p>\n<p class=\"article-text\">\n        Pero este \u201csiguiente salto\u201d no se da en el vac\u00edo. Rafael Blanco insisti\u00f3 en la necesidad de aglutinar fuerzas, uniendo a todo el baloncesto cordob\u00e9s, capital y provincia, bajo un mismo paraguas, como demuestra el acuerdo de vinculaci\u00f3n alcanzado con el Coto Lucena. A este esfuerzo se suma el respaldo de las instituciones -con el Ayuntamiento, la Diputaci\u00f3n y el Imdeco a la cabeza- y el de patrocinadores privados liderados por Coto. Con todo, el presidente lanz\u00f3 un \u00faltimo reto a la ciudad: \u201cQueremos conseguir algo muy importante: queremos llenar Vista Alegre y Valdeolleros\u201d. Ser\u00eda la guinda del pastel para un proyecto que, con su ambici\u00f3n y disciplina, apunta a lo m\u00e1s alto del baloncesto local, provincial y nacional.\n    <\/p>\n","protected":false},"excerpt":{"rendered":"Con la determinaci\u00f3n de quien se sabe ante un a\u00f1o clave, el Coto C\u00f3rdoba CB ha celebrado este&hellip;\n","protected":false},"author":2,"featured_media":166729,"comment_status":"","ping_status":"","sticky":false,"template":"","format":"standard","meta":{"footnotes":""},"categories":[269],"tags":[299,298,19632,2609,2760,10049,7164,168,25,24,25858,2436,1434,349,23,167],"class_list":{"0":"post-166728","1":"post","2":"type-post","3":"status-publish","4":"format-standard","5":"has-post-thumbnail","7":"category-baloncesto","8":"tag-baloncesto","9":"tag-basketball","10":"tag-buques","11":"tag-cb","12":"tag-cordoba","13":"tag-coto","14":"tag-da","15":"tag-deportes","16":"tag-es","17":"tag-espana","18":"tag-insignia","19":"tag-presentacion","20":"tag-salto","21":"tag-siguiente","22":"tag-spain","23":"tag-sports"},"share_on_mastodon":{"url":"","error":""},"_links":{"self":[{"href":"https:\/\/www.europesays.com\/es\/wp-json\/wp\/v2\/posts\/166728","targetHints":{"allow":["GET"]}}],"collection":[{"href":"https:\/\/www.europesays.com\/es\/wp-json\/wp\/v2\/posts"}],"about":[{"href":"https:\/\/www.europesays.com\/es\/wp-json\/wp\/v2\/types\/post"}],"author":[{"embeddable":true,"href":"https:\/\/www.europesays.com\/es\/wp-json\/wp\/v2\/users\/2"}],"replies":[{"embeddable":true,"href":"https:\/\/www.europesays.com\/es\/wp-json\/wp\/v2\/comments?post=166728"}],"version-history":[{"count":0,"href":"https:\/\/www.europesays.com\/es\/wp-json\/wp\/v2\/posts\/166728\/revisions"}],"wp:featuredmedia":[{"embeddable":true,"href":"https:\/\/www.europesays.com\/es\/wp-json\/wp\/v2\/media\/166729"}],"wp:attachment":[{"href":"https:\/\/www.europesays.com\/es\/wp-json\/wp\/v2\/media?parent=166728"}],"wp:term":[{"taxonomy":"category","embeddable":true,"href":"https:\/\/www.europesays.com\/es\/wp-json\/wp\/v2\/categories?post=166728"},{"taxonomy":"post_tag","embeddable":true,"href":"https:\/\/www.europesays.com\/es\/wp-json\/wp\/v2\/tags?post=166728"}],"curies":[{"name":"wp","href":"https:\/\/api.w.org\/{rel}","templated":true}]}}