{"id":166732,"date":"2025-10-10T05:23:11","date_gmt":"2025-10-10T05:23:11","guid":{"rendered":"https:\/\/www.europesays.com\/es\/166732\/"},"modified":"2025-10-10T05:23:11","modified_gmt":"2025-10-10T05:23:11","slug":"alejandro-albala-es-expulsado-de-supervivientes-all-stars-segun-los-usuarios-de-la-encuesta","status":"publish","type":"post","link":"https:\/\/www.europesays.com\/es\/166732\/","title":{"rendered":"Alejandro Albal\u00e1 es expulsado de &#8216;Supervivientes All Stars&#8217; seg\u00fan los usuarios de la encuesta"},"content":{"rendered":"<p>Despu\u00e9s de la\u00a0<a href=\"https:\/\/eltelevisero.huffingtonpost.es\/2025\/10\/supervivientes-all-stars-anuncia-la-salvacion-y-el-resultado-perfila-a-una-clara-candidata-a-ganar-la-edicion\/\" data-type=\"link\" data-id=\"https:\/\/eltelevisero.huffingtonpost.es\/2025\/10\/supervivientes-all-stars-anuncia-la-salvacion-y-el-resultado-perfila-a-una-clara-candidata-a-ganar-la-edicion\/\" rel=\"nofollow noopener\" target=\"_blank\">salvaci\u00f3n de Jessica Bueno<\/a>\u00a0el pasado martes en &#8216;Tierra de Nadie&#8217;, este jueves son Gloria Camila, Miri P\u00e9rez-Cabrero y Alejandro Albal\u00e1 los concursantes que se juegan su continuidad en &#8216;Supervivientes All Stars&#8217;. <\/p>\n<p>\u00bfQui\u00e9n seguir\u00e1 los pasos de Kike Calleja, Elena Rodr\u00edguez, Fani Carbajo y Sonia Monroy? A la espera de saber el resultado oficial del expulsado de esta semana, podemos intuir qui\u00e9n puede ser el concursante que abandone Honduras a decir por los resultados de la encuesta de El Televisero.\u00a0 <\/p>\n<p>Con m\u00e1s de 62.000 votos parece que hay un claro favorito seg\u00fan nuestros lectores para ser el quinto concursante expulsado de &#8216;Supervivientes All Stars 2025&#8217;. Recordemos que se vota para salvar, por lo tanto el expulsado ser\u00e1 el que haya obtenido el menor porcentaje.<\/p>\n<p>Pues bien, seg\u00fan la encuesta de El Televisero el concursante con menos apoyo por parte del p\u00fablico es Alejandro Albal\u00e1. En este momento, la concursante m\u00e1s votada por la audiencia en nuestro sondeo es Gloria Camila con un 46% de los votos. <\/p>\n<p>La segunda concursante m\u00e1s votada por los usuarios es Miri P\u00e9rez-Cabrero con un 31% de los votos. Por \u00faltimo se sit\u00faa Alejandro Albal\u00e1 con solo un 23% de los votos. De ese modo, el que fuera pareja de Isa Pantoja y Sof\u00eda Suescun ser\u00e1 el expulsado de este jueves. <\/p>\n<p>Hasta que se produzca la ceremonia de eliminaci\u00f3n en la quinta gala que ofrece Telecinco a partir de las 22:00 horas, puedes seguir votando en la app de Mediaset Infinity y tambi\u00e9n participando en la\u00a0<a href=\"https:\/\/eltelevisero.huffingtonpost.es\/2025\/10\/encuesta-quien-quieres-que-sea-el-salvado-de-supervivientes-all-stars-gloria-camila-miri-o-alejandro\/\" data-type=\"link\" data-id=\"https:\/\/eltelevisero.huffingtonpost.es\/2025\/10\/encuesta-quien-quieres-que-sea-el-salvado-de-supervivientes-all-stars-gloria-camila-miri-o-alejandro\/\" rel=\"nofollow noopener\" target=\"_blank\">encuesta de El Televisero<\/a>. Y t\u00fa, \u00bfqui\u00e9n quieres que sea el salvado de &#8216;Supervivientes&#8217;: Gloria Camila, Miri o Alejandro Albal\u00e1? \u00a1VOTA YA!<\/p>\n<p><a href=\"https:\/\/eltelevisero.huffingtonpost.es\/2025\/10\/encuesta-quien-quieres-que-sea-el-salvado-de-supervivientes-all-stars-gloria-camila-miri-o-alejandro\/\" rel=\"nofollow noopener\" target=\"_blank\"><img loading=\"lazy\" decoding=\"async\" width=\"646\" height=\"792\" src=\"data:image\/svg+xml,%3Csvg%20xmlns=\" http:=\"\" alt=\"\" class=\"wp-image-904186\" data-lazy- data-lazy- data-lazy-src=\"https:\/\/www.europesays.com\/es\/wp-content\/uploads\/2025\/10\/Captura-de-pantalla-2025-10-09-192037-1.png\"\/><\/a><\/p>\n","protected":false},"excerpt":{"rendered":"Despu\u00e9s de la\u00a0salvaci\u00f3n de Jessica Bueno\u00a0el pasado martes en &#8216;Tierra de Nadie&#8217;, este jueves son Gloria Camila, Miri&hellip;\n","protected":false},"author":2,"featured_media":166733,"comment_status":"","ping_status":"","sticky":false,"template":"","format":"standard","meta":{"footnotes":""},"categories":[174],"tags":[255,146,147,25,24,256,23],"class_list":{"0":"post-166732","1":"post","2":"type-post","3":"status-publish","4":"format-standard","5":"has-post-thumbnail","7":"category-famosos","8":"tag-celebrities","9":"tag-entertainment","10":"tag-entretenimiento","11":"tag-es","12":"tag-espana","13":"tag-famosos","14":"tag-spain"},"share_on_mastodon":{"url":"","error":""},"_links":{"self":[{"href":"https:\/\/www.europesays.com\/es\/wp-json\/wp\/v2\/posts\/166732","targetHints":{"allow":["GET"]}}],"collection":[{"href":"https:\/\/www.europesays.com\/es\/wp-json\/wp\/v2\/posts"}],"about":[{"href":"https:\/\/www.europesays.com\/es\/wp-json\/wp\/v2\/types\/post"}],"author":[{"embeddable":true,"href":"https:\/\/www.europesays.com\/es\/wp-json\/wp\/v2\/users\/2"}],"replies":[{"embeddable":true,"href":"https:\/\/www.europesays.com\/es\/wp-json\/wp\/v2\/comments?post=166732"}],"version-history":[{"count":0,"href":"https:\/\/www.europesays.com\/es\/wp-json\/wp\/v2\/posts\/166732\/revisions"}],"wp:featuredmedia":[{"embeddable":true,"href":"https:\/\/www.europesays.com\/es\/wp-json\/wp\/v2\/media\/166733"}],"wp:attachment":[{"href":"https:\/\/www.europesays.com\/es\/wp-json\/wp\/v2\/media?parent=166732"}],"wp:term":[{"taxonomy":"category","embeddable":true,"href":"https:\/\/www.europesays.com\/es\/wp-json\/wp\/v2\/categories?post=166732"},{"taxonomy":"post_tag","embeddable":true,"href":"https:\/\/www.europesays.com\/es\/wp-json\/wp\/v2\/tags?post=166732"}],"curies":[{"name":"wp","href":"https:\/\/api.w.org\/{rel}","templated":true}]}}