{"id":166764,"date":"2025-10-10T05:43:08","date_gmt":"2025-10-10T05:43:08","guid":{"rendered":"https:\/\/www.europesays.com\/es\/166764\/"},"modified":"2025-10-10T05:43:08","modified_gmt":"2025-10-10T05:43:08","slug":"williams-no-le-cierra-las-puertas-a-christian-horner","status":"publish","type":"post","link":"https:\/\/www.europesays.com\/es\/166764\/","title":{"rendered":"Williams no le \u00abcierra las puertas\u00bb a Christian Horner"},"content":{"rendered":"<p data-mrf-recirculation=\"Links P\u00e1rrafos\" class=\"ue-c-article__paragraph paragraph ue-c-article--first-letter-highlighted\">C<strong>hristian Horner<\/strong> abandon\u00f3 el paddock de la <strong>F1 <\/strong>el pasado mes de julio, tras ser despedido con &#8216;<strong>efecto inmediato<\/strong>&#8216; de sus responsabilidades como director del equipo. Sin embargo, su nombre contin\u00faa estando presente entre algunos jefes de escuder\u00eda, quienes aseguran que el dirigente brit\u00e1nico ha hecho algunas llamadas para regresar al &#8216;<strong>Gran Circo<\/strong>&#8216;.\u00a0<\/p>\n<p><img decoding=\"async\" width=\"1980\" height=\"1320\" class=\"ue-c-article__image lazyload\" alt=\"Horner y su secretaria, en una imagen de archivo.\" loading=\"lazy\" src=\"https:\/\/www.europesays.com\/es\/wp-content\/uploads\/2025\/10\/1760074988_228_68e3c9ab3b4b1.jpeg\"\/><\/p>\n<p>Horner y su secretaria, en una imagen de archivo.<\/p>\n<p data-mrf-recirculation=\"Links P\u00e1rrafos\" class=\"ue-c-article__paragraph paragraph\">\u201cParece que <strong>Christian <\/strong>est\u00e1 llamando a casi todos los jefes de equipo en este momento\u00bb, sentenci\u00f3 <strong>Andy Cowell<\/strong>, director de<strong> Aston Martin<\/strong>, en la previa del <strong>GP de Singapur<\/strong>, quien no tiene planes para cambiar su alineaci\u00f3n para la pr\u00f3xima temporada. \u00ab<strong>Puedo decir claramente que no hay planes para que Christian participe en el futuro, ni en un papel operativo o de inversor\u201d.\u00a0<\/strong><\/p>\n<p>Williams no le dice que no a Horner<\/p>\n<p data-mrf-recirculation=\"Links P\u00e1rrafos\" class=\"ue-c-article__paragraph paragraph\">Por otro lado, <strong>James Vowles,<\/strong> quien tambi\u00e9n estaba presente en la rueda de prensa, asegur\u00f3 que no ha tenido ning\u00fan tipo de comunicaci\u00f3n con Horner para la creaci\u00f3n de un posible v\u00ednculo laboral. No obstante, tampoco estar\u00eda dispuesto a cerrarle la puerta ante un posible acercamiento en el futuro.\u00a0<\/p>\n<blockquote class=\"ue-c-article__blockquote\">\n<p>Estamos muy contentos con la estructura que tenemos. As\u00ed que no veo motivo para hacer cambios<\/p>\n<p>James Vowles<\/p><\/blockquote>\n<p data-mrf-recirculation=\"Links P\u00e1rrafos\" class=\"ue-c-article__paragraph paragraph\">\u00ab<strong>Creo que siempre hay que acoger con agrado la conversaci\u00f3n<\/strong>\u201d, explic\u00f3. \u00abNo tiene sentido cerrar la puerta\u00bb. A pesar de sus afirmaciones, finaliz\u00f3 explicando que no hay un asiento disponible en Grove. \u00ab<strong>Estamos muy contentos con la estructura que tenemos y est\u00e1 funcionando. As\u00ed que no veo motivo para hacer cambios\u00bb.\u00a0<\/strong><\/p>\n<p>En la b\u00fasqueda de un cargo con mayor responsabilidad<\/p>\n<p data-mrf-recirculation=\"Links P\u00e1rrafos\" class=\"ue-c-article__paragraph paragraph\">A pesar de la negativa de varias escuadras en hacerse con los servicios del ex director de <strong>Red Bull,<\/strong> su idea es regresar al <strong>paddock <\/strong>con un nivel de influencia similar al de <strong>Toto Wolff,<\/strong> quien combina el puesto de director con una participaci\u00f3n en un tercio de <strong>Mercedes<\/strong>, seg\u00fan explica la &#8216;<strong>BBC<\/strong>&#8216;.\u00a0<\/p>\n<p data-mrf-recirculation=\"Links P\u00e1rrafos\" class=\"ue-c-article__paragraph paragraph\">En su anterior per\u00edodo en la <strong>F\u00f3rmula 1 <\/strong>no inclu\u00eda participaci\u00f3n accionaria, un factor que pudo influir en su salida. Esta vez, seg\u00fan explica el medio anteriormente citado, insistir\u00e1 en asegurar tanto un rol de liderazgo como una participaci\u00f3n accionaria para garantizar una influencia duradera en cualquier equipo futuro.<\/p>\n","protected":false},"excerpt":{"rendered":"Christian Horner abandon\u00f3 el paddock de la F1 el pasado mes de julio, tras ser despedido con &#8216;efecto&hellip;\n","protected":false},"author":2,"featured_media":166765,"comment_status":"","ping_status":"","sticky":false,"template":"","format":"standard","meta":{"footnotes":""},"categories":[270],"tags":[168,25,24,306,271,272,23,167],"class_list":{"0":"post-166764","1":"post","2":"type-post","3":"status-publish","4":"format-standard","5":"has-post-thumbnail","7":"category-formula-1","8":"tag-deportes","9":"tag-es","10":"tag-espana","11":"tag-f1","12":"tag-formula-1","13":"tag-formula1","14":"tag-spain","15":"tag-sports"},"share_on_mastodon":{"url":"","error":""},"_links":{"self":[{"href":"https:\/\/www.europesays.com\/es\/wp-json\/wp\/v2\/posts\/166764","targetHints":{"allow":["GET"]}}],"collection":[{"href":"https:\/\/www.europesays.com\/es\/wp-json\/wp\/v2\/posts"}],"about":[{"href":"https:\/\/www.europesays.com\/es\/wp-json\/wp\/v2\/types\/post"}],"author":[{"embeddable":true,"href":"https:\/\/www.europesays.com\/es\/wp-json\/wp\/v2\/users\/2"}],"replies":[{"embeddable":true,"href":"https:\/\/www.europesays.com\/es\/wp-json\/wp\/v2\/comments?post=166764"}],"version-history":[{"count":0,"href":"https:\/\/www.europesays.com\/es\/wp-json\/wp\/v2\/posts\/166764\/revisions"}],"wp:featuredmedia":[{"embeddable":true,"href":"https:\/\/www.europesays.com\/es\/wp-json\/wp\/v2\/media\/166765"}],"wp:attachment":[{"href":"https:\/\/www.europesays.com\/es\/wp-json\/wp\/v2\/media?parent=166764"}],"wp:term":[{"taxonomy":"category","embeddable":true,"href":"https:\/\/www.europesays.com\/es\/wp-json\/wp\/v2\/categories?post=166764"},{"taxonomy":"post_tag","embeddable":true,"href":"https:\/\/www.europesays.com\/es\/wp-json\/wp\/v2\/tags?post=166764"}],"curies":[{"name":"wp","href":"https:\/\/api.w.org\/{rel}","templated":true}]}}