{"id":166780,"date":"2025-10-10T05:52:10","date_gmt":"2025-10-10T05:52:10","guid":{"rendered":"https:\/\/www.europesays.com\/es\/166780\/"},"modified":"2025-10-10T05:52:10","modified_gmt":"2025-10-10T05:52:10","slug":"bezzecchi-y-marquez-del-odio-al-amor-tambien-hay-un-paso","status":"publish","type":"post","link":"https:\/\/www.europesays.com\/es\/166780\/","title":{"rendered":"Bezzecchi y M\u00e1rquez, del odio al amor tambi\u00e9n hay un paso"},"content":{"rendered":"<p class=\"ft-text\">El <strong>Mundial de MotoGP<\/strong> se ha quedado sin su campe\u00f3n, por lo menos, durante las dos siguientes citas del campeonato. <a class=\"ft-link ft-link--decoration\" href=\"https:\/\/www.sport.es\/es\/noticias\/motor\/moto-gp\/marc-marquez-aterriza-madrid-122324143\" rel=\"nofollow noopener\" target=\"_blank\">Marc M\u00e1rquz cay\u00f3 lesionado en Indonesia<\/a>, una semana despu\u00e9s de cosechar <strong>su noveno t\u00edtulo mundial<\/strong> (s\u00e9ptimo en la categor\u00eda reina). Y todo fue a ra\u00edz de un accidente provocado por <strong>Marco Bezzecchi<\/strong>, sobre el que ahora se ha pronunciado el italiano.<\/p>\n<p class=\"ft-text\">No hizo una buena salida el <strong>piloto de Aprilia<\/strong>. Y eso que part\u00eda desde la<strong> primera plaza<\/strong>. Se qued\u00f3 algo retrasado en los primeros compases, y en su lucha por <strong>escalar posiciones<\/strong>, en su llegada a la <strong>curva siete<\/strong> toc\u00f3 con su rueda delantera a la trasera de M\u00e1rquez. Y aquello provoc\u00f3 una <strong>espeluznante ca\u00edda<\/strong> para ambos y una nueva lesi\u00f3n para el catal\u00e1n: <strong>una fractura en la base de la ap\u00f3fisis coracoides<\/strong>\u00a0junto con una\u00a0<strong>lesi\u00f3n de los ligamentos del hombro derecho<\/strong>.<\/p>\n<p class=\"ft-text\">Una de las m\u00e1ximas del motociclismo es: <strong>no juzgues un error que t\u00fa mismo puedas cometer en un futuro<\/strong>. \u00bfUn ejemplo de ello? Las <strong>pol\u00e9micas palabras del italiano en el GP de Valencia de 2023 <\/strong>sobre el catal\u00e1n. Hace dos a\u00f1os, en Cheste, M\u00e1rquez intent\u00f3 adelantar a Marco, con la mala fortuna que le sac\u00f3 de la pista.<strong>\u00a0<\/strong>Entonces, <strong>Bezzecchi<\/strong>, muy enfadado, se fue a buscar al piloto catal\u00e1n para <strong>pedirle explicaciones<\/strong>. Se coment\u00f3 que las acusaciones, en aquel box, fueron extremadamente duras. Ante los medios, lleg\u00f3 a decir que marc es <strong>\u00abel m\u00e1s sucio de MotoGP\u00bb,<\/strong> adem\u00e1s de se\u00f1alar que los comisarios no le sancionaron por ser quien es. Marc, por entonces, se\u00f1al\u00f3 que un d\u00eda el &#8217;72&#8217; iba a arrepentirse de sus declaraciones <strong>cuando \u00abmadurase\u00bb<\/strong>.<\/p>\n<p class=\"ft-text\"><strong>Una reacci\u00f3n muy distinta<\/strong> de la que tuvo el piloto de Cervera este domingo,<strong> despu\u00e9s de que el italiano le provocase la ca\u00edda<\/strong>. \u00abSon cosas que pasan en las carreras. Siempre digo que un d\u00eda te pasar\u00e1 a ti, <strong>otro d\u00eda te pasar\u00e1 a otro<\/strong>, y hoy, pues bueno. <strong>Bezzecchi va muy r\u00e1pido este fin de semana<\/strong> y ah\u00ed me ha tocado la rueda de atr\u00e1s. Cosas que pasan en la carrera, h<strong>a venido a pedirme disculpas<\/strong>\u00ab, dijo Marc a DAZN, para acto seguido pedir a sus fans <strong>a trav\u00e9s de las redes sociales <\/strong>que \u00abpor favor, <strong>no guard\u00e9is rencor a Marco<\/strong>, nadie lo hace a prop\u00f3sito\u00bb.<\/p>\n<p class=\"ft-text\">La realidad es que <strong>la relaci\u00f3n entre ambos ha mejorado con el paso del tiempo<\/strong>. No son amigos. Pero s\u00ed que existe un respeto. \u00abEs normal tener momentos dif\u00edciles cuando peleas, y en el pasado quiz\u00e1s yo era incluso un poco m\u00e1s inmaduro que ahora. Entonces era dif\u00edcil, mientras que ahora no. No puedes dejar de ver la velocidad de Marc y obviamente es un rival, as\u00ed que no somos los mejores amigos. Pero al final es as\u00ed con todos los pilotos de MotoGP.\u00a0<strong>Tenemos una buena relaci\u00f3n: nos respetamos<\/strong>\u00a0y hacemos buenas carreras en pista\u00bb,\u00a0dijo en Misano Bezzecchi, demostrando un progreso en su manera de ver las carreras, y enterrando el hacha de guerra con el nueve veces campe\u00f3n.<\/p>\n<p>&#8216;Bezz&#8217; supo r\u00e1pidamente que Marc se hab\u00eda lesionado<\/p>\n<p class=\"ft-text\">Sobre su error el pasado domingo se ha pronunciado el pupilo de <strong>Valentino Rossi<\/strong> a trav\u00e9s de su blog personal, <strong>Simply The Bez<\/strong>. \u00ab<strong>Estaba encendido,<\/strong> ten\u00eda ritmo para ganar. Pero la salida fue mala, me qued\u00e9 en medio del grupo y llegu\u00e9 fuerte al segundo sector\u00bb, explic\u00f3 el compa\u00f1ero de box de <strong>Jorge Mart\u00edn<\/strong>.<\/p>\n<p class=\"ft-text\">\u00abQuiz\u00e1 iba demasiado fuerte, porque <strong>me encontr\u00e9 de golpe con la rueda trasera de Marc<\/strong>\u00ab, expresaba el piloto. \u00abLe golp\u00e9e.<strong> Nos fuimos los dos fuera<\/strong> y se <strong>cay\u00f3 inmediatamente<\/strong>. Fue una ca\u00edda fuerte y corr\u00ed a ver c\u00f3mo estaba. <strong>Pronto me di cuenta de que ten\u00eda algo roto<\/strong>\u00ab, explica &#8216;Bezz&#8217;.<\/p>\n<p class=\"ft-text\">\u00ab<a class=\"ft-link ft-link--decoration\" href=\"https:\/\/www.sport.es\/es\/noticias\/motor\/moto-gp\/aprilia-pide-disculpas-marc-marquez-122322055\" rel=\"nofollow noopener\" target=\"_blank\">Me disculp\u00e9, era mi error<\/a>. Estas cosas pasan en las careras, y <strong>me pas\u00f3 a mi esta vez<\/strong>. Fue un gran golpe, tanto mental como f\u00edsico. Quiero aprender de este episorio y crecer\u00bb, sentencia.<\/p>\n","protected":false},"excerpt":{"rendered":"El Mundial de MotoGP se ha quedado sin su campe\u00f3n, por lo menos, durante las dos siguientes citas&hellip;\n","protected":false},"author":2,"featured_media":166781,"comment_status":"","ping_status":"","sticky":false,"template":"","format":"standard","meta":{"footnotes":""},"categories":[93],"tags":[48948,168,48947,25,24,13638,28078,12143,23,167],"class_list":{"0":"post-166780","1":"post","2":"type-post","3":"status-publish","4":"format-standard","5":"has-post-thumbnail","7":"category-deportes","8":"tag-aprilia","9":"tag-deportes","10":"tag-ducati-lenovo","11":"tag-es","12":"tag-espana","13":"tag-marc-marquez","14":"tag-marco-bezzecchi","15":"tag-motogp","16":"tag-spain","17":"tag-sports"},"share_on_mastodon":{"url":"","error":""},"_links":{"self":[{"href":"https:\/\/www.europesays.com\/es\/wp-json\/wp\/v2\/posts\/166780","targetHints":{"allow":["GET"]}}],"collection":[{"href":"https:\/\/www.europesays.com\/es\/wp-json\/wp\/v2\/posts"}],"about":[{"href":"https:\/\/www.europesays.com\/es\/wp-json\/wp\/v2\/types\/post"}],"author":[{"embeddable":true,"href":"https:\/\/www.europesays.com\/es\/wp-json\/wp\/v2\/users\/2"}],"replies":[{"embeddable":true,"href":"https:\/\/www.europesays.com\/es\/wp-json\/wp\/v2\/comments?post=166780"}],"version-history":[{"count":0,"href":"https:\/\/www.europesays.com\/es\/wp-json\/wp\/v2\/posts\/166780\/revisions"}],"wp:featuredmedia":[{"embeddable":true,"href":"https:\/\/www.europesays.com\/es\/wp-json\/wp\/v2\/media\/166781"}],"wp:attachment":[{"href":"https:\/\/www.europesays.com\/es\/wp-json\/wp\/v2\/media?parent=166780"}],"wp:term":[{"taxonomy":"category","embeddable":true,"href":"https:\/\/www.europesays.com\/es\/wp-json\/wp\/v2\/categories?post=166780"},{"taxonomy":"post_tag","embeddable":true,"href":"https:\/\/www.europesays.com\/es\/wp-json\/wp\/v2\/tags?post=166780"}],"curies":[{"name":"wp","href":"https:\/\/api.w.org\/{rel}","templated":true}]}}