{"id":166788,"date":"2025-10-10T05:57:07","date_gmt":"2025-10-10T05:57:07","guid":{"rendered":"https:\/\/www.europesays.com\/es\/166788\/"},"modified":"2025-10-10T05:57:07","modified_gmt":"2025-10-10T05:57:07","slug":"por-que-trump-no-se-merece-el-maximo-reconocimiento-a-la-promocion-de-la-paz","status":"publish","type":"post","link":"https:\/\/www.europesays.com\/es\/166788\/","title":{"rendered":"\u00bfPor qu\u00e9 Trump no se merece el m\u00e1ximo reconocimiento a la promoci\u00f3n de la paz?"},"content":{"rendered":"<p style=\"\">Desde que los premios Nobel de la Paz empezaron a otorgarse en 1901, un total de cuatro presidentes de Estados Unidos han recibido este prestigioso galard\u00f3n. El primero fue <strong>Theodore Roosevelt,<\/strong> que en 1906 fue honrado con esta distinci\u00f3n por su mediaci\u00f3n en el  &#8230; choque entre dos imperios: uno en decadencia (Rusia) y otro ascendente (Jap\u00f3n). Los esfuerzos de TR hicieron posible que el conflicto librado entre 1904 y 1905 no se convirtiera en una guerra mundial. Adem\u00e1s, en la conferencia de Algeciras de 1906, despleg\u00f3 toda su habilidad diplom\u00e1tica para evitar un choque entre Francia y Alemania en \u00c1frica del Norte.<\/p>\n<p class=\"voc-p\" style=\"\">El presidente Theodore Roosevelt fue el primer ocupante de la Casa Blanca que no se consideraba a s\u00ed mismo como un actor secundario en Washington. Y tambi\u00e9n fue el primer estadista que recibi\u00f3 el Premio Nobel de la Paz y el primero en ser cuestionado. La izquierda noruega argument\u00f3 que TR era un imperialista \u00abloco por lo militar\u00bb, que hab\u00eda completado la conquista americana de Filipinas. Los peri\u00f3dicos suecos incluso escribieron que <a href=\"https:\/\/www.abc.es\/sociedad\/origen-fortuna-alfred-nobel-creador-premios-prestigiosos-20221003153951-nt.html\" target=\"_self\" data-voc-vtm-id=\"in-text-traffic\" title=\"Alfred Nobel\" data-mrf-link=\"www.abc.es\" rel=\"nofollow noopener\">Alfred Nobel<\/a> se estar\u00eda revolviendo en su tumba.<\/p>\n<p class=\"voc-p\" style=\"\">El segundo presidente de Estados Unidos galardonado fue <strong>Woodrow Wilson<\/strong> en 1919 por sus incansables esfuerzos en favor de la paz y su visi\u00f3n de un nuevo orden internacional tras la Primera Guerra Mundial. Con sus famosos Catorce Puntos, Wilson promovi\u00f3 el derecho de autodeterminaci\u00f3n de pueblos sometidos a diversos imperios y desempe\u00f1\u00f3 un papel decisivo en la creaci\u00f3n de la Sociedad de Naciones para evitar nuevos y devastadores conflictos.<\/p>\n<p class=\"voc-p\" style=\"\">En 2002, en v\u00edsperas de la invasi\u00f3n de Irak, <strong>Jimmy Carter<\/strong> se convirti\u00f3 en el tercer presidente de Estados Unidos premiado con el Nobel de la Paz, como reconocimiento a su extenso trabajo fuera de la Casa Blanca para la b\u00fasqueda de soluciones pac\u00edficas a los conflictos internacionales, el avance de la democracia y los derechos humanos y la promoci\u00f3n del desarrollo econ\u00f3mico y social. <\/p>\n<p class=\"voc-p\" style=\"\"> Y finalmente, en 2009 y con menos de un a\u00f1o como presidente, <strong>Barack Obama<\/strong> fue premiado por sus extraordinarios esfuerzos para fortalecer la diplomacia internacional y fomentar la cooperaci\u00f3n entre las naciones. No obstante la verdadera raz\u00f3n fue el repudio de la Administraci\u00f3n Bush y su respuesta militar al 11-S, especialmente la invasi\u00f3n de Irak, que se llev\u00f3 a cabo en contra del mandato de Naciones Unidas y con la falsa atribuci\u00f3n al r\u00e9gimen de Sadam Husein de armas de destrucci\u00f3n masiva.<\/p>\n<p class=\"voc-p\" style=\"\"> La pregunta obligada ante la insistencia de Donald Trump en convertirse en el pr\u00f3ximo nobel de la Paz es \u00bfqu\u00e9 tienen en com\u00fan los cuatro presidentes premiados? La respuesta esencialmente tiene que ver con el papel de Estados Unidos en el mundo. Los cuatro representan un esfuerzo por superar el tradicional aislacionismo americano y funcionar como una fuerza constructiva en el mundo. M\u00e1s idealismo que realismo, m\u00e1s multilateralismo que unilateralismo. Y por qu\u00e9 no decirlo, m\u00e1s valores que intereses transaccionales.<\/p>\n<p class=\"voc-p\" style=\"\"> El presidente Trump no encaja en esta tradici\u00f3n. En sus nueve meses de mandato ha desmantelado el sistema multilateral de comercio internacional, se ha alineado con Putin y ha acorralado a Zelenski en el despacho oval, ha retirado a Estados Unidos de la Organizaci\u00f3n Mundial de la Salud y del Acuerdo de Par\u00eds contra el cambio clim\u00e1tico, ha cuestionado las vacunas y ha desmantelado la ayuda al desarrollo. Adem\u00e1s de enfrentarse a todos y cada uno de los aliados de Estados Unidos, sin dejar de desacreditar a Naciones Unidas.<\/p>\n<p class=\"voc-p\" style=\"\">El propio Alfred Nobel anticip\u00f3 en su testamento qui\u00e9n deb\u00eda ser merecedor del premio: \u00abLa persona que m\u00e1s o mejor haya contribuido a fomentar la hermandad entre las naciones, la abolici\u00f3n o reducci\u00f3n de los ej\u00e9rcitos permanentes, y el establecimiento y la promoci\u00f3n de congresos de paz\u00bb. <\/p>\n<p class=\"voc-p\" style=\"\">Donald Trump quiere desesperadamente superar lo grotesco de su personaje y que el mundo le tome en serio. Pero no debe ser a costa de que no nos volvamos a tomar en serio el premio Nobel de la Paz.<\/p>\n","protected":false},"excerpt":{"rendered":"Desde que los premios Nobel de la Paz empezaron a otorgarse en 1901, un total de cuatro presidentes&hellip;\n","protected":false},"author":2,"featured_media":166789,"comment_status":"","ping_status":"","sticky":false,"template":"","format":"standard","meta":{"footnotes":""},"categories":[42],"tags":[17,18,13,14,11,61,62,63,64,19,20,5137,13969,9,10,15,16,11506,1170,13460,12,936,21,22,65,66,67],"class_list":{"0":"post-166788","1":"post","2":"type-post","3":"status-publish","4":"format-standard","5":"has-post-thumbnail","7":"category-internacional","8":"tag-breaking-news","9":"tag-breakingnews","10":"tag-featured-news","11":"tag-featurednews","12":"tag-headlines","13":"tag-internacional","14":"tag-international","15":"tag-international-news","16":"tag-internationalnews","17":"tag-latest-news","18":"tag-latestnews","19":"tag-maximo","20":"tag-merece","21":"tag-news","22":"tag-noticias","23":"tag-noticias-destacadas","24":"tag-noticiasdestacadas","25":"tag-paz","26":"tag-promocion","27":"tag-reconocimiento","28":"tag-titulares","29":"tag-trump","30":"tag-ultimas-noticias","31":"tag-ultimasnoticias","32":"tag-world","33":"tag-world-news","34":"tag-worldnews"},"share_on_mastodon":{"url":"","error":""},"_links":{"self":[{"href":"https:\/\/www.europesays.com\/es\/wp-json\/wp\/v2\/posts\/166788","targetHints":{"allow":["GET"]}}],"collection":[{"href":"https:\/\/www.europesays.com\/es\/wp-json\/wp\/v2\/posts"}],"about":[{"href":"https:\/\/www.europesays.com\/es\/wp-json\/wp\/v2\/types\/post"}],"author":[{"embeddable":true,"href":"https:\/\/www.europesays.com\/es\/wp-json\/wp\/v2\/users\/2"}],"replies":[{"embeddable":true,"href":"https:\/\/www.europesays.com\/es\/wp-json\/wp\/v2\/comments?post=166788"}],"version-history":[{"count":0,"href":"https:\/\/www.europesays.com\/es\/wp-json\/wp\/v2\/posts\/166788\/revisions"}],"wp:featuredmedia":[{"embeddable":true,"href":"https:\/\/www.europesays.com\/es\/wp-json\/wp\/v2\/media\/166789"}],"wp:attachment":[{"href":"https:\/\/www.europesays.com\/es\/wp-json\/wp\/v2\/media?parent=166788"}],"wp:term":[{"taxonomy":"category","embeddable":true,"href":"https:\/\/www.europesays.com\/es\/wp-json\/wp\/v2\/categories?post=166788"},{"taxonomy":"post_tag","embeddable":true,"href":"https:\/\/www.europesays.com\/es\/wp-json\/wp\/v2\/tags?post=166788"}],"curies":[{"name":"wp","href":"https:\/\/api.w.org\/{rel}","templated":true}]}}