{"id":166790,"date":"2025-10-10T05:58:15","date_gmt":"2025-10-10T05:58:15","guid":{"rendered":"https:\/\/www.europesays.com\/es\/166790\/"},"modified":"2025-10-10T05:58:15","modified_gmt":"2025-10-10T05:58:15","slug":"estos-son-los-municipios-de-la-region-de-murcia-que-han-suspendido-las-clases-este-viernes-por-la-alerta-roja-por-la-dana","status":"publish","type":"post","link":"https:\/\/www.europesays.com\/es\/166790\/","title":{"rendered":"Estos son los municipios de la Regi\u00f3n de Murcia que han suspendido las clases este viernes por la alerta roja por la dana"},"content":{"rendered":"<p class=\"v-mdl-ath__p v-mdl-ath__p--6\">\nJueves, 9 de octubre 2025, 14:56<\/p>\n<p>| Actualizado 21:36h.<\/p>\n<p class=\"v-p\">La <a href=\"https:\/\/www.laverdad.es\/murcia\/directo-ultima-hora-dana-alice-region-murcia-20251009141951-di.html\" title=\"www.laverdad.es\" data-voc-vtm-id=\"in-text-traffic\" data-mrf-link=\"www.laverdad.es\" rel=\"nofollow noopener\" target=\"_blank\">dana &#8216;Alice&#8217;<\/a> ya ha llegado a la Regi\u00f3n de Murcia, donde est\u00e1 dejando intensas <a href=\"https:\/\/www.laverdad.es\/murcia\/llega-dana-alice-region-murcia-afectaran-lluvias-20251008124231-nt.html\" title=\"www.laverdad.es\" data-voc-vtm-id=\"in-text-traffic\" data-mrf-link=\"www.laverdad.es\" rel=\"nofollow noopener\" target=\"_blank\">lluvias y tormentas<\/a> desde este jueves. En la primera jornada de temporal, todos los municipios est\u00e1n bajo avisos de la Aemet. En casi todas las comarcas, la alerta es amarilla, pero asciende a nivel naranja en el Campo de Cartagena y Mazarr\u00f3n.<\/p>\n<p class=\"v-p\">Sin embargo, lo peor se espera el viernes, cuando hay <a href=\"https:\/\/www.laverdad.es\/murcia\/alerta-roja-viernes-fuertes-lluvias-campo-cartagena-20251009115340-nt.html\" title=\"www.laverdad.es\" data-voc-vtm-id=\"in-text-traffic\" data-mrf-link=\"www.laverdad.es\" rel=\"nofollow noopener\" target=\"_blank\">alerta roja<\/a> en el Campo de Cartagena y Mazarr\u00f3n por 60 litros por metro cuadrado en apenas una hora y hasta 180 litros en 12 horas. Estar\u00e1 vigente desde las 10 de la ma\u00f1ana hasta medianoche. Es el m\u00e1ximo nivel de alerta meteorol\u00f3gica de la Aemet, que en la Vega del Segura ha activado el nivel naranja. Y en el Valle del Guadalent\u00edn, el amarillo. El Altiplano y el Noroeste no tienen por ahora avisos por lluvias, aunque tambi\u00e9n se esperan precipitaciones.<\/p>\n<p class=\"v-p\">Ante el anuncio del aviso rojo, la Comunidad ha suspendido las clases este viernes en los centros educativos de los municipios de Cartagena, La Uni\u00f3n, Fuente \u00c1lamo, Los Alc\u00e1zares, Mazarr\u00f3n, San Javier, San Pedro del Pinatar, Torre-Pacheco, Santomera, Beniel. Tambi\u00e9n las pedan\u00edas murcianas de Lobosillo, Sucina, Jer\u00f3nimo y Avileses, Gea y Truyols, Los Mart\u00ednez del Puerto, Valladolises, Corvera, El Raal y Zeneta; el Paret\u00f3n, en Totana; y las de <a href=\"https:\/\/www.laverdad.es\/murcia\/lorca\/suspenden-clases-pedanias-lorquinas-ramonete-morata-alerta-20251009152705-nt.html\" title=\"www.laverdad.es\" data-voc-vtm-id=\"in-text-traffic\" data-mrf-link=\"www.laverdad.es\" rel=\"nofollow noopener\" target=\"_blank\">Ramonete y Morata<\/a>, en Lorca<\/p>\n<p class=\"v-p\">En el caso de las pedan\u00edas de Murcia, Lorca y Totana, la decisi\u00f3n se explica porque se ha incluido tambi\u00e9n a colegios y centro ubicados en las zonas lim\u00edtrofes a las que afecta la alerta roja, seg\u00fan explican fuentes de la Comunidad. Lo mismo ocurre con Santomera y Beniel, por su proximidad con Alicante, que tambi\u00e9n est\u00e1 en aviso rojo de la Aemet. La Comunidad tambi\u00e9n a\u00f1ade que \u00ablos centros donde se ha suspendido la actividad lectiva que cuenten con los medios necesarios podr\u00e1n continuar las clases en modalidad virtual\u00bb. <\/p>\n<p class=\"v-p\">Adem\u00e1s, las universidades de la Regi\u00f3n de Murcia tambi\u00e9n han suspendido su actividad presencial este viernes. No solo la UPCT, que se encuentra en la zona bajo aviso rojo. Tampoco habr\u00e1 clases en las facultades de la UMU y la UCAM.<\/p>\n<p>Reporta un error<\/p>\n","protected":false},"excerpt":{"rendered":"Jueves, 9 de octubre 2025, 14:56 | Actualizado 21:36h. La dana &#8216;Alice&#8217; ya ha llegado a la Regi\u00f3n&hellip;\n","protected":false},"author":2,"featured_media":166791,"comment_status":"","ping_status":"","sticky":false,"template":"","format":"standard","meta":{"footnotes":""},"categories":[8],"tags":[3830,17,18,12275,1681,25,24,13,14,11,19,20,6010,1478,9,10,15,16,6192,13644,23,40394,12,21,22,381],"class_list":{"0":"post-166790","1":"post","2":"type-post","3":"status-publish","4":"format-standard","5":"has-post-thumbnail","7":"category-espana","8":"tag-alerta","9":"tag-breaking-news","10":"tag-breakingnews","11":"tag-clases","12":"tag-dana","13":"tag-es","14":"tag-espana","15":"tag-featured-news","16":"tag-featurednews","17":"tag-headlines","18":"tag-latest-news","19":"tag-latestnews","20":"tag-municipios","21":"tag-murcia","22":"tag-news","23":"tag-noticias","24":"tag-noticias-destacadas","25":"tag-noticiasdestacadas","26":"tag-region","27":"tag-roja","28":"tag-spain","29":"tag-suspendido","30":"tag-titulares","31":"tag-ultimas-noticias","32":"tag-ultimasnoticias","33":"tag-viernes"},"share_on_mastodon":{"url":"","error":""},"_links":{"self":[{"href":"https:\/\/www.europesays.com\/es\/wp-json\/wp\/v2\/posts\/166790","targetHints":{"allow":["GET"]}}],"collection":[{"href":"https:\/\/www.europesays.com\/es\/wp-json\/wp\/v2\/posts"}],"about":[{"href":"https:\/\/www.europesays.com\/es\/wp-json\/wp\/v2\/types\/post"}],"author":[{"embeddable":true,"href":"https:\/\/www.europesays.com\/es\/wp-json\/wp\/v2\/users\/2"}],"replies":[{"embeddable":true,"href":"https:\/\/www.europesays.com\/es\/wp-json\/wp\/v2\/comments?post=166790"}],"version-history":[{"count":0,"href":"https:\/\/www.europesays.com\/es\/wp-json\/wp\/v2\/posts\/166790\/revisions"}],"wp:featuredmedia":[{"embeddable":true,"href":"https:\/\/www.europesays.com\/es\/wp-json\/wp\/v2\/media\/166791"}],"wp:attachment":[{"href":"https:\/\/www.europesays.com\/es\/wp-json\/wp\/v2\/media?parent=166790"}],"wp:term":[{"taxonomy":"category","embeddable":true,"href":"https:\/\/www.europesays.com\/es\/wp-json\/wp\/v2\/categories?post=166790"},{"taxonomy":"post_tag","embeddable":true,"href":"https:\/\/www.europesays.com\/es\/wp-json\/wp\/v2\/tags?post=166790"}],"curies":[{"name":"wp","href":"https:\/\/api.w.org\/{rel}","templated":true}]}}