{"id":166810,"date":"2025-10-10T06:14:09","date_gmt":"2025-10-10T06:14:09","guid":{"rendered":"https:\/\/www.europesays.com\/es\/166810\/"},"modified":"2025-10-10T06:14:09","modified_gmt":"2025-10-10T06:14:09","slug":"documental-en-mao-por-el-dia-mundial-de-la-salud-mental","status":"publish","type":"post","link":"https:\/\/www.europesays.com\/es\/166810\/","title":{"rendered":"Documental en Ma\u00f3 por el D\u00eda Mundial de la Salud Mental"},"content":{"rendered":"<p>Doble sesi\u00f3n. En el marco del <strong>D\u00eda Mundial de la Salud Mental<\/strong>, este jueves se proyect\u00f3 en las salas <strong>Ocimax de Ma\u00f3<\/strong> el <strong><a href=\"https:\/\/www.menorca.info\/etiqueta\/documental.html?utm_source=Inline-tag&amp;utm_medium=internal\" rel=\"nofollow noopener\" target=\"_blank\">documental<\/a> \u00abAnhedonia, dentro de la depresi\u00f3n\u00bb<\/strong>, que ha codirigido el mahon\u00e9s <strong>Fidel Masreal<\/strong>. El film se pudo ver en dos sesiones, una <strong>para los estudiantes<\/strong> y otra para el <strong>p\u00fablico en general<\/strong>. En la imagen, uno de los protagonistas del documental,<strong> Joel Rodr\u00edguez<\/strong>, con los estudiantes.<\/p>\n","protected":false},"excerpt":{"rendered":"Doble sesi\u00f3n. En el marco del D\u00eda Mundial de la Salud Mental, este jueves se proyect\u00f3 en las&hellip;\n","protected":false},"author":2,"featured_media":166811,"comment_status":"","ping_status":"","sticky":false,"template":"","format":"standard","meta":{"footnotes":""},"categories":[169],"tags":[177,48963,6084,146,147,25,24,176,2552,175,48964,23],"class_list":{"0":"post-166810","1":"post","2":"type-post","3":"status-publish","4":"format-standard","5":"has-post-thumbnail","7":"category-cine","8":"tag-cine","9":"tag-dia-de-la-salud-mental","10":"tag-documental","11":"tag-entertainment","12":"tag-entretenimiento","13":"tag-es","14":"tag-espana","15":"tag-film","16":"tag-local","17":"tag-movies","18":"tag-ocimax-mao","19":"tag-spain"},"share_on_mastodon":{"url":"","error":""},"_links":{"self":[{"href":"https:\/\/www.europesays.com\/es\/wp-json\/wp\/v2\/posts\/166810","targetHints":{"allow":["GET"]}}],"collection":[{"href":"https:\/\/www.europesays.com\/es\/wp-json\/wp\/v2\/posts"}],"about":[{"href":"https:\/\/www.europesays.com\/es\/wp-json\/wp\/v2\/types\/post"}],"author":[{"embeddable":true,"href":"https:\/\/www.europesays.com\/es\/wp-json\/wp\/v2\/users\/2"}],"replies":[{"embeddable":true,"href":"https:\/\/www.europesays.com\/es\/wp-json\/wp\/v2\/comments?post=166810"}],"version-history":[{"count":0,"href":"https:\/\/www.europesays.com\/es\/wp-json\/wp\/v2\/posts\/166810\/revisions"}],"wp:featuredmedia":[{"embeddable":true,"href":"https:\/\/www.europesays.com\/es\/wp-json\/wp\/v2\/media\/166811"}],"wp:attachment":[{"href":"https:\/\/www.europesays.com\/es\/wp-json\/wp\/v2\/media?parent=166810"}],"wp:term":[{"taxonomy":"category","embeddable":true,"href":"https:\/\/www.europesays.com\/es\/wp-json\/wp\/v2\/categories?post=166810"},{"taxonomy":"post_tag","embeddable":true,"href":"https:\/\/www.europesays.com\/es\/wp-json\/wp\/v2\/tags?post=166810"}],"curies":[{"name":"wp","href":"https:\/\/api.w.org\/{rel}","templated":true}]}}