{"id":166815,"date":"2025-10-10T06:17:08","date_gmt":"2025-10-10T06:17:08","guid":{"rendered":"https:\/\/www.europesays.com\/es\/166815\/"},"modified":"2025-10-10T06:17:08","modified_gmt":"2025-10-10T06:17:08","slug":"la-participante-del-benidorm-fest-2026-que-aseguro-ser-la-verdadera-compositora-de-yo-ya-no-quiero-na-de-lola-indigo-me-hirio-mucho","status":"publish","type":"post","link":"https:\/\/www.europesays.com\/es\/166815\/","title":{"rendered":"La participante del Benidorm Fest 2026 que asegur\u00f3 ser la verdadera compositora de &#8216;Yo ya no quiero n\u00e1&#8217; de Lola \u00cdndigo: \u00abMe hiri\u00f3 mucho\u00bb"},"content":{"rendered":"<p style=\"\">Ya conocemos el listado completo de los participantes del <strong>Benidorm Fest 2026<\/strong>. <a href=\"https:\/\/www.abc.es\/play\/television\/eurovision\/benidorm-fest-2026-directo-presentacion-oficial-cantantes-festival-rtve-hoy-20251009094659-di.html\" title=\"www.abc.es\" data-voc-vtm-id=\"in-text-traffic\" data-mrf-link=\"www.abc.es\" rel=\"nofollow noopener\" target=\"_blank\">RTVE ha presentado este jueves<\/a>, en una rueda de prensa, los <strong>18 nombres<\/strong> -dos m\u00e1s que en anteriores ediciones- que competir\u00e1n por alzarse con el micr\u00f3fono de bronce y un  &#8230; premio en met\u00e1lico de 150.000 euros. Antes, deber\u00e1n disputarse su paso a la final en dos semifinales que se celebrar\u00e1n el 10 y 12 de febrero.<\/p>\n<p class=\"voc-p\" style=\"\">Artistas en solitario, d\u00faos y bandas de procedencias y g\u00e9neros muy dispares forman parte del plantel de participantes del concurso que, en ediciones pasadas, ha servido como <strong>preselecci\u00f3n espa\u00f1ola de Eurovisi\u00f3n<\/strong>. No obstante, todav\u00eda est\u00e1 en el aire que esto suceda en la edici\u00f3n de 2026 despu\u00e9s de que <a href=\"https:\/\/www.abc.es\/play\/television\/eurovision\/espana-ira-eurovision-israel-participa-festival-20250916115436-nt.html\" title=\"www.abc.es\" data-voc-vtm-id=\"in-text-traffic\" data-mrf-link=\"www.abc.es\" rel=\"nofollow noopener\" target=\"_blank\">Espa\u00f1a anunciara que no participar\u00eda si no se expulsa a Israel<\/a>.<\/p>\n<p class=\"voc-p\" style=\"\">En la lista de participantes de la quinta edici\u00f3n del Benidorm Fest se encuentran nombres populares dentro del panorama musical (<strong>Funambulista<\/strong>), exconcursantes de &#8216;Operaci\u00f3n Triunfo&#8217; (<strong>Julia Medina y \u00c1lvaro Mayo), <\/strong>hijos de antiguos representantes de Espa\u00f1a en Eurovisi\u00f3n (<strong>Mikel Herzog Jr e Izan Llunas<\/strong>) e incluso repetidores como<strong> Luna Ki<\/strong>.<\/p>\n<p class=\"voc-p\" style=\"\">No obstante, RTVE ha seleccionado tambi\u00e9n nombres m\u00e1s desconocidos por el gran p\u00fablico. Entre ellos se encuentra <strong>Asha<\/strong>, nombre art\u00edstico de Hajar Sbihi, una joven de origen marroqu\u00ed que salt\u00f3 a los medios hace unos a\u00f1os tras asegurar que era <strong>la verdadera compositora del popular tema de Lola \u00cdndigo &#8216;Yo ya no quiero n\u00e1&#8217;.<\/strong><\/p>\n<p>\nAsha: \u00abLola \u00cdndigo me hiri\u00f3 mucho\u00bb\n<\/p>\n<p class=\"voc-p\" style=\"\">\u00abEstoy muy emocionada. Muy nerviosa, pero muy feliz de estar aqu\u00ed\u00bb, ha se\u00f1alado Asha este jueves en la presentaci\u00f3n de los participantes del Benidorm Fest. La artista, que fusiona el pop urbano con una identidad multicultural, comenz\u00f3 a trabajar desde muy joven con productores de talla internacional como <strong>RedOne y Quincy Jones<\/strong>.<\/p>\n<p class=\"voc-p\" style=\"\">Adem\u00e1s, Asha ha compuesto para artistas internacionales como C. Tangana, Becky G o <a href=\"https:\/\/www.abc.es\/gente\/vida-lola-indigo-nombre-real-novio-trastorno-20250421200000-nt.html\" title=\"www.abc.es\" data-voc-vtm-id=\"in-text-traffic\" data-mrf-link=\"www.abc.es\" rel=\"nofollow noopener\" target=\"_blank\">Lola \u00cdndigo<\/a>, artista contra la que arremeti\u00f3 hace unos a\u00f1os. \u00abTrabaj\u00e9 con ella cuando ten\u00eda 20 a\u00f1os y <strong>me hiri\u00f3 mucho<\/strong>\u00bb, cont\u00f3 en 2020 a LOC.<\/p>\n<p class=\"voc-p\" style=\"\">La joven, que ten\u00eda 23 a\u00f1os entonces, asegur\u00f3 haber <strong>compuesto casi \u00edntegramente &#8216;Yo ya no quiero n\u00e1&#8217;<\/strong>, el primer hit de Lola \u00cdndigo, publicado en 2018. En Spotify, ella est\u00e1 acreditada como compositora principal, junto a Bruno Hermes, Lewis Peter y Miriam Doblas -nombre real de la artista-.<\/p>\n<p class=\"voc-p\" style=\"\">Sin embargo, Asha denunci\u00f3 no haber recibido el reconocimiento que se merec\u00eda por parte de la cantante y critic\u00f3 que esta alegara siempre que el tema fue de su total \u00abcreaci\u00f3n\u00bb. \u00ab<strong>&#8216;Yo ya no quiero n\u00e1&#8217; la hice yo<\/strong> y la puse encima de la mesa. (&#8230;) Conoc\u00ed a un productor, a Bruno Valverde. Me fui a su casa, me ech\u00e9 ah\u00ed el domingo e hicimos la canci\u00f3n\u00bb, asegur\u00f3 Lola \u00cdndigo en marzo de 2019, en &#8216;Fama, a bailar&#8217;. <\/p>\n<p class=\"voc-p\" style=\"\">Tal y como asegur\u00f3 Asha, Lola \u00cdndigo solo compuso una min\u00fascula parte del popular tema. \u00abLo de coger el cr\u00e9dito de haber hecho una cosa, cuando <strong>realmente hiciste un 10%<\/strong> de la canci\u00f3n, me parece muy triste, \u00bfsabes? Porque ya te dieron un MTV Awards, ya cogiste todos los premios&#8230; \u00a1Ahora da el reconocimiento a cada persona que colabor\u00f3 contigo!\u00bb, explic\u00f3 a LOC.<\/p>\n<p class=\"voc-p\" style=\"\">En dicha entrevista, Asha explic\u00f3 que Bruno Valverde, el productor de la canci\u00f3n, cre\u00f3 la base y la frase &#8216;yo ya no quiero n\u00e1&#8217;. Despu\u00e9s, fue ella quien, a trav\u00e9s de una improvisaci\u00f3n, dio con<strong> la melod\u00eda del tema<\/strong>. \u00abEso se llama &#8216;pop line&#8217;, es la parte m\u00e1s importante de una canci\u00f3n, lo que hace que sea recordable y pegadiza. \u00a1Y todo eso es trabajo m\u00edo!\u00bb, asegur\u00f3. <\/p>\n<p class=\"voc-p\" style=\"\">En cuanto a Lola \u00cdndigo, explic\u00f3, \u00abempez\u00f3 a colocar palabras sobre mi composici\u00f3n\u00bb. \u00abVi a Mimi en televisi\u00f3n, le preguntaron qui\u00e9n hizo la canci\u00f3n y ella dec\u00eda &#8216;yo, yo, yo&#8217;. No dijo nada diferente, hasta que le preguntaron quien hab\u00eda hecho la melod\u00eda. Entonces respondi\u00f3 que hab\u00eda sido Bruno. Pero <strong>yo nunca aparec\u00ed en esa conversaci\u00f3n<\/strong>\u00bb, critic\u00f3 Asha.<\/p>\n<p class=\"voc-p\" style=\"\">Pese a la pol\u00e9mica, <strong>Lola \u00cdndigo no quiso pronunciarse en aquel momento sobre esta cuesti\u00f3n<\/strong>. Por su parte, la participante del Benidorm Fest se ha centrado desde entonces en su carrera en solitario. En 2020 lanz\u00f3 su primer single como cantante y hace un a\u00f1o lanz\u00f3 su \u00faltima canci\u00f3n: &#8216;Sola&#8217;, cantada en \u00e1rabe marroqu\u00ed y espa\u00f1ol.<\/p>\n","protected":false},"excerpt":{"rendered":"Ya conocemos el listado completo de los participantes del Benidorm Fest 2026. RTVE ha presentado este jueves, en&hellip;\n","protected":false},"author":2,"featured_media":166816,"comment_status":"","ping_status":"","sticky":false,"template":"","format":"standard","meta":{"footnotes":""},"categories":[91],"tags":[3076,48965,7092,48966,146,147,25,24,4139,48967,15727,15726,18097,10474,23,14647],"class_list":{"0":"post-166815","1":"post","2":"type-post","3":"status-publish","4":"format-standard","5":"has-post-thumbnail","7":"category-entretenimiento","8":"tag-3076","9":"tag-aseguro","10":"tag-benidorm","11":"tag-compositora","12":"tag-entertainment","13":"tag-entretenimiento","14":"tag-es","15":"tag-espana","16":"tag-fest","17":"tag-hirio","18":"tag-indigo","19":"tag-lola","20":"tag-participante","21":"tag-quiero","22":"tag-spain","23":"tag-verdadera"},"share_on_mastodon":{"url":"","error":""},"_links":{"self":[{"href":"https:\/\/www.europesays.com\/es\/wp-json\/wp\/v2\/posts\/166815","targetHints":{"allow":["GET"]}}],"collection":[{"href":"https:\/\/www.europesays.com\/es\/wp-json\/wp\/v2\/posts"}],"about":[{"href":"https:\/\/www.europesays.com\/es\/wp-json\/wp\/v2\/types\/post"}],"author":[{"embeddable":true,"href":"https:\/\/www.europesays.com\/es\/wp-json\/wp\/v2\/users\/2"}],"replies":[{"embeddable":true,"href":"https:\/\/www.europesays.com\/es\/wp-json\/wp\/v2\/comments?post=166815"}],"version-history":[{"count":0,"href":"https:\/\/www.europesays.com\/es\/wp-json\/wp\/v2\/posts\/166815\/revisions"}],"wp:featuredmedia":[{"embeddable":true,"href":"https:\/\/www.europesays.com\/es\/wp-json\/wp\/v2\/media\/166816"}],"wp:attachment":[{"href":"https:\/\/www.europesays.com\/es\/wp-json\/wp\/v2\/media?parent=166815"}],"wp:term":[{"taxonomy":"category","embeddable":true,"href":"https:\/\/www.europesays.com\/es\/wp-json\/wp\/v2\/categories?post=166815"},{"taxonomy":"post_tag","embeddable":true,"href":"https:\/\/www.europesays.com\/es\/wp-json\/wp\/v2\/tags?post=166815"}],"curies":[{"name":"wp","href":"https:\/\/api.w.org\/{rel}","templated":true}]}}