{"id":166824,"date":"2025-10-10T06:24:09","date_gmt":"2025-10-10T06:24:09","guid":{"rendered":"https:\/\/www.europesays.com\/es\/166824\/"},"modified":"2025-10-10T06:24:09","modified_gmt":"2025-10-10T06:24:09","slug":"pues-ahora-mandan-los-del-arte-avance-taurino","status":"publish","type":"post","link":"https:\/\/www.europesays.com\/es\/166824\/","title":{"rendered":"Pues ahora mandan los del arte \u2013 Avance Taurino"},"content":{"rendered":"<p>Los o el del arte, Morante. En este 2025 han ocurrido varios cambios muy positivos para la tauromaquia o simplemente cambios sorpresa. Uno de ellos es qui\u00e9n manda: los del valor o los del arte. Siempre se ha dicho, y parec\u00eda un dogma torero: \u201clos del valor, a mandar, y los del arte, a acompa\u00f1ar\u201d. <\/p>\n<p>\u00a0<\/p>\n<p>\u00a0<\/p>\n<p>\u00a0<\/p>\n<p>\u00a0<\/p>\n<p><img loading=\"lazy\" decoding=\"async\" class=\"alignleft size-thumbnail wp-image-86724\" src=\"https:\/\/www.europesays.com\/es\/wp-content\/uploads\/2025\/10\/FOTO-RICARDO-DIAZ-MANRESA-124x150.jpg\" alt=\"\" width=\"124\" height=\"150\"\/><\/p>\n<p><strong>Ricardo D\u00edaz-Manresa<\/strong><\/p>\n<p>\u00a0<\/p>\n<p>\u00a0<\/p>\n<p>\u00a0<\/p>\n<p>Bien es verdad que s\u00f3lo hay dos figuras: Morante, el del arte y con m\u00e1s valor que todos sus compa\u00f1eros anteriores que fueron calificados as\u00ed y Roca Rey, con valor y m\u00e1s cualidades. Los dos con fuerza para poder mandar. Y casi se han repartido el poder, pero la temporada m\u00e1gica del de la Puebla se impone.<\/p>\n<p>Recordamos los casos m\u00e1s llamativos. Pepe Luis no pudo con Manolete. Ni Antonio Ord\u00f3\u00f1ez con el Cordob\u00e9s. Ni Curro, y menos Paula, con Espartaco. Siempre mandaban los del valor. La verdad es que Pepe Luis y Ord\u00f3\u00f1ez fueron dos pesos pesados en lo suyo, algo que no se puede decir ni de Curro ni de Paula. Estos dos \u00faltimos acompa\u00f1aban sin molestar y sin decidir nada en ferias ni despachos. Fueron an\u00e9cdotas, m\u00e1s o menos grandes.<\/p>\n<p>Manolete, en su tiempo, era due\u00f1o total y no digamos El Cordob\u00e9s en el suyo. No se mov\u00eda un papel sin que ellos lo supieran y admitieran. Montaban ferias y carteles a su antojo.<\/p>\n<p>Ahora, ni de lejos, Morante tiene la fuerza que Manuel Rodr\u00edguez y Manuel Ben\u00edtez, dos Manolos. Pero el p\u00fablico se ha decantado por el de la Puebla, a nivel popular y medi\u00e1tico, pero eso no significa que mande, haga y deshaga, como en los casos de los Manolos. Es otra cosa. Aqu\u00ed se trata de significar que el del arte est\u00e1 por encima del del valor, aunque no sea por mucho. Un caso que no se hab\u00eda en muchos a\u00f1os.<\/p>\n<p>Tampoco s\u00e9 si tiene que ver en esto, querer estar por encima de t\u00ed, el rifirrafe, completamente light, que han mantenido, muy poco en el ruedo, los l\u00edderes Jos\u00e9 Antonio y Andr\u00e9s, aunque este \u00faltimo ha tenido que apretar much\u00edsimo para mantener su puesto. Lo de la competencia entre los dos s\u00f3lo se vio claramente en el veto de Roca Rey a Morante en Santander y en el quite en el Puerto del peruano a un toro del sevillano que origin\u00f3 una discusi\u00f3n en el callej\u00f3n e incluso una frase, no desmentida : Maestro, a fumarse un purito, que no parece ni es muy respetuosa, por la edad y por lo que representa Morante en el toreo.<\/p>\n<p>Algunos quisieron ver una competencia en el ruedo, que no se produjo para nada. M\u00e1s bien tuvo su cobijo en los medios informativos pero una vez m\u00e1s el caso qued\u00f3 en el oscurantismo tan t\u00edpicamente taurino. Ninguno de los dos abri\u00f3 la boca para decir lo que pasaba y por qu\u00e9 pasaba.<\/p>\n<p>Ni ning\u00fan medio informativo supo o quiso descubrirlo y contarlo. Estamos \u2013es verdad- en un tiempo en que el periodismo ha desaparecido y dado paso a una comunicaci\u00f3n global. No se sabe cu\u00e1ntos profesionales y cu\u00e1ntos aficionados hay trabajando en esto. Y de ah\u00ed puede venir, y vienen, los males.<\/p>\n<p>En resumen, nadie sabe, salvo los protagonistas, lo ocurrido, pero s\u00ed que desde hace muchos a\u00f1os manda m\u00e1s ahora un torero de arte.<\/p>\n<p>\u00a0<\/p>\n<p>\u00a0<\/p>\n","protected":false},"excerpt":{"rendered":"Los o el del arte, Morante. En este 2025 han ocurrido varios cambios muy positivos para la tauromaquia&hellip;\n","protected":false},"author":2,"featured_media":166825,"comment_status":"","ping_status":"","sticky":false,"template":"","format":"standard","meta":{"footnotes":""},"categories":[277],"tags":[373,168,25,24,23,167,374],"class_list":{"0":"post-166824","1":"post","2":"type-post","3":"status-publish","4":"format-standard","5":"has-post-thumbnail","7":"category-toreo","8":"tag-bullfighting","9":"tag-deportes","10":"tag-es","11":"tag-espana","12":"tag-spain","13":"tag-sports","14":"tag-toreo"},"share_on_mastodon":{"url":"","error":""},"_links":{"self":[{"href":"https:\/\/www.europesays.com\/es\/wp-json\/wp\/v2\/posts\/166824","targetHints":{"allow":["GET"]}}],"collection":[{"href":"https:\/\/www.europesays.com\/es\/wp-json\/wp\/v2\/posts"}],"about":[{"href":"https:\/\/www.europesays.com\/es\/wp-json\/wp\/v2\/types\/post"}],"author":[{"embeddable":true,"href":"https:\/\/www.europesays.com\/es\/wp-json\/wp\/v2\/users\/2"}],"replies":[{"embeddable":true,"href":"https:\/\/www.europesays.com\/es\/wp-json\/wp\/v2\/comments?post=166824"}],"version-history":[{"count":0,"href":"https:\/\/www.europesays.com\/es\/wp-json\/wp\/v2\/posts\/166824\/revisions"}],"wp:featuredmedia":[{"embeddable":true,"href":"https:\/\/www.europesays.com\/es\/wp-json\/wp\/v2\/media\/166825"}],"wp:attachment":[{"href":"https:\/\/www.europesays.com\/es\/wp-json\/wp\/v2\/media?parent=166824"}],"wp:term":[{"taxonomy":"category","embeddable":true,"href":"https:\/\/www.europesays.com\/es\/wp-json\/wp\/v2\/categories?post=166824"},{"taxonomy":"post_tag","embeddable":true,"href":"https:\/\/www.europesays.com\/es\/wp-json\/wp\/v2\/tags?post=166824"}],"curies":[{"name":"wp","href":"https:\/\/api.w.org\/{rel}","templated":true}]}}