{"id":166833,"date":"2025-10-10T06:33:09","date_gmt":"2025-10-10T06:33:09","guid":{"rendered":"https:\/\/www.europesays.com\/es\/166833\/"},"modified":"2025-10-10T06:33:09","modified_gmt":"2025-10-10T06:33:09","slug":"el-caac-hace-un-homenaje-a-miguel-benlloch-y-le-dedica-la-primera-exposicion-individual-al-activista-andaluz","status":"publish","type":"post","link":"https:\/\/www.europesays.com\/es\/166833\/","title":{"rendered":"El CAAC hace un homenaje a Miguel Benlloch y le dedica la primera exposici\u00f3n individual al activista andaluz"},"content":{"rendered":"<p style=\"\">El <strong>Centro Andaluz de Arte Contempor\u00e1neo<\/strong> (CAAC) ha presentado este jueves la exposici\u00f3n <strong>&#8216;Bajar la voz. Miguel Benlloch&#8217;<\/strong>, la primera muestra individual dedicada al artista en este museo. La exposici\u00f3n, comisariada por <strong>Rafa Barber Cortell<\/strong> y <strong>Enrique Fuenteblanca<\/strong>, re\u00fane una  &#8230; selecci\u00f3n de obras audiovisuales, gr\u00e1ficas, documentales, sonoras y vestuario que recorren los principales ejes tem\u00e1ticos del trabajo de Benlloch. <strong>Las obras se muestran distribuidas en di\u00e1logo con la historia de distintos espacios del conjunto monumental de Santa Mar\u00eda de Las Cuevas<\/strong>, sede del CAAC en Sevilla, y podr\u00e1 visitarse hasta el 5 de abril de 2026.<\/p>\n<p class=\"voc-p\" style=\"\"><strong>&#8216;Bajar la voz. Miguel Benlloch&#8217;<\/strong> no sigue un orden cronol\u00f3gico, sino que<strong> se articula a trav\u00e9s de distintos espacios del museo que guardan una relaci\u00f3n directa con temas fundamentales en la obra del artista<\/strong>. Seg\u00fan los comisarios, \u00abesta exposici\u00f3n se inspira en la forma de hacer de Benlloch, llevando a cabo una serie de gestos curatoriales que se alejan de la l\u00f3gica del cubo blanco: mostrar sus obras y acciones de forma no cronol\u00f3gica, en los intersticios y espacios liminales del CAAC, en lugar de en las principales salas expositivas, y<strong> ponerlas en relaci\u00f3n con los relatos hist\u00f3ricos del edificio<\/strong>, que antes de ser centro de arte fue monasterio, f\u00e1brica y cuartel\u00bb.<\/p>\n<p class=\"voc-p\" style=\"\">El recorrido de la exposici\u00f3n se articula a trav\u00e9s de una se\u00f1al\u00e9tica espec\u00edfica de esferas iridiscentes. <strong>En lugar de guiar de forma lineal, los comisarios proponen a los visitantes un espacio que invita a la desorientaci\u00f3n y a la deriva<\/strong>, integrando as\u00ed en la experiencia conceptos fundamentales en el trabajo de Benlloch. Junto a su labor como artista y performancero, acciones a menudo sin obra material, tambi\u00e9n se ponen en valor otras facetas como la de productor, escritor y activista.<\/p>\n<p class=\"voc-p\" style=\"\">En las capillas de Santa Catalina y San Bruno<strong> se presenta un conjunto de obras que explora la relaci\u00f3n entre lo sagrado y lo profano<\/strong>, mostrando c\u00f3mo Benlloch combinaba el pensamiento materialista con formas de conocimiento no exclusivamente racionales. Entre las piezas destacadas figuran &#8216;Hendido por un rayo&#8217; (1992), &#8216;San Sebasti\u00e1n&#8217; (1993), &#8216;Tr\u00e1nsito de lo sagrado y lo profano&#8217; (1992) y &#8216;Las Esferas en la intimidad&#8217; (1994). Estas obras dialogan entre s\u00ed y con otras piezas presentes, tejiendo un entramado de experiencias colectivas en el que se entrelazan lo po\u00e9tico, lo ritual, lo pol\u00edtico y lo cultural.<\/p>\n<p class=\"voc-p\" style=\"\">El Patio Prioral y el Patio de P\u00e9rgolas re\u00fanen trabajos que exploran la relaci\u00f3n entre arte y vida desde la cotidianidad y los afectos del artista. Entre las obras presentes destacan las fotograf\u00edas de la serie <strong>&#8216;Tipotopotropos&#8217;<\/strong> (1998\u20132016), en las que<strong> Benlloch se retrata &#8216;performando&#8217; distintas personalidades<\/strong>, que van desde Mar\u00eda de la O hasta un obrero de la construcci\u00f3n. Tambi\u00e9n se incluye &#8216;Canario&#8217;, un poema y acci\u00f3n sonora realizada el 2 de noviembre de 1993 mediante una transmisi\u00f3n telef\u00f3nica entre Granada y Nueva York, en la que el artista responde a la prevista invasi\u00f3n de Hait\u00ed por el ej\u00e9rcito de Estados Unidos. En esta zona del museo se presenta adem\u00e1s &#8216;Los Lares de la casa&#8217;, un altar ap\u00f3crifo que se muestra por primera vez al p\u00fablico.<\/p>\n<p class=\"voc-p\" style=\"\">La Bodega, espacio subterr\u00e1neo en la zona monumental, acoge obras vinculadas a la clandestinidad, la acci\u00f3n pol\u00edtica y la cr\u00edtica a la l\u00f3gica de acumulaci\u00f3n. Las piezas se conciben aqu\u00ed como un archivo vivo que aproxima al visitante al pensamiento activista y clandestino de Benlloch. Entre otras, se presentan &#8217;51 g\u00e9neros&#8217; (2004), &#8216;SIDA DA&#8217; (1984), &#8216;Documentaci\u00f3n BIACS NO&#8217; (2004\u20132012) y materiales relacionados con el espacio &#8216;Planta Baja&#8217;, de Granada.<\/p>\n<p class=\"voc-p\" style=\"\"><strong>La Capilla de la Magdalena cierra el recorrido<\/strong>. Este espacio desacralizado re\u00fane trabajos en torno a la lucha que mantuvo el artista contra los binarismos identitarios y las marcas de g\u00e9nero, clase y raza. En la obra de Benlloch, los opuestos no se resuelven, sino que conviven, desarticulando as\u00ed las l\u00f3gicas de enfrentamiento. Como pionero de las artes performativas en cuestiones de g\u00e9nero en Espa\u00f1a, <strong>su primera acci\u00f3n p\u00fablica, &#8216;Tengo tiempo&#8217; (1994), marc\u00f3 su posterior trayectoria vital y art\u00edstica<\/strong>. En ella, el artista se va despojando de m\u00faltiples vestimentas que hab\u00edan acompa\u00f1ado distintas etapas de su vida. Dos d\u00e9cadas despu\u00e9s, en la Sala At\u00edn Aya de Sevilla, recorrer\u00eda el camino inverso en &#8216;El Fantasma invidente&#8217; (2018), caminando de espaldas mientras se vest\u00eda y desvest\u00eda con diferentes ropas, revisitando as\u00ed su propio archivo performativo.<\/p>\n<p class=\"voc-p\" style=\"\">Durante la exposici\u00f3n <strong>estar\u00e1 disponible un sistema de c\u00f3digos QR que permitir\u00e1 enlazar directamente con el Archivo Miguel Benlloch<\/strong>, concebido como una herramienta digital de consulta p\u00fablica, gestionada por BNV producciones. Parte de estos archivos ser\u00e1n ofrecidos como donaci\u00f3n al CAAC al terminar la muestra, donde ser\u00e1n archivados, custodiados y puestos a disposici\u00f3n del p\u00fablico para su consulta e investigaci\u00f3n, contribuyendo as\u00ed a la preservaci\u00f3n y difusi\u00f3n de su legado.<\/p>\n<p><img decoding=\"async\" loading=\"lazy\" src=\"https:\/\/www.europesays.com\/es\/wp-content\/uploads\/2025\/10\/comisarios-benlloch-dos-U80624312786afZ-760x550@diario_abc.jpeg\" class=\"voc-img\" width=\"760\" height=\"550\" alt=\"Los comisarios de la exposici\u00f3n, Rafa Barber Cortell y Enrique Fuenteblanca\" data-voc-vtm-id=\"in-text-traffic\"\/><\/p>\n<p>Los comisarios de la exposici\u00f3n, Rafa Barber Cortell y Enrique Fuenteblanca<\/p>\n<p>mar\u00eda guerra<\/p>\n<p class=\"voc-p\" style=\"\">Coincidiendo con la muestra, <strong>el d\u00eda 4 de diciembre tendr\u00e1 lugar la conferencia &#8216;El sexo de los \u00e1ngeles&#8217;<\/strong> del fil\u00f3sofo y pensador <strong>Paul B. Preciado<\/strong>, quien durante muchos a\u00f1os fue colaborador de Benlloch. Esta actividad se enmarca dentro del programa &#8216;Pensamiento Sur (b)terr\u00e1neo. Lo popular desde el sur, del rev\u00e9s y boca abajo&#8217;, comisariado por Pedro G. Romero y BNV Producciones.<\/p>\n<p class=\"voc-p\" style=\"\">Este jueves por la tarde, a las 19:00 horas y coincidiendo con la inauguraci\u00f3n abierta al p\u00fablico de la muestra,<strong> el cantaor Romero Mart\u00edn interpretar\u00e1 textos de Miguel Benlloch<\/strong>. El evento contar\u00e1 tambi\u00e9n con la participaci\u00f3n de los Djs Fr\u00eda Jones, Sweet Yuyu y Raxx.me. Adem\u00e1s, a lo largo del periodo expositivo se desarrollar\u00e1 un programa de actividades, conferencias y performances vinculadas a la obra de Benlloch.<\/p>\n<p class=\"voc-p\" style=\"\"><strong>Miguel Benlloch hizo del tr\u00e1nsito entre arte, vida y militancia pol\u00edtica una forma radical de estar en el mundo<\/strong>. &#8216;Performancero&#8217;, poeta, productor y activista, desdibuj\u00f3 con su obra los l\u00edmites entre po\u00e9tica, pol\u00edtica y biograf\u00eda. Su pr\u00e1ctica, situada pero siempre exc\u00e9ntrica, despleg\u00f3 una \u00e9tica de la inquietud: busc\u00f3 incomodar, descentrarse y desidentificarse, dialogando con otras voces para imaginar colectividades por venir, alzando la voz cuando era necesario o baj\u00e1ndola para \u00abque se oigan muchas voces en ese com\u00fan de la desidentificaci\u00f3n\u00bb.<\/p>\n<ul class=\"oc-d-c-list__list\">\n<li class=\"voc-d-c-list__item\">\n<p class=\"voc-d-c-list__paragraph\">D\u00f3nde: Centro Andaluz de Arte Contempor\u00e1neo. <\/p>\n<\/li>\n<li class=\"voc-d-c-list__item\">\n<p class=\"voc-d-c-list__paragraph\">Direcci\u00f3n: Calle Am\u00e9rico Vespucio, 2.<\/p>\n<\/li>\n<li class=\"voc-d-c-list__item\">\n<p class=\"voc-d-c-list__paragraph\">Cu\u00e1ndo: hasta el 5 de abril de 2026. <\/p>\n<\/li>\n<li class=\"voc-d-c-list__item\">\n<p class=\"voc-d-c-list__paragraph\">Horario: De martes a s\u00e1bados, de 11:00 a 21:00 horas. Domingos y festivos abiertos, de 10:00 a 15:30. Cerrado: todos los lunes<\/p>\n<\/li>\n<li class=\"voc-d-c-list__item\">\n<p class=\"voc-d-c-list__paragraph\">Precio: 1,80 euros: visita al monumento o a las exposiciones temporales. 3,01 euros: visita completa. Venta de tickets hasta media hora antes del cierre. Entrada gratis: Martes a viernes: de 19:00 a 21:00 horas. S\u00e1bado: de 11:00 a 21:00 horas.<\/p>\n<\/li>\n<\/ul>\n<p class=\"voc-p\" style=\"\">A lo largo de su vida, ya fuera mediante su participaci\u00f3n en diversos movimientos pol\u00edticos,<strong> las acciones performativas y musicales en el &#8216;Planta Baja&#8217; de Granada<\/strong>, su trabajo como artista o su actividad en la oficina de arte y pensamiento BNV Producciones, Benlloch convirti\u00f3 su hacer cotidiano en una b\u00fasqueda constante de un hacer art\u00edstico inseparable de la vida.<\/p>\n<p class=\"voc-p\" style=\"\">De manera pionera, luch\u00f3 contra toda forma de binarismo sin desligarse de los acontecimientos hist\u00f3ricos que marcaron su tiempo. Sus acciones, a menudo sin obra material, <strong>resuenan hoy con especial fuerza en un contexto atravesado por la guerra<\/strong>, la negaci\u00f3n de la multiplicidad y el cuestionamiento del car\u00e1cter performativo de las identidades.<\/p>\n","protected":false},"excerpt":{"rendered":"El Centro Andaluz de Arte Contempor\u00e1neo (CAAC) ha presentado este jueves la exposici\u00f3n &#8216;Bajar la voz. Miguel Benlloch&#8217;,&hellip;\n","protected":false},"author":2,"featured_media":166834,"comment_status":"","ping_status":"","sticky":false,"template":"","format":"standard","meta":{"footnotes":""},"categories":[173],"tags":[7636,16470,229,233,231,230,21685,43708,1739,232,234,146,147,25,24,2003,6552,10100,4098,1078,23],"class_list":{"0":"post-166833","1":"post","2":"type-post","3":"status-publish","4":"format-standard","5":"has-post-thumbnail","7":"category-arte-y-diseno","8":"tag-activista","9":"tag-andaluz","10":"tag-arte","11":"tag-arte-y-diseno","12":"tag-arts","13":"tag-arts-and-design","14":"tag-benlloch","15":"tag-caac","16":"tag-dedica","17":"tag-design","18":"tag-diseno","19":"tag-entertainment","20":"tag-entretenimiento","21":"tag-es","22":"tag-espana","23":"tag-exposicion","24":"tag-homenaje","25":"tag-individual","26":"tag-miguel","27":"tag-primera","28":"tag-spain"},"share_on_mastodon":{"url":"","error":""},"_links":{"self":[{"href":"https:\/\/www.europesays.com\/es\/wp-json\/wp\/v2\/posts\/166833","targetHints":{"allow":["GET"]}}],"collection":[{"href":"https:\/\/www.europesays.com\/es\/wp-json\/wp\/v2\/posts"}],"about":[{"href":"https:\/\/www.europesays.com\/es\/wp-json\/wp\/v2\/types\/post"}],"author":[{"embeddable":true,"href":"https:\/\/www.europesays.com\/es\/wp-json\/wp\/v2\/users\/2"}],"replies":[{"embeddable":true,"href":"https:\/\/www.europesays.com\/es\/wp-json\/wp\/v2\/comments?post=166833"}],"version-history":[{"count":0,"href":"https:\/\/www.europesays.com\/es\/wp-json\/wp\/v2\/posts\/166833\/revisions"}],"wp:featuredmedia":[{"embeddable":true,"href":"https:\/\/www.europesays.com\/es\/wp-json\/wp\/v2\/media\/166834"}],"wp:attachment":[{"href":"https:\/\/www.europesays.com\/es\/wp-json\/wp\/v2\/media?parent=166833"}],"wp:term":[{"taxonomy":"category","embeddable":true,"href":"https:\/\/www.europesays.com\/es\/wp-json\/wp\/v2\/categories?post=166833"},{"taxonomy":"post_tag","embeddable":true,"href":"https:\/\/www.europesays.com\/es\/wp-json\/wp\/v2\/tags?post=166833"}],"curies":[{"name":"wp","href":"https:\/\/api.w.org\/{rel}","templated":true}]}}