{"id":166835,"date":"2025-10-10T06:34:09","date_gmt":"2025-10-10T06:34:09","guid":{"rendered":"https:\/\/www.europesays.com\/es\/166835\/"},"modified":"2025-10-10T06:34:09","modified_gmt":"2025-10-10T06:34:09","slug":"mariola-urrea-presenta-su-libro-tomar-partido-en-el-club-de-lectura-de-radio-bilbao-sociedad","status":"publish","type":"post","link":"https:\/\/www.europesays.com\/es\/166835\/","title":{"rendered":"Mariola Urrea presenta su libro \u201cTomar Partido\u201d en el Club de Lectura de Radio Bilbao | Sociedad"},"content":{"rendered":"<p>El Club de Lectura de Radio Bilbao celebra una nueva edici\u00f3n el pr\u00f3ximo martes, 21 de octubre, en el espacio Yimby Bilbao (calle Ercilla, 24), con la presencia de la jurista, profesora universitaria y columnista Mariola Urrea, que presentar\u00e1 su \u00faltimo libro, \u201cTomar Partido\u201d.<\/p>\n<p>La cita, enmarcada dentro del ciclo Charlas Yimby, tendr\u00e1 lugar de 18:00 a 19:30 horas y estar\u00e1 presentada por Jon Ega\u00f1a, jefe de Redacci\u00f3n de Radio Bilbao. La entrada es gratuita con invitaci\u00f3n, disponible a trav\u00e9s de radiobilbao.eus o directamente en la emisora.<\/p>\n<p>\u201cTomar Partido\u201d: una mirada comprometida sobre la actualidad<img decoding=\"async\" src=\"https:\/\/www.europesays.com\/es\/wp-content\/uploads\/2025\/10\/1760078048_976_MIYABVV3KZEMZFJBT7YKVGMUHM.jpg\" alt=\"Portada del libro 'Tomar partido' de Mariola Urrea\" width=\"650\" height=\"1008\"  loading=\"lazy\"\/><\/p>\n<p>Portada del libro &#8216;Tomar partido&#8217; de Mariola Urrea \/ Cadena SER<\/p>\n<p>Ampliar<img decoding=\"async\" src=\"https:\/\/www.europesays.com\/es\/wp-content\/uploads\/2025\/10\/1760078049_612_MIYABVV3KZEMZFJBT7YKVGMUHM.jpg\" alt=\"Portada del libro 'Tomar partido' de Mariola Urrea\" width=\"650\" height=\"1008\" loading=\"lazy\"\/><\/p>\n<p>Portada del libro &#8216;Tomar partido&#8217; de Mariola Urrea \/ Cadena SER<\/p>\n<p>Cerrar<\/p>\n<p>En \u201cTomar Partido\u201d, publicado recientemente, Mariola Urrea recopila m\u00e1s de cien art\u00edculos publicados entre 2018 y 2024 en distintos medios de comunicaci\u00f3n. La obra re\u00fane una selecci\u00f3n de textos que reflexionan sobre la pol\u00edtica, la sociedad y los retos democr\u00e1ticos contempor\u00e1neos, con un tono que combina el rigor jur\u00eddico con la mirada cr\u00edtica y comprometida de su autora.<\/p>\n<p>Tal y como ha explicado Urrea, el libro es \u201cuna invitaci\u00f3n a pensar desde la discrepancia, a tomar partido desde la raz\u00f3n y la conciencia ciudadana\u201d, una idea que define el esp\u00edritu de su trayectoria profesional y period\u00edstica.<\/p>\n<p>Una nueva cita con la lectura y el pensamiento cr\u00edtico<\/p>\n<p>El Club de Lectura de Radio Bilbao se consolida como un punto de encuentro cultural que promueve el di\u00e1logo, la lectura y la reflexi\u00f3n colectiva en torno a la actualidad literaria y social.En esta ocasi\u00f3n, la charla con Mariola Urrea permitir\u00e1 descubrir las claves de \u201cTomar Partido\u201d, un libro que invita a la ciudadan\u00eda a participar activamente en el debate p\u00fablico y a reconocer el valor del pensamiento cr\u00edtico en tiempos de polarizaci\u00f3n.<\/p>\n<p>El evento promete ser una oportunidad \u00fanica para conocer de cerca la obra y el pensamiento de una de las voces m\u00e1s influyentes del \u00e1mbito jur\u00eddico y medi\u00e1tico espa\u00f1ol.<\/p>\n<p>Detalles del evento<\/p>\n<p>\ud83d\udcc5 <b>Fecha:<\/b> Martes, 21 de octubre de 2025<\/p>\n<p>\ud83d\udd55 <b>Hora:<\/b> De 18:00 a 19:30 h<\/p>\n<p>\ud83d\udccd <b>Lugar:<\/b> Yimby Bilbao \u2013 Calle Ercilla, 24<\/p>\n<p>\ud83c\udf99\ufe0f <b>Presenta:<\/b> Jon Ega\u00f1a, jefe de Redacci\u00f3n de Radio Bilbao<\/p>\n<p>\ud83c\udf9f\ufe0f <b>Invitaciones:<\/b> En <a href=\"https:\/\/radiobilbao.eus\" target=\"_blank\" rel=\"nofollow noopener\">radiobilbao.eus<\/a> o en la emisora<\/p>\n","protected":false},"excerpt":{"rendered":"El Club de Lectura de Radio Bilbao celebra una nueva edici\u00f3n el pr\u00f3ximo martes, 21 de octubre, en&hellip;\n","protected":false},"author":2,"featured_media":166836,"comment_status":"","ping_status":"","sticky":false,"template":"","format":"standard","meta":{"footnotes":""},"categories":[172],"tags":[224,146,147,25,24,225,23],"class_list":{"0":"post-166835","1":"post","2":"type-post","3":"status-publish","4":"format-standard","5":"has-post-thumbnail","7":"category-libros","8":"tag-books","9":"tag-entertainment","10":"tag-entretenimiento","11":"tag-es","12":"tag-espana","13":"tag-libros","14":"tag-spain"},"share_on_mastodon":{"url":"","error":""},"_links":{"self":[{"href":"https:\/\/www.europesays.com\/es\/wp-json\/wp\/v2\/posts\/166835","targetHints":{"allow":["GET"]}}],"collection":[{"href":"https:\/\/www.europesays.com\/es\/wp-json\/wp\/v2\/posts"}],"about":[{"href":"https:\/\/www.europesays.com\/es\/wp-json\/wp\/v2\/types\/post"}],"author":[{"embeddable":true,"href":"https:\/\/www.europesays.com\/es\/wp-json\/wp\/v2\/users\/2"}],"replies":[{"embeddable":true,"href":"https:\/\/www.europesays.com\/es\/wp-json\/wp\/v2\/comments?post=166835"}],"version-history":[{"count":0,"href":"https:\/\/www.europesays.com\/es\/wp-json\/wp\/v2\/posts\/166835\/revisions"}],"wp:featuredmedia":[{"embeddable":true,"href":"https:\/\/www.europesays.com\/es\/wp-json\/wp\/v2\/media\/166836"}],"wp:attachment":[{"href":"https:\/\/www.europesays.com\/es\/wp-json\/wp\/v2\/media?parent=166835"}],"wp:term":[{"taxonomy":"category","embeddable":true,"href":"https:\/\/www.europesays.com\/es\/wp-json\/wp\/v2\/categories?post=166835"},{"taxonomy":"post_tag","embeddable":true,"href":"https:\/\/www.europesays.com\/es\/wp-json\/wp\/v2\/tags?post=166835"}],"curies":[{"name":"wp","href":"https:\/\/api.w.org\/{rel}","templated":true}]}}