{"id":166843,"date":"2025-10-10T06:38:07","date_gmt":"2025-10-10T06:38:07","guid":{"rendered":"https:\/\/www.europesays.com\/es\/166843\/"},"modified":"2025-10-10T06:38:07","modified_gmt":"2025-10-10T06:38:07","slug":"kylian-mbappe-real-madrid-defiende-a-lamine-yamal-barcelona-explosivas-declaraciones-curiosidades-de-futbol","status":"publish","type":"post","link":"https:\/\/www.europesays.com\/es\/166843\/","title":{"rendered":"Kylian Mbapp\u00e9 [Real Madrid] defiende a Lamine Yamal [Barcelona]: explosivas declaraciones | Curiosidades de f\u00fatbol"},"content":{"rendered":"<p class=\"texto intro cnx-companion-firstparagraph\" id=\"p256712-m324-323-325\">Kylian Mbapp\u00e9 se olvid\u00f3 de cualquier rivalidad con Lamine Yamal, pues ambos son s\u00edmbolos opuestos, de Real Madrid y FC Barcelona, respectivamente; para defender al  joven extremo por las cr\u00edticas que ha recibido por su vida personal.<\/p>\n<p>El delantero franc\u00e9s habl\u00f3 con Jorge Valdano, en el programa \u2018Universo Valdano\u2019, y en un adelanto de la entrevista se vio c\u00f3mo Kylian fue contundente a la hora de hablar del joven Yamal.<\/p>\n<p class=\"texto contenido-parrafo-articulo cnx-companion-paragraph\" id=\"p256712-m342-2-343\">\u201cYo pienso que se ve que \u00e9l tiene la pasi\u00f3n por el f\u00fatbol y es lo \u00fanico que no tiene que perder, la pasi\u00f3n por el f\u00fatbol. <b>El resto es su vida y la gente habla mucho de su vida personal, de sus cosas. Yo creo que la gente tiene que dejarle en paz<\/b>, tiene que aceptar que en el f\u00fatbol es un gran jugador, pero en la vida es un chico de 18 a\u00f1os. Y <b>con 18 a\u00f1os todo el mundo hace errores, hay cosas que hace bien, que hace mal<\/b>\u201d, coment\u00f3 Mbapp\u00e9.<\/p>\n<p>El galo a\u00f1adi\u00f3: \u201cAl final \u00e9l va a tener su experiencia de vida, <b>va a saber lo que es bueno para \u00e9l, lo que es malo. Al final tenemos \u00fanicamente que mirar lo que hace en el campo<\/b>, el resto no es importante si no es grave\u201d.<\/p>\n<p>Para finalizar, el jugador del Real Madrid coment\u00f3 sobre el extremo del FC Barcelona: \u201ces un jugador que tiene un gran talento y espero que vaya a tener si camino como \u00e9l lo quiere y le deseo mucha suerte\u201d.<\/p>\n","protected":false},"excerpt":{"rendered":"Kylian Mbapp\u00e9 se olvid\u00f3 de cualquier rivalidad con Lamine Yamal, pues ambos son s\u00edmbolos opuestos, de Real Madrid&hellip;\n","protected":false},"author":2,"featured_media":166844,"comment_status":"","ping_status":"","sticky":false,"template":"","format":"standard","meta":{"footnotes":""},"categories":[93],"tags":[5443,48968,168,25,24,12774,11680,24904,23,167],"class_list":{"0":"post-166843","1":"post","2":"type-post","3":"status-publish","4":"format-standard","5":"has-post-thumbnail","7":"category-deportes","8":"tag-defiende","9":"tag-dejarle","10":"tag-deportes","11":"tag-es","12":"tag-espana","13":"tag-explota","14":"tag-lamine","15":"tag-mbappe","16":"tag-spain","17":"tag-sports"},"share_on_mastodon":{"url":"","error":""},"_links":{"self":[{"href":"https:\/\/www.europesays.com\/es\/wp-json\/wp\/v2\/posts\/166843","targetHints":{"allow":["GET"]}}],"collection":[{"href":"https:\/\/www.europesays.com\/es\/wp-json\/wp\/v2\/posts"}],"about":[{"href":"https:\/\/www.europesays.com\/es\/wp-json\/wp\/v2\/types\/post"}],"author":[{"embeddable":true,"href":"https:\/\/www.europesays.com\/es\/wp-json\/wp\/v2\/users\/2"}],"replies":[{"embeddable":true,"href":"https:\/\/www.europesays.com\/es\/wp-json\/wp\/v2\/comments?post=166843"}],"version-history":[{"count":0,"href":"https:\/\/www.europesays.com\/es\/wp-json\/wp\/v2\/posts\/166843\/revisions"}],"wp:featuredmedia":[{"embeddable":true,"href":"https:\/\/www.europesays.com\/es\/wp-json\/wp\/v2\/media\/166844"}],"wp:attachment":[{"href":"https:\/\/www.europesays.com\/es\/wp-json\/wp\/v2\/media?parent=166843"}],"wp:term":[{"taxonomy":"category","embeddable":true,"href":"https:\/\/www.europesays.com\/es\/wp-json\/wp\/v2\/categories?post=166843"},{"taxonomy":"post_tag","embeddable":true,"href":"https:\/\/www.europesays.com\/es\/wp-json\/wp\/v2\/tags?post=166843"}],"curies":[{"name":"wp","href":"https:\/\/api.w.org\/{rel}","templated":true}]}}