{"id":166853,"date":"2025-10-10T06:44:08","date_gmt":"2025-10-10T06:44:08","guid":{"rendered":"https:\/\/www.europesays.com\/es\/166853\/"},"modified":"2025-10-10T06:44:08","modified_gmt":"2025-10-10T06:44:08","slug":"trump-sugiere-que-espana-deberia-ser-expulsada-de-la-otan-por-los-desacuerdos-en-gasto-de-defensa","status":"publish","type":"post","link":"https:\/\/www.europesays.com\/es\/166853\/","title":{"rendered":"Trump sugiere que Espa\u00f1a deber\u00eda ser expulsada de la OTAN por los desacuerdos en gasto de Defensa"},"content":{"rendered":"<p>\n         Publicado<br \/>\n            10\/10\/2025 &#8211; 8:19 CEST\n            <\/p>\n<p>          <img decoding=\"async\" class=\"c-ad__placeholder__logo\" src=\"https:\/\/static.euronews.com\/website\/images\/logos\/logo-euronews-stacked-outlined-72x72-grey-9.svg\" width=\"72\" height=\"72\" alt=\"\" loading=\"lazy\"\/><br \/>\n          PUBLICIDAD<\/p>\n<p>El presidente de EE.UU., <strong>Donald Trump, sugiri\u00f3 el jueves en la Casa Blanca que Espa\u00f1a deb\u00eda ser \u00abexpulsada\u00bb de la OTAN<\/strong> en una reuni\u00f3n con su hom\u00f3logo finland\u00e9s, Alexander Stubb.<\/p>\n<p>La reuni\u00f3n, que se supon\u00eda que era el preludio de la compra por parte de Finlandia de buques rompehielos estadounidenses, deriv\u00f3 en una discusi\u00f3n sobre la alianza de defensa, mientras Trump buscaba reavivar su disputa de meses con la naci\u00f3n ib\u00e9rica <a href=\"https:\/\/es.euronews.com\/2025\/06\/24\/trump-senala-a-espana-como-un-problema-para-la-otan-por-negarse-a-aumentar-el-gasto-en-def\" rel=\"nofollow noopener\" target=\"_blank\">por desacuerdos sobre el gasto en Defensa<\/a>.<\/p>\n<p>Trump mantiene un largo enfrentamiento con el presidente del Gobierno espa\u00f1ol, Pedro S\u00e1nchez, desde la cumbre de la OTAN celebrada a finales de junio en La Haya, en la que, pocos d\u00edas antes de que se reunieran los l\u00edderes de la alianza, S\u00e1nchez anunci\u00f3 que <a href=\"https:\/\/es.euronews.com\/my-europe\/2025\/06\/19\/pedro-sanchez-confirma-que-espana-no-subira-el-presupuesto-del-defensa-al-5-propuesto-por-\" rel=\"nofollow noopener\" target=\"_blank\">Espa\u00f1a no cumplir\u00eda las exigencias de Trump de aumentar el gasto en Defensa hasta el 5% del Producto Interior Bruto<\/a> (PIB), <strong>frente a los objetivos anteriores del 2%<\/strong>.<\/p>\n<p>\u00abComo saben, ped\u00ed que pagaran el 5%, no el 2%. Y la mayor\u00eda pensaba que eso no iba a ocurrir, y ocurri\u00f3 pr\u00e1cticamente por unanimidad. Tuvimos un rezagado. Fue Espa\u00f1a. Espa\u00f1a\u00bb, dijo Trump.<\/p>\n<p>\u00ab<strong>Hay que llamarles y averiguar por qu\u00e9 son unos rezagados<\/strong> y a ellos tambi\u00e9n les va bien\u00bb. El presidente estadounidense arremeti\u00f3 en una reuni\u00f3n en el Despacho Oval por lo dem\u00e1s amistosa, sugiriendo que el pa\u00eds deber\u00eda ser expulsado de la organizaci\u00f3n.<\/p>\n<p>\u00ab\u00bfSaben qu\u00e9 es lo curioso? Gracias a muchas de las cosas que hemos hecho, a ellos les va bien. No tienen excusa para no hacerlo, pero no pasa nada. <strong>Quiz\u00e1 habr\u00eda que echarlos de la OTAN, francamente<\/strong>\u00ab, a\u00f1adi\u00f3 Trump.<\/p>\n<p>Anteriormente hab\u00eda declarado que <strong>Washington ya no estaba dispuesto a permitir que Europa se \u00abaprovechara\u00bb de su fuerza militar<\/strong>, subrayando que cada pa\u00eds de la OTAN tiene que \u00abarrimar el hombro\u00bb y contribuir equitativamente a su defensa.<\/p>\n<p>Durante la reuni\u00f3n, <strong>Stubb y Trump aprobaron formalmente un acuerdo por el que se vender\u00e1n a Helsinki 11 rompehielos medianos<\/strong>, cuyo coste se estima en unos 6.100 millones de d\u00f3lares (5.270 millones de euros). Washington pretende entregar el primero de la flota en 2028.<\/p>\n<p>Se produce en un momento en el que <a href=\"https:\/\/es.euronews.com\/my-europe\/2025\/10\/08\/en-finlandia-todos-defienden-al-pais-el-modelo-ciudadano-que-inspira-a-europa-ante-la-guer\" rel=\"nofollow noopener\" target=\"_blank\">Finlandia busca reforzar sus defensas ante la amenaza de injerencia rusa<\/a>, tras la invasi\u00f3n a gran escala de su vecina Ucrania por parte de Mosc\u00fa en febrero de 2022. Finlandia es el pa\u00eds de la UE con mayor frontera terrestre con Rusia.<\/p>\n<p>A continuaci\u00f3n, ambos hablaron y bromearon sobre las posibilidades de que Trump gane el viernes el Premio Nobel de la Paz, mientras siguen aumentando las candidaturas de l\u00edderes mundiales para que obtenga el prestigioso galard\u00f3n.<\/p>\n<p>\u00ab<strong>Bueno, no lo s\u00e9. Mira, hice siete acuerdos y ahora van ocho<\/strong>. Resolv\u00ed las guerras, una de 31 a\u00f1os, otra de 34 a\u00f1os, otra de 35 a\u00f1os, otra de 10 a\u00f1os. Hice 7 tratos. Este ser\u00eda el n\u00famero 8&#8243;, dijo Trump.<\/p>\n<p>\u00abPero ellos (el comit\u00e9 del Nobel) tendr\u00e1n que hacer lo que hagan. Lo que hagan est\u00e1 bien. Yo s\u00e9 esto. No lo hice por eso. Lo hice porque salv\u00e9 muchas vidas\u00bb, continu\u00f3.<\/p>\n<p>Stubb tambi\u00e9n fue preguntado sobre las posibilidades del presidente estadounidense, a lo que dijo que cre\u00eda que Trump potencialmente podr\u00eda lograrlo. \u00abBueno, creo que esa <strong>es probablemente una decisi\u00f3n que depende del Comit\u00e9 Nobel<\/strong>. Y mi opini\u00f3n es que hay dos piezas clave que tienen que resolverse en el panorama general\u00bb, dijo Stubb.<\/p>\n<p>\u00ab<strong>Una es Oriente Medio<\/strong>, y <a href=\"https:\/\/es.euronews.com\/2025\/10\/09\/trump-anuncia-que-israel-y-hamas-han-firmado-la-primera-fase-del-plan-de-paz-en-gaza\" rel=\"nofollow noopener\" target=\"_blank\">ya estamos viendo los resultados<\/a>. Y la otra es entre <strong>Rusia y Ucrania<\/strong>. Y una vez que se resuelvan, no veo ning\u00fan impedimento\u00bb.<\/p>\n<p>Cuatro presidentes estadounidenses han ganado el Premio Nobel de la Paz: Theodore Roosevelt, Woodrow Wilson, Jimmy Carter y Barack Obama. Trump aspira a convertirse en el primer presidente republicano desde Roosevelt en conseguir el galard\u00f3n en m\u00e1s de 100 a\u00f1os.<\/p>\n<p>Fuentes adicionales<strong> \u2022 AP<\/strong><\/p>\n","protected":false},"excerpt":{"rendered":"Publicado 10\/10\/2025 &#8211; 8:19 CEST PUBLICIDAD El presidente de EE.UU., Donald Trump, sugiri\u00f3 el jueves en la Casa&hellip;\n","protected":false},"author":2,"featured_media":166854,"comment_status":"","ping_status":"","sticky":false,"template":"","format":"standard","meta":{"footnotes":""},"categories":[8],"tags":[17,18,352,25,24,13,14,8741,11,19,20,9,10,15,16,1613,23,12,21,22],"class_list":{"0":"post-166853","1":"post","2":"type-post","3":"status-publish","4":"format-standard","5":"has-post-thumbnail","7":"category-espana","8":"tag-breaking-news","9":"tag-breakingnews","10":"tag-donald-trump","11":"tag-es","12":"tag-espana","13":"tag-featured-news","14":"tag-featurednews","15":"tag-finlandia","16":"tag-headlines","17":"tag-latest-news","18":"tag-latestnews","19":"tag-news","20":"tag-noticias","21":"tag-noticias-destacadas","22":"tag-noticiasdestacadas","23":"tag-otan","24":"tag-spain","25":"tag-titulares","26":"tag-ultimas-noticias","27":"tag-ultimasnoticias"},"share_on_mastodon":{"url":"","error":""},"_links":{"self":[{"href":"https:\/\/www.europesays.com\/es\/wp-json\/wp\/v2\/posts\/166853","targetHints":{"allow":["GET"]}}],"collection":[{"href":"https:\/\/www.europesays.com\/es\/wp-json\/wp\/v2\/posts"}],"about":[{"href":"https:\/\/www.europesays.com\/es\/wp-json\/wp\/v2\/types\/post"}],"author":[{"embeddable":true,"href":"https:\/\/www.europesays.com\/es\/wp-json\/wp\/v2\/users\/2"}],"replies":[{"embeddable":true,"href":"https:\/\/www.europesays.com\/es\/wp-json\/wp\/v2\/comments?post=166853"}],"version-history":[{"count":0,"href":"https:\/\/www.europesays.com\/es\/wp-json\/wp\/v2\/posts\/166853\/revisions"}],"wp:featuredmedia":[{"embeddable":true,"href":"https:\/\/www.europesays.com\/es\/wp-json\/wp\/v2\/media\/166854"}],"wp:attachment":[{"href":"https:\/\/www.europesays.com\/es\/wp-json\/wp\/v2\/media?parent=166853"}],"wp:term":[{"taxonomy":"category","embeddable":true,"href":"https:\/\/www.europesays.com\/es\/wp-json\/wp\/v2\/categories?post=166853"},{"taxonomy":"post_tag","embeddable":true,"href":"https:\/\/www.europesays.com\/es\/wp-json\/wp\/v2\/tags?post=166853"}],"curies":[{"name":"wp","href":"https:\/\/api.w.org\/{rel}","templated":true}]}}