{"id":166857,"date":"2025-10-10T06:47:10","date_gmt":"2025-10-10T06:47:10","guid":{"rendered":"https:\/\/www.europesays.com\/es\/166857\/"},"modified":"2025-10-10T06:47:10","modified_gmt":"2025-10-10T06:47:10","slug":"tarde-de-nostalgia-y-buen-toreo-en-bocairent","status":"publish","type":"post","link":"https:\/\/www.europesays.com\/es\/166857\/","title":{"rendered":"Tarde de nostalgia y buen toreo en Bocairent"},"content":{"rendered":"<p>Tarde de festival en <a href=\"https:\/\/www.lasprovincias.es\/ribera-costera\/plaza-toros-bocairent-centro-interpretacion-20250922145322-nt.html\" target=\"_self\" data-voc-vtm-id=\"in-text-traffic\" title=\"Bocairent\" data-mrf-link=\"www.lasprovincias.es\" rel=\"nofollow noopener\">Bocairent<\/a> y final feliz. Se cumpli\u00f3 el guion al pie de la letra: amabilidad del respetable, buen toreo, buen ambiente,  &#8230; nostalgia por el tiempo pasado de los matadores, un gustazo volverlos a ver en la arena, a Ponce, a Barrera, a Bl\u00e1zquez, al Califa en contraste con Rom\u00e1n, este en activo, que reaparec\u00eda tras su \u00faltimo percance y a Bruno Gimeno, pura efervescencia juvenil en su estilo y maneras. Junto a los sentimientos hubo n\u00fameros de lo m\u00e1s esclarecedores, seis novillos, seis estocadas y un pinchazo, once orejas y la emotiva salida en hombros de Bl\u00e1zquez en su tarde homenaje. Llegan a embestir como ten\u00edan obligaci\u00f3n de hacerlo los novillos de Juan Pedro, y no es f\u00e1cil imaginar cu\u00e1l hubiese sido el marcador final. La jornada tuvo su suspense previo. Amenazaba la climatolog\u00eda entre alertas y pron\u00f3sticos cual toro de las peores intenciones, pero en el d\u00eda de la Comunidad ten\u00eda que haber toros y los hubo. Bocairent, marco entra\u00f1able, fue el escenario perfecto. A la hora en punto se contuvieron las nubes en la sierra Mariola, se despejaron los cielos, tambi\u00e9n las dudas y comparecieron las cuadrillas. Emotiva fue la puesta en escena, son\u00f3 el himno regional, se rindi\u00f3 justo homenaje a V\u00edctor Manuel Bl\u00e1zquez, torero de honrada trayectoria que se desped\u00eda de los ruedos y de sus obligaciones docentes como profesor de la escuela de Valencia, se acomod\u00f3 el p\u00fablico que cubr\u00eda en una buena proporci\u00f3n los p\u00e9treos tendidos del coso de la Serreta y comenz\u00f3 la fiesta.<\/p>\n<p><a href=\"http:\/\/www.lasprovincias.es\/culturas\/corrida-morante-ventas-television-20251007103928-nt.html#vtm_modulosEngag=mod-rel:culturas:noticia:1:cmp:1-not\" class=\"v-a-link\" aria-label=\"Imagen\" rel=\"nofollow noopener\" target=\"_blank\"><\/p>\n<p><img decoding=\"async\" loading=\"lazy\" src=\"https:\/\/www.europesays.com\/es\/wp-content\/uploads\/2025\/10\/morante-k95--366x256@Las Provincias.JPG\" class=\"v-a-img\" width=\"258\" height=\"180\" alt=\"\" data-voc-vtm-id=\"in-text-traffic\"\/><\/p>\n<p><\/a><\/p>\n<p class=\"v-p\">Abri\u00f3 plaza Ponce con una faena de maestro, cosa que en el caso de Ponce no es noticia. Tuvo suerte con el novillo, en realidad fue suerte reciproca si tenemos en cuenta el trato que le dispens\u00f3 el torero. Tore\u00f3 sereno, sin despeinarse, f\u00e1cil que uno no sale del retiro para sufrir. Ajust\u00f3 la exigencia, los terrenos, como si no estuviese retirado que en realidad no lo est\u00e1 y sac\u00f3 lo mejor del novillo. <\/p>\n<p class=\"v-p\">V\u00edctor Manuel se mostr\u00f3 muy, muy, leal a su trayectoria, vibrante y entregado. Comparti\u00f3 el tercio de banderillas entre ovaciones con su compa\u00f1ero de docencia en la escuela, Jos\u00e9 Manuel Montoliu y con su alumno Bruno Gimeno. La faena tuvo su marchamo, vitalidad, decisi\u00f3n y disfrute general.<\/p>\n<p class=\"v-p\">Vicente Barrera que no tuvo fortuna en el sorteo puso empe\u00f1o y amor propio. Se par\u00f3 pronto el de Juan Pedro, sin clase ni bravura, y se par\u00f3 el torero que en su caso es cualidad que valorar y desde ese territorio le sac\u00f3 lo poco que tuvo toro. Una estocada fulminante le dio argumento a la presidencia para la concesi\u00f3n de un doble trofeo.<\/p>\n<p class=\"v-p\">El Califa volv\u00eda a pisar un ruedo despu\u00e9s de casi dos d\u00e9cadas retirado. Tampoco tuvo suerte con el oponente, todos los sue\u00f1os de disfrute con los que acudi\u00f3 se estrellaron con un manso de libro que de buenas a primeras se aquerenci\u00f3 en los terrenos de dentro y los sue\u00f1os de faena grande tuvo que canjearlos por una pelea por mantenerlo en los terrenos apropiados para hacer el toreo. Se rindi\u00f3 el juanpedro, tanto que se ech\u00f3 de puro cobarde. Una buena estocada puso las cosas en claro. <\/p>\n<p class=\"v-p\">Rom\u00e1n que reaparec\u00eda tras su \u00faltimo percance, camino de Madrid donde le esperan una corrida de Victorino, mostr\u00f3 que vive un buen momento ante un novillo bueno pero exigente. Bruno Gimeno estuvo muy en novillero, atac\u00f3, sufri\u00f3, se luci\u00f3 y sac\u00f3 a flote el compromiso de medirse con los maestros que no es poco.<\/p>\n<p class=\"v-p\">Ficha: Novillos de Juan Pedro Domecq, de desigual juego, al primero y al quinto se les dio la vuelta al ruedo. Enrique Ponce, dos orejas. V\u00edctor Manuel Bl\u00e1zquez, dos orejas. Vicente Barrera, dos orejas. El Califa, oreja. Rom\u00e1n, dos orejas. Bruno Gimeno, dos orejas. Entrada, casi lleno. Festejo retransmitido por A Punt.<\/p>\n","protected":false},"excerpt":{"rendered":"Tarde de festival en Bocairent y final feliz. Se cumpli\u00f3 el guion al pie de la letra: amabilidad&hellip;\n","protected":false},"author":2,"featured_media":166858,"comment_status":"","ping_status":"","sticky":false,"template":"","format":"standard","meta":{"footnotes":""},"categories":[277],"tags":[47785,5436,373,168,25,24,31187,23,167,11054,374],"class_list":{"0":"post-166857","1":"post","2":"type-post","3":"status-publish","4":"format-standard","5":"has-post-thumbnail","7":"category-toreo","8":"tag-bocairent","9":"tag-buen","10":"tag-bullfighting","11":"tag-deportes","12":"tag-es","13":"tag-espana","14":"tag-nostalgia","15":"tag-spain","16":"tag-sports","17":"tag-tarde","18":"tag-toreo"},"share_on_mastodon":{"url":"","error":""},"_links":{"self":[{"href":"https:\/\/www.europesays.com\/es\/wp-json\/wp\/v2\/posts\/166857","targetHints":{"allow":["GET"]}}],"collection":[{"href":"https:\/\/www.europesays.com\/es\/wp-json\/wp\/v2\/posts"}],"about":[{"href":"https:\/\/www.europesays.com\/es\/wp-json\/wp\/v2\/types\/post"}],"author":[{"embeddable":true,"href":"https:\/\/www.europesays.com\/es\/wp-json\/wp\/v2\/users\/2"}],"replies":[{"embeddable":true,"href":"https:\/\/www.europesays.com\/es\/wp-json\/wp\/v2\/comments?post=166857"}],"version-history":[{"count":0,"href":"https:\/\/www.europesays.com\/es\/wp-json\/wp\/v2\/posts\/166857\/revisions"}],"wp:featuredmedia":[{"embeddable":true,"href":"https:\/\/www.europesays.com\/es\/wp-json\/wp\/v2\/media\/166858"}],"wp:attachment":[{"href":"https:\/\/www.europesays.com\/es\/wp-json\/wp\/v2\/media?parent=166857"}],"wp:term":[{"taxonomy":"category","embeddable":true,"href":"https:\/\/www.europesays.com\/es\/wp-json\/wp\/v2\/categories?post=166857"},{"taxonomy":"post_tag","embeddable":true,"href":"https:\/\/www.europesays.com\/es\/wp-json\/wp\/v2\/tags?post=166857"}],"curies":[{"name":"wp","href":"https:\/\/api.w.org\/{rel}","templated":true}]}}