{"id":166886,"date":"2025-10-10T07:07:08","date_gmt":"2025-10-10T07:07:08","guid":{"rendered":"https:\/\/www.europesays.com\/es\/166886\/"},"modified":"2025-10-10T07:07:08","modified_gmt":"2025-10-10T07:07:08","slug":"ayuso-desafia-al-gobierno-y-se-niega-a-crear-el-registro-de-medicos-objetores-al-aborto-y-feijoo-marca-distancias-con-ella-el-pais-expres","status":"publish","type":"post","link":"https:\/\/www.europesays.com\/es\/166886\/","title":{"rendered":"Ayuso desaf\u00eda al Gobierno y se niega a crear el registro de m\u00e9dicos objetores al aborto (y Feij\u00f3o marca distancias con ella) | El PA\u00cdS Expr\u00e9s"},"content":{"rendered":"<p><img fetchpriority=\"high\" decoding=\"auto\" class=\"_re  a_m-h\" height=\"414\"  width=\"414\"  src=\"https:\/\/www.europesays.com\/es\/wp-content\/uploads\/2025\/10\/LG2P3HWHNBABHFHRAOPMA7VVRE.jpg\" loading=\"eager\"\/>MADRID, 09\/10\/2025.- La presidenta de la Comunidad, Isabel D\u00edaz Ayuso, interviene durante el pleno de la Asamblea de Madrid, este jueves. EFE\/ Chema Moya&#13;<br \/>\nFoto: Chema Moya (EFE)<\/p>\n<p class=\"\">La presidenta de la Comunidad de Madrid, Isabel D\u00edaz Ayuso, ha vuelto a situarse en el centro del debate pol\u00edtico nacional tras negarse a cumplir la ley que obliga a crear un registro p\u00fablico de m\u00e9dicos objetores de conciencia sobre el aborto.<\/p>\n<p class=\"\"><b>\u00bfQu\u00e9 exige la ley?<\/b> Aprobada en 2023, la norma obliga a las comunidades a crear un registro de m\u00e9dicos que permita saber qu\u00e9 profesionales est\u00e1n dispuestos a practicar abortos y cu\u00e1les no para reorganizar hospitales y garantizar su pr\u00e1ctica en la sanidad p\u00fablica.<\/p>\n<ul>\n<li>El Gobierno dio tres meses a Madrid, Arag\u00f3n, Baleares y Asturias para hacerlo tras dos a\u00f1os sin cumplir con la ley.<\/li>\n<\/ul>\n<p class=\"\"><b>La respuesta de Ayuso.<\/b> \u201c\u00a1V\u00e1yanse a otro lado a abortar!\u201d, ha dicho la presidenta madrile\u00f1a, que ha insistido en que \u201cnunca\u201d elaborar\u00e1 una lista de m\u00e9dicos. <\/p>\n<ul>\n<li>Ayuso ha defendido que registrar a los objetores ser\u00eda \u201cse\u00f1alarlos\u201d (pese a que s\u00ed realiz\u00f3 una lista de objetores de eutanasia) y ha asegurado que el aborto representa \u201cun fracaso como sociedad\u201d.<\/li>\n<\/ul>\n<p class=\"\"><b>Pero G\u00e9nova se distancia de Madrid<\/b>. El l\u00edder del PP, Alberto N\u00fa\u00f1ez Feij\u00f3o, asegur\u00f3 en un mensaje posterior a la rebeli\u00f3n de Ayuso que si llega al Gobierno garantizar\u00e1 los abortos \u201cconforme a las leyes\u201d.<\/p>\n<ul>\n<li>Adem\u00e1s, la negativa de Ayuso la enfrenta tambi\u00e9n a su propia consejera de Sanidad, F\u00e1tima Matute, que asegur\u00f3 d\u00edas antes que Madrid cumplir\u00eda la ley.<\/li>\n<\/ul>\n<p class=\"\"><b>\u00bfC\u00f3mo ha respondido Pedro S\u00e1nchez al desaf\u00edo?<\/b> El presidente ha afirmado que el Ejecutivo usar\u00e1 \u201ctodos los instrumentos legales\u201d para proteger los derechos y la dignidad de las mujeres en Madrid.<\/p>\n<p class=\"\">\u00a9Foto: Chema Moya (EFE)<\/p>\n<p class=\"\"><a href=\"https:\/\/elpais.com\/espana\/2025-10-10\/malestar-en-el-pp-con-ayuso-tras-su-ultimo-desafio-antiabortista-deja-a-los-demas-con-el-culo-al-aire.html\" target=\"_self\" rel=\"nofollow noopener\" title=\"https:\/\/elpais.com\/espana\/2025-10-10\/malestar-en-el-pp-con-ayuso-tras-su-ultimo-desafio-antiabortista-deja-a-los-demas-con-el-culo-al-aire.html\">Si quieres saber m\u00e1s, puedes leer aqu\u00ed.<\/a><\/p>\n","protected":false},"excerpt":{"rendered":"MADRID, 09\/10\/2025.- La presidenta de la Comunidad, Isabel D\u00edaz Ayuso, interviene durante el pleno de la Asamblea de&hellip;\n","protected":false},"author":2,"featured_media":166887,"comment_status":"","ping_status":"","sticky":false,"template":"","format":"standard","meta":{"footnotes":""},"categories":[8],"tags":[17020,17,18,25,24,13,14,582,11,3515,19,20,205,9,10,15,16,2959,952,1670,23,12,21,22],"class_list":{"0":"post-166886","1":"post","2":"type-post","3":"status-publish","4":"format-standard","5":"has-post-thumbnail","7":"category-espana","8":"tag-aborto","9":"tag-breaking-news","10":"tag-breakingnews","11":"tag-es","12":"tag-espana","13":"tag-featured-news","14":"tag-featurednews","15":"tag-gobierno","16":"tag-headlines","17":"tag-isabel-diaz-ayuso","18":"tag-latest-news","19":"tag-latestnews","20":"tag-madrid","21":"tag-news","22":"tag-noticias","23":"tag-noticias-destacadas","24":"tag-noticiasdestacadas","25":"tag-pedro-sanchez","26":"tag-politica","27":"tag-politicos","28":"tag-spain","29":"tag-titulares","30":"tag-ultimas-noticias","31":"tag-ultimasnoticias"},"share_on_mastodon":{"url":"","error":""},"_links":{"self":[{"href":"https:\/\/www.europesays.com\/es\/wp-json\/wp\/v2\/posts\/166886","targetHints":{"allow":["GET"]}}],"collection":[{"href":"https:\/\/www.europesays.com\/es\/wp-json\/wp\/v2\/posts"}],"about":[{"href":"https:\/\/www.europesays.com\/es\/wp-json\/wp\/v2\/types\/post"}],"author":[{"embeddable":true,"href":"https:\/\/www.europesays.com\/es\/wp-json\/wp\/v2\/users\/2"}],"replies":[{"embeddable":true,"href":"https:\/\/www.europesays.com\/es\/wp-json\/wp\/v2\/comments?post=166886"}],"version-history":[{"count":0,"href":"https:\/\/www.europesays.com\/es\/wp-json\/wp\/v2\/posts\/166886\/revisions"}],"wp:featuredmedia":[{"embeddable":true,"href":"https:\/\/www.europesays.com\/es\/wp-json\/wp\/v2\/media\/166887"}],"wp:attachment":[{"href":"https:\/\/www.europesays.com\/es\/wp-json\/wp\/v2\/media?parent=166886"}],"wp:term":[{"taxonomy":"category","embeddable":true,"href":"https:\/\/www.europesays.com\/es\/wp-json\/wp\/v2\/categories?post=166886"},{"taxonomy":"post_tag","embeddable":true,"href":"https:\/\/www.europesays.com\/es\/wp-json\/wp\/v2\/tags?post=166886"}],"curies":[{"name":"wp","href":"https:\/\/api.w.org\/{rel}","templated":true}]}}