{"id":166890,"date":"2025-10-10T07:09:09","date_gmt":"2025-10-10T07:09:09","guid":{"rendered":"https:\/\/www.europesays.com\/es\/166890\/"},"modified":"2025-10-10T07:09:09","modified_gmt":"2025-10-10T07:09:09","slug":"vuelta-a-casa-con-ganas-de-mas","status":"publish","type":"post","link":"https:\/\/www.europesays.com\/es\/166890\/","title":{"rendered":"Vuelta a casa con ganas de m\u00e1s"},"content":{"rendered":"<p><strong>Alcobendas recibe a Montequinto en la nueva jornada liguera<\/strong><\/p>\n<p style=\"font-size:11px\"> Fotos: <strong>Club Balonmano Alcobendas<\/strong><\/p>\n<p><strong>JORNADA 3 | CLUB BALONMANO ALCOBENDAS \u2013 BALONMANO MONTEQUINTO<\/strong><\/p>\n<p style=\"color:#08704a\" class=\"has-text-color\">S\u00e1bado 10 de octubre, 18:00h. <a href=\"https:\/\/maps.app.goo.gl\/UEWVnJukZKttUoY3A\" rel=\"nofollow noopener\" target=\"_blank\">Pabell\u00f3n de los Sue\u00f1os<\/a>, Alcobendas.<\/p>\n<p>Este s\u00e1bado, el <strong>Pabell\u00f3n de los Sue\u00f1os<\/strong> vuelve a abrir sus puertas para acoger un nuevo y exigente reto para nuestro equipo femenino en la <strong>Divisi\u00f3n de Honor Plata<\/strong>. Tras una prometedora salida en las dos primeras jornadas \u2014con victoria en el debut y empate luchado en Almer\u00eda\u2014, las nuestras buscar\u00e1n seguir sumando ante un rival de peso: <strong>BM Montequinto<\/strong>.<\/p>\n<p>El equipo llega con buenas sensaciones y en l\u00ednea ascendente. As\u00ed lo destaca el entrenador <strong>Rub\u00e9n<\/strong>, quien reconoce el crecimiento del grupo:<\/p>\n<blockquote class=\"wp-block-quote\">\n<p>Hemos sido capaces de mantener la regularidad, y aunque a\u00fan cometemos errores, se nota una progresi\u00f3n positiva. Nuestro objetivo sigue siendo el mismo que el del a\u00f1o pasado: ir de menos a m\u00e1s, crecer con la competici\u00f3n y aprender de estos fallos para que no se repitan.<\/p>\n<p>Rub\u00e9n Ca\u00f1ete<\/p><\/blockquote>\n<p><img decoding=\"async\" src=\"https:\/\/www.europesays.com\/es\/wp-content\/uploads\/2025\/10\/WhatsApp-Image-2025-10-10-at-08.00.33-819x1024.jpeg\" alt=\"\" class=\"wp-image-20829\"  \/>In\u00eas Bento<\/p>\n<p>Enfrente estar\u00e1 un Montequinto renovado, uno de los equipos m\u00e1s reforzados de la categor\u00eda, con fichajes de experiencia en niveles superiores y ambiciones claras de ascenso.<\/p>\n<blockquote class=\"wp-block-quote\">\n<p>Montequinto es un rival muy fuerte, con un equipo pr\u00e1cticamente nuevo que a\u00fan est\u00e1 en proceso de adaptaci\u00f3n. Ser\u00e1 una buena prueba para medir nuestro nivel y saber hasta d\u00f3nde queremos llegar<\/p>\n<p>Rub\u00e9n Ca\u00f1ete<\/p><\/blockquote>\n<p><img decoding=\"async\" src=\"https:\/\/www.europesays.com\/es\/wp-content\/uploads\/2025\/10\/WhatsApp-Image-2025-10-10-at-08.00.32-1024x682.jpeg\" alt=\"\" class=\"wp-image-20830\"  \/>Alba Fern\u00e1ndez<\/p>\n<p> Con el apoyo de la afici\u00f3n en casa y el buen arranque liguero como impulso, el equipo afronta esta tercera jornada con ilusi\u00f3n, ambici\u00f3n y el deseo de seguir creciendo.<\/p>\n<p>SIGUE EL PARTIDO EN DIRECTO <\/p>\n","protected":false},"excerpt":{"rendered":"Alcobendas recibe a Montequinto en la nueva jornada liguera Fotos: Club Balonmano Alcobendas JORNADA 3 | CLUB BALONMANO&hellip;\n","protected":false},"author":2,"featured_media":139466,"comment_status":"","ping_status":"","sticky":false,"template":"","format":"standard","meta":{"footnotes":""},"categories":[278],"tags":[376,168,25,24,375,23,167],"class_list":{"0":"post-166890","1":"post","2":"type-post","3":"status-publish","4":"format-standard","5":"has-post-thumbnail","7":"category-balonmano","8":"tag-balonmano","9":"tag-deportes","10":"tag-es","11":"tag-espana","12":"tag-handball","13":"tag-spain","14":"tag-sports"},"share_on_mastodon":{"url":"","error":""},"_links":{"self":[{"href":"https:\/\/www.europesays.com\/es\/wp-json\/wp\/v2\/posts\/166890","targetHints":{"allow":["GET"]}}],"collection":[{"href":"https:\/\/www.europesays.com\/es\/wp-json\/wp\/v2\/posts"}],"about":[{"href":"https:\/\/www.europesays.com\/es\/wp-json\/wp\/v2\/types\/post"}],"author":[{"embeddable":true,"href":"https:\/\/www.europesays.com\/es\/wp-json\/wp\/v2\/users\/2"}],"replies":[{"embeddable":true,"href":"https:\/\/www.europesays.com\/es\/wp-json\/wp\/v2\/comments?post=166890"}],"version-history":[{"count":0,"href":"https:\/\/www.europesays.com\/es\/wp-json\/wp\/v2\/posts\/166890\/revisions"}],"wp:featuredmedia":[{"embeddable":true,"href":"https:\/\/www.europesays.com\/es\/wp-json\/wp\/v2\/media\/139466"}],"wp:attachment":[{"href":"https:\/\/www.europesays.com\/es\/wp-json\/wp\/v2\/media?parent=166890"}],"wp:term":[{"taxonomy":"category","embeddable":true,"href":"https:\/\/www.europesays.com\/es\/wp-json\/wp\/v2\/categories?post=166890"},{"taxonomy":"post_tag","embeddable":true,"href":"https:\/\/www.europesays.com\/es\/wp-json\/wp\/v2\/tags?post=166890"}],"curies":[{"name":"wp","href":"https:\/\/api.w.org\/{rel}","templated":true}]}}