{"id":166900,"date":"2025-10-10T07:16:09","date_gmt":"2025-10-10T07:16:09","guid":{"rendered":"https:\/\/www.europesays.com\/es\/166900\/"},"modified":"2025-10-10T07:16:09","modified_gmt":"2025-10-10T07:16:09","slug":"valencia-basket-hapoel-tel-aviv-declarado-de-alto-riesgo","status":"publish","type":"post","link":"https:\/\/www.europesays.com\/es\/166900\/","title":{"rendered":"Valencia Basket &#8211; Hapoel Tel Aviv, declarado de alto riesgo"},"content":{"rendered":"<p class=\"ft-text\">La Comisi\u00f3n Antiviolencia declar\u00f3 de alto riesgo el partido de la <a class=\"ft-link ft-link--decoration\" href=\"https:\/\/www.levante-emv.com\/tags\/baloncesto\/\" rel=\"nofollow noopener\" target=\"_blank\">Euroliga<\/a> que el <a class=\"ft-link ft-link--decoration\" href=\"https:\/\/www.levante-emv.com\/tags\/valencia-basket\/\" rel=\"nofollow noopener\" target=\"_blank\">Valencia Basket<\/a> jugar\u00e1 contra el Hapoel Tel Aviv de Israel, el pr\u00f3ximo d\u00eda 15 en el Roig Arena, y tambi\u00e9n el que La Laguna Tenerife disputar\u00e1 en la Liga de Campeones contra el conjunto israel\u00ed Bnei Herzliya, el martes 14 en el pabell\u00f3n Santiago Mart\u00edn.<\/p>\n<p class=\"ft-text\">El Ministerio del Interior anunci\u00f3 que estas medidas especiales de seguridad en estos encuentros se suman a las acordadas tambi\u00e9n este jueves para el partido de la tercera jornada de la Eurocopa que enfrentar\u00e1 al Baxi Manresa y al conjunto israel\u00ed Hapoel Jerusal\u00e9n, previsto para el 15 de octubre.<\/p>\n<p class=\"ft-text\">Las declaraciones de alto riesgo por Antiviolencia se producen en un contexto de tensi\u00f3n en medio de la situaci\u00f3n en la Franja de Gaza, que ha provocado innumerables manifestaciones en todo el mundo en favor del pueblo palestino y contra los ataques del Ej\u00e9rcito israel\u00ed.<\/p>\n<p class=\"ft-text\">Tambi\u00e9n despu\u00e9s de la petici\u00f3n de suspensi\u00f3n del partido hecha desde La Laguna por su alcalde, Luis Yeray Guti\u00e9rrez (PSOE), quien la solicit\u00f3 ayer al Consejo Superior de Deportes (CSD) y a otras \u00abinstituciones superiores\u00bb. El regidor plante\u00f3 su petici\u00f3n porque no se puede \u00abblanquear un comportamiento atroz\u00bb del ej\u00e9rcito israel\u00ed en Gaza y porque dijo tener conocimiento de posibles acciones en el municipio ante la participaci\u00f3n del equipo israel\u00ed en el Santiago Mart\u00edn.<\/p>\n<p class=\"ft-text\">Ante la celebraci\u00f3n del Valencia Basket &#8211; Hapoel Tel Aviv de la Euroliga, el movimiento propalestino BDS (Por el Boicot, Desinversi\u00f3n y Sanciones a Israel) ha exigido al club valenciano que suspenda el encuentro, advirtiendo de que, de lo contrario, convocar\u00e1 una movilizaci\u00f3n en los aleda\u00f1os al pabell\u00f3n. <a class=\"ft-link ft-link--decoration\" href=\"https:\/\/www.levante-emv.com\/tags\/valencia-cf\/\" rel=\"nofollow noopener\" target=\"_blank\">El Valencia<\/a> Basket no se pronunci\u00f3 al respecto, aunque no ha sacado a la venta entradas para el p\u00fablico general en este partido. Tampoco comunic\u00f3 al club israel\u00ed si le ofrecer\u00e1 m\u00e1s entradas del m\u00ednimo de 140 que debe ofrecerle.<\/p>\n","protected":false},"excerpt":{"rendered":"La Comisi\u00f3n Antiviolencia declar\u00f3 de alto riesgo el partido de la Euroliga que el Valencia Basket jugar\u00e1 contra&hellip;\n","protected":false},"author":2,"featured_media":166901,"comment_status":"","ping_status":"","sticky":false,"template":"","format":"standard","meta":{"footnotes":""},"categories":[269],"tags":[48710,299,1918,298,168,7939,25,24,36978,585,23,167,13108,1370,235,2916],"class_list":{"0":"post-166900","1":"post","2":"type-post","3":"status-publish","4":"format-standard","5":"has-post-thumbnail","7":"category-baloncesto","8":"tag-aviv","9":"tag-baloncesto","10":"tag-basket","11":"tag-basketball","12":"tag-deportes","13":"tag-ejercito","14":"tag-es","15":"tag-espana","16":"tag-hapoel","17":"tag-seguridad","18":"tag-spain","19":"tag-sports","20":"tag-tel","21":"tag-tenerife","22":"tag-valencia","23":"tag-valencia-basket"},"share_on_mastodon":{"url":"","error":""},"_links":{"self":[{"href":"https:\/\/www.europesays.com\/es\/wp-json\/wp\/v2\/posts\/166900","targetHints":{"allow":["GET"]}}],"collection":[{"href":"https:\/\/www.europesays.com\/es\/wp-json\/wp\/v2\/posts"}],"about":[{"href":"https:\/\/www.europesays.com\/es\/wp-json\/wp\/v2\/types\/post"}],"author":[{"embeddable":true,"href":"https:\/\/www.europesays.com\/es\/wp-json\/wp\/v2\/users\/2"}],"replies":[{"embeddable":true,"href":"https:\/\/www.europesays.com\/es\/wp-json\/wp\/v2\/comments?post=166900"}],"version-history":[{"count":0,"href":"https:\/\/www.europesays.com\/es\/wp-json\/wp\/v2\/posts\/166900\/revisions"}],"wp:featuredmedia":[{"embeddable":true,"href":"https:\/\/www.europesays.com\/es\/wp-json\/wp\/v2\/media\/166901"}],"wp:attachment":[{"href":"https:\/\/www.europesays.com\/es\/wp-json\/wp\/v2\/media?parent=166900"}],"wp:term":[{"taxonomy":"category","embeddable":true,"href":"https:\/\/www.europesays.com\/es\/wp-json\/wp\/v2\/categories?post=166900"},{"taxonomy":"post_tag","embeddable":true,"href":"https:\/\/www.europesays.com\/es\/wp-json\/wp\/v2\/tags?post=166900"}],"curies":[{"name":"wp","href":"https:\/\/api.w.org\/{rel}","templated":true}]}}