{"id":166951,"date":"2025-10-10T07:46:09","date_gmt":"2025-10-10T07:46:09","guid":{"rendered":"https:\/\/www.europesays.com\/es\/166951\/"},"modified":"2025-10-10T07:46:09","modified_gmt":"2025-10-10T07:46:09","slug":"el-terror-de-it-y-mucha-ficcion-espanola-los-estrenos-de-series-y-peliculas-de-octubre","status":"publish","type":"post","link":"https:\/\/www.europesays.com\/es\/166951\/","title":{"rendered":"El terror de &#8216;It&#8217; y mucha ficci\u00f3n espa\u00f1ola: los estrenos de series y pel\u00edculas de octubre"},"content":{"rendered":"<p>El periodo estival dice adi\u00f3s y la <strong>industria audiovisual lanza toda su artiller\u00eda para la <a href=\"https:\/\/www.vozpopuli.com\/altavoz\/cultura\/la-ferrea-critica-al-sector-audiovisual-de-the-studio-triunfa-en-los-premios-emmy-2025.html\" rel=\"nofollow noopener\" target=\"_blank\">temporada del cine y series<\/a> por excelencia<\/strong> con multitud de <strong>estrenos<\/strong>. Destaca la <strong>ficci\u00f3n espa\u00f1ola<\/strong>, que estrenar\u00e1 en octubre historias dirigidas por\u00a0<strong>Paco Plaza, Pablo Guerrero,\u00a0David Ulloa o \u00c1lex de la Iglesia.\u00a0<\/strong><\/p>\n<p>As\u00ed, desde el d\u00eda 1 de este mes se podr\u00e1n ver nuevos estrenos de series en <strong>Netflix, Max, Amazon Prime Video, Disney+, Movistar Plus+, Filmin, SkyShowtime y Apple TV+.<\/strong><\/p>\n<p>Mejores estrenos de series en octubre<\/p>\n<p>&#8216;Monstruo: la historia de Ed Gein&#8217;: 3 de octubre<\/p>\n<p>Charlie Hunnam pone rostro al psic\u00f3pata de la <strong>nueva entrega de &#8216;Monstruos&#8217;,<\/strong> <strong>Ed Gein<\/strong>. La nueva temporada de la serie antol\u00f3gica cuenta la historia de c\u00f3mo un hombre sencillo de los campos de la Wisconsin rural de los a\u00f1os 50 se convirti\u00f3 en el demonio. En su granja escond\u00eda <strong>horrores tan cruentos que podr\u00edan redefinir los temores m\u00e1s profundos <\/strong>del ser humano. El aislamiento, la psicosis y una obsesi\u00f3n absoluta con su madre impulsaron sus cr\u00edmenes, unos asesinatos que se convirtieron en <strong>un modelo del cine de terror actual<\/strong>.<\/p>\n<ul>&#13;<\/p>\n<li><strong>D\u00f3nde ver\u00a0&#8216;Monstruo: la historia de Ed Gein&#8217;: Netflix.<\/strong><\/li>\n<p>&#13;\n<\/ul>\n<p>&#8216;Animal&#8217;: 3 de octubre<\/p>\n<p>Un <strong>veterinario de la zona rural\u00a0gallega<\/strong>, al que da la vida <strong>Luis Zahera<\/strong>, se ve obligado a trabajar en una tienda de mascotas de la alta sociedad de A Coru\u00f1a. La due\u00f1a del local, su sobrina,\u00a0interpretada por <strong>Luc\u00eda Caraballo<\/strong>, se enfrentar\u00e1 a un mundo muy distinto al conocido por el protagonista.<\/p>\n<ul>&#13;<\/p>\n<li><strong>D\u00f3nde ver &#8216;Animal&#8217;: Netflix.<\/strong><\/li>\n<p>&#13;\n<\/ul>\n<p>&#8216;La suerte&#8217;: 8 de octubre<\/p>\n<p>La nueva comedia de los directores <strong>Paco Plaza y Pablo Guerrero<\/strong> la protagonizan <strong>\u00d3scar Jaenada y Ricardo G\u00f3mez<\/strong>. En ella, un taxista se convierte, por sorpresa, en <strong>el ch\u00f3fer de una figura del toreo<\/strong>. &#8216;El Maestro&#8217; est\u00e1 en un mal momento vital y profesional, pero, al parecer, su nuevo acompa\u00f1ante le da\u00a0<strong>suerte<\/strong>.<\/p>\n<ul>&#13;<\/p>\n<li><strong>D\u00f3nde ver &#8216;La suerte&#8217;: Disney+.<\/strong><\/li>\n<p>&#13;\n<\/ul>\n<p>&#8216;Sin gluten&#8217;. 8 de octubre<\/p>\n<p><strong>Diego Mart\u00edn\u00a0protagoniza\u00a0la comedia &#8216;Sin gluten&#8217;<\/strong>, de la que tambi\u00e9n forman parte del reparto <strong>Antonio Resines, Alicia Rubio, Adam Jezierski, Teresa Cuesta e I\u00f1aki Ardanaz<\/strong> y en la que, tras <strong>un v\u00eddeo viral que arruina su vida<\/strong>, un chef se ve obligado a volver a vivir en casa de su madre mientras busca trabajo de forma desesperada. El \u00fanico que encuentra es de profesor en la escuela en la que \u00e9l mismo se form\u00f3. Ahora, su antigua <strong>escuela de cocina<\/strong> tambi\u00e9n es un <strong>centro <\/strong>es <strong>personas en riesgo de exclusi\u00f3n social.<\/strong><\/p>\n<ul>&#13;<\/p>\n<li><strong>D\u00f3nde ver &#8216;Sin gluten&#8217;: La 1.<\/strong><\/li>\n<p>&#13;\n<\/ul>\n<p>&#8216;El centro&#8217;: 9 de octubre<\/p>\n<p><strong>David Ulloa dirige &#8216;El centro&#8217;<\/strong>, una nueva ficci\u00f3n con <strong>Juan Diego Botto, Clara Segura, Trist\u00e1n Ulloa y David Lorente<\/strong> en el reparto. Este <strong>thriller de espionaje<\/strong> se adentra en el coraz\u00f3n del CNI, y <strong>arranca con un asesinato<\/strong> que destapa una operaci\u00f3n internacional de los servicios de Inteligencia rusos.\u00a0Mientras, tratan de intentan descubrir si hay un <strong>traidor dentro de su propio equipo<\/strong>.<\/p>\n<ul>&#13;<\/p>\n<li><strong>D\u00f3nde ver &#8216;El centro&#8217;: Movistar Plus+.<\/strong><\/li>\n<p>&#13;\n<\/ul>\n<p>&#8216;Entrepeneurs&#8217;: 23 de octubre<\/p>\n<p><strong>Dirigida por \u00c1lex de la Iglesia y con Rober Bodegas y Alberto Casado<\/strong> -creadores del t\u00e1ndem &#8216;Pantomima Full&#8217;- <strong>como protagonistas,<\/strong> <strong>&#8216;Entrepeneurs&#8217; <\/strong>presenta a un <strong>grupo de emprendedores<\/strong> que aspiran a cambiar el mundo y convertirse en poderosos CEO, pero en realidad no saben ni c\u00f3mo llegar\u00e1n a fin de mes.<\/p>\n<ul>&#13;<\/p>\n<li><strong>D\u00f3nde ver &#8216;Entrepeneur&#8217;: Disney+.<\/strong><\/li>\n<p>&#13;\n<\/ul>\n<p>&#8216;It: bienvenidos a Derry&#8217;: 27 de octubre<\/p>\n<p>Pero, sin duda, <strong>si hay una ficci\u00f3n que ser\u00e1 protagonista para los amantes del terror este mes es &#8216;It: bienvenidos a Derry&#8217;<\/strong>, la adaptaci\u00f3n televisiva de la novela de <strong>Stephen King<\/strong>.\u00a0Bajo la idea \u00abvuelve al lugar donde empez\u00f3 el miedo\u00bb, la historia de los hermanos <strong>Andy y Barbara Muschietti.<\/strong>\u00a0<\/p>\n<ul>&#13;<\/p>\n<li><strong>D\u00f3nde ver &#8216;Entrepeneur&#8217;: HBO Max.<\/strong><\/li>\n<p>&#13;\n<\/ul>\n<p>Nuevas temporadas de series en octubre<\/p>\n<p>Adem\u00e1s de estas series, se podr\u00e1 ver la <strong>temporada 4 de &#8216;The Witcher&#8217;<\/strong>, esta vez con Liam Hemsworth como protagonista, en Netflix el<strong> 30 de octubre<\/strong>.<\/p>\n<p>Tambi\u00e9n se estrena la <strong>temporada 2 de &#8216;La ruta&#8217;<\/strong>, en esta ocasi\u00f3n ambientada en Ibiza, el d\u00eda <strong>26<\/strong> en <strong>Atresplayer Premium<\/strong>.<\/p>\n<p>Estrenos de pel\u00edculas en octubre<\/p>\n<p>En cuanto al <strong>cine<\/strong>, se estrena\u00a0en salas el <strong>10 de octubre <\/strong>la\u00a0esperad\u00edsima cinta espa\u00f1ola<strong>\u00a0&#8216;La tregua&#8217;<\/strong>\u00a0, dirigida por Miguel \u00c1ngel Vivas Moreno y con <strong>Aron Piper y Miguel Herr\u00e1n<\/strong> como protaonistas. Una historia\u00a0ambientada en el campo de trabajo de Karlag y que sigue a <strong>dos oficiales militares de bandos opuestos de la Guerra Civil Espa\u00f1ola <\/strong>que se ven obligados a<strong> unir esfuerzos<\/strong> en un gulag sovi\u00e9tico durante la <strong>Segunda Guerra Mundial.<\/strong><\/p>\n<p>Tambi\u00e9n se estrena la <strong>nueva versi\u00f3n de &#8216;Frankenstein&#8217;<\/strong>, protagonizada por <strong>Jacob Elordi <\/strong>el<strong> 7 de octubre<\/strong>, as\u00ed como\u00a0el documental de <strong>Leiva, &#8216;Hasta que me quede sin voz&#8217;<\/strong>, que se podr\u00e1 ver en cines el <strong>17 de octubre.<\/strong><\/p>\n<p>Pero si alguno acaparar\u00e1 todos los focos ser\u00e1 el <strong>biopic &#8216;Springsteen: deliver me from nowhere&#8217;<\/strong>, con <strong>Jeremy Allen White <\/strong>en el papel de<strong> &#8216;The boss&#8217;.<\/strong><\/p>\n<ul>&#13;<\/p>\n<li><strong>&#8216;Paranormal Activity&#8217;<\/strong>: 1 de octubre (SkyShowtime).<\/li>\n<p>&#13;<\/p>\n<li><strong>&#8216;D\u00e9jame salir&#8217;<\/strong>:\u00a01 de octubre (SkyShowtime).<\/li>\n<p>&#13;<\/p>\n<li>Saga <strong>&#8216;Destino final&#8217;<\/strong>: 1 de octubre (HBO Max).<\/li>\n<p>&#13;<\/p>\n<li><strong>&#8216;Los tortuga&#8217;<\/strong>: 2\u00a0de octubre (Movistar Plus+).<\/li>\n<p>&#13;<\/p>\n<li><strong>&#8216;It&#8217;<\/strong>: 3\u00a0de octubre (HBO Max).<\/li>\n<p>&#13;<\/p>\n<li><strong>&#8216;It: cap\u00edtulo 2&#8217;<\/strong>: 3\u00a0de octubre (HBO Max).<\/li>\n<p>&#13;<\/p>\n<li><strong>&#8216;La receta perfecta&#8217;<\/strong>: 3\u00a0de octubre (Filmin).<\/li>\n<p>&#13;<\/p>\n<li><strong>&#8216;El piloto&#8217;<\/strong>: 3\u00a0de octubre (Dinsey+).<\/li>\n<p>&#13;<\/p>\n<li>Saga\u00a0<strong>&#8216;Pesadilla en Elm Street&#8217;<\/strong>: 4\u00a0de octubre (HBO Max).<\/li>\n<p>&#13;<\/p>\n<li><strong>&#8216;La buena suerte&#8217;<\/strong>: 6\u00a0de octubre (Movistar Plus+).<\/li>\n<p>&#13;<\/p>\n<li><strong>&#8216;Frankenstein&#8217;<\/strong>: 7\u00a0de octubre (Dinsey+).<\/li>\n<p>&#13;<\/p>\n<li><strong>&#8216;Miss Carb\u00f3n&#8217;<\/strong>: 10 de octubre (Filmin) \/\u00a012\u00a0de octubre (Movistar Plus+).<\/li>\n<p>&#13;\n<\/ul>\n<ul>&#13;<\/p>\n<li><strong>&#8216;El caso Frieda&#8217;<\/strong>: 10\u00a0de octubre (Filmin).<\/li>\n<p>&#13;<\/p>\n<li>Saga\u00a0<strong>&#8216;Scary Movie&#8217;<\/strong>: 15\u00a0de octubre (HBO Max).<\/li>\n<p>&#13;<\/p>\n<li><strong>&#8216;Un asesino entre nosotros&#8217;<\/strong>: 15\u00a0de octubre (Dinsey+).<\/li>\n<p>&#13;<\/p>\n<li><strong>&#8216;Rivales&#8217;<\/strong>: 17\u00a0de octubre (Movistar Plus+).<\/li>\n<p>&#13;<\/p>\n<li><strong>&#8216;El jurado&#8217;<\/strong>: 17\u00a0de octubre (Filmin).<\/li>\n<p>&#13;<\/p>\n<li><strong>&#8216;Matria&#8217;<\/strong>: 24\u00a0de octubre (HBO Max).<\/li>\n<p>&#13;\n<\/ul>\n<ul>&#13;<\/p>\n<li><strong>&#8216;La acompa\u00f1ante&#8217;<\/strong>: 24\u00a0de octubre (Movistar Plus+).<\/li>\n<p>&#13;<\/p>\n<li><strong>&#8216;La cita&#8217;<\/strong>: 25\u00a0de octubre (Dinsey+).<\/li>\n<p>&#13;<\/p>\n<li><strong>&#8216;The Monkey&#8217;<\/strong>: 31\u00a0de octubre (Movistar Plus+).<\/li>\n<p>&#13;<\/p>\n<li><strong>&#8216;La acusaci\u00f3n&#8217;<\/strong>: 31\u00a0de octubre (Filmin).<\/li>\n<p>&#13;<\/p>\n<li><strong>&#8216;Strange Harvest&#8217;<\/strong>: 31\u00a0de octubre (Filmin).<\/li>\n<p>&#13;<\/p>\n<li><strong>&#8216;Zodiac Killer Project&#8217;<\/strong>: 31\u00a0de octubre (Filmin).<\/li>\n<p>&#13;\n<\/ul>\n","protected":false},"excerpt":{"rendered":"El periodo estival dice adi\u00f3s y la industria audiovisual lanza toda su artiller\u00eda para la temporada del cine&hellip;\n","protected":false},"author":2,"featured_media":166952,"comment_status":"","ping_status":"","sticky":false,"template":"","format":"standard","meta":{"footnotes":""},"categories":[169],"tags":[177,146,147,25,24,176,175,23],"class_list":{"0":"post-166951","1":"post","2":"type-post","3":"status-publish","4":"format-standard","5":"has-post-thumbnail","7":"category-cine","8":"tag-cine","9":"tag-entertainment","10":"tag-entretenimiento","11":"tag-es","12":"tag-espana","13":"tag-film","14":"tag-movies","15":"tag-spain"},"share_on_mastodon":{"url":"","error":""},"_links":{"self":[{"href":"https:\/\/www.europesays.com\/es\/wp-json\/wp\/v2\/posts\/166951","targetHints":{"allow":["GET"]}}],"collection":[{"href":"https:\/\/www.europesays.com\/es\/wp-json\/wp\/v2\/posts"}],"about":[{"href":"https:\/\/www.europesays.com\/es\/wp-json\/wp\/v2\/types\/post"}],"author":[{"embeddable":true,"href":"https:\/\/www.europesays.com\/es\/wp-json\/wp\/v2\/users\/2"}],"replies":[{"embeddable":true,"href":"https:\/\/www.europesays.com\/es\/wp-json\/wp\/v2\/comments?post=166951"}],"version-history":[{"count":0,"href":"https:\/\/www.europesays.com\/es\/wp-json\/wp\/v2\/posts\/166951\/revisions"}],"wp:featuredmedia":[{"embeddable":true,"href":"https:\/\/www.europesays.com\/es\/wp-json\/wp\/v2\/media\/166952"}],"wp:attachment":[{"href":"https:\/\/www.europesays.com\/es\/wp-json\/wp\/v2\/media?parent=166951"}],"wp:term":[{"taxonomy":"category","embeddable":true,"href":"https:\/\/www.europesays.com\/es\/wp-json\/wp\/v2\/categories?post=166951"},{"taxonomy":"post_tag","embeddable":true,"href":"https:\/\/www.europesays.com\/es\/wp-json\/wp\/v2\/tags?post=166951"}],"curies":[{"name":"wp","href":"https:\/\/api.w.org\/{rel}","templated":true}]}}