{"id":166976,"date":"2025-10-10T08:01:11","date_gmt":"2025-10-10T08:01:11","guid":{"rendered":"https:\/\/www.europesays.com\/es\/166976\/"},"modified":"2025-10-10T08:01:11","modified_gmt":"2025-10-10T08:01:11","slug":"resignacion-en-alpine-estamos-lejos-de-donde-deberiamos","status":"publish","type":"post","link":"https:\/\/www.europesays.com\/es\/166976\/","title":{"rendered":"Resignaci\u00f3n en Alpine: \u201cEstamos lejos de donde deber\u00edamos\u201d"},"content":{"rendered":"<p class=\"\">Con 20 puntos, menos de la mitad que su rival m\u00e1s cercano (Haas, con 46), ser\u00e1 dif\u00edcil que <b>Alpine <\/b>abandone el farolillo rojo del <b>Mundial de F\u00f3rmula 1 <\/b>despu\u00e9s de venir de quedar sextos la temporada pasada. Un batacazo en toda regla para el equipo del grupo Renault que es otro de los que se agarran al cambio de reglas de 2026, en su caso con motores Mercedes tras dejar de fabricar los suyos, para dar un cambio total de rumbo. Mientras, <b>toca resignarse y remar lo que puedan en lo que queda de a\u00f1o.<\/b><\/p>\n<p class=\"\">Y es que as\u00ed se mostraron precisamente sus pilotos, resignados, tras un GP de Singapur en el que tampoco les salieron las cosas. <b>Pierre Gasly<\/b> busc\u00f3 cambiar sus sensaciones para la carrera con cambios en el coche que le hicieron salir desde el pit-lane, pero acab\u00f3 19\u00ba\u2026 <b>\u201c\u00daltimamente, no me he sentido muy c\u00f3modo con el coche,<\/b> as\u00ed que cambiamos la puesta a punto y el suelo para intentar comprender mejor algunas cosas, lo que <b>deber\u00eda beneficiarnos de cara al futuro\u201d, <\/b>dice con algo de esperanza.<\/p>\n<p class=\"\">\u201cFue agradable tener algunas batallas, aunque no fuera por los puntos\u201d, a\u00f1ade el piloto franc\u00e9s, el \u00fanico en sumar puntos para los de Enstone en lo que va de 2025 (ni Jack Doohan ni Franco Colapinto lo han hecho), aunque muchos menos de los que deber\u00edan tener pese al esfuerzo que est\u00e1n haciendo todos:<b> \u201cS\u00e9 que el equipo est\u00e1 trabajando excepcionalmente duro en este momento y todos sabemos que estamos lejos de donde deber\u00edamos estar ahora mismo\u201d.<\/b><\/p>\n<p>Noticias relacionadas<a href=\"https:\/\/as.com\/motor\/formula_1\/alonso-siempre-esta-ahi-f202510-n\/\" class=\"s_m_w\" title=\"\u201cSi Fernando estuviera en McLaren o Red Bull este a\u00f1o, seguir\u00eda en la carrera (por el t\u00edtulo)\u201d, dice el italiano, que conf\u00eda en verle ganar con Aston Martin: \u201cTienen al genio m\u00e1s grande\u201d.\" data-tb-link=\"\" rel=\"nofollow noopener\" target=\"_blank\"><img decoding=\"async\" src=\"https:\/\/www.europesays.com\/es\/wp-content\/uploads\/2025\/10\/1760083269_718_QH4BR2Q5MRFEDPZUEEO5LS6IOY.jpg\" alt=\"\u201cAlonso siempre est\u00e1 ah\u00ed\u201d\" class=\"\" height=\"1\" width=\"1\"   loading=\"lazy\" data-tb-thumbnail=\"\"\/><\/a><a href=\"https:\/\/as.com\/motor\/formula_1\/aston-martin-el-fracaso-no-es-una-opcion-f202510-n\/\" class=\"s_m_w\" title=\"Enrico Cardile valora las posibilidades de la escuder\u00eda para la temporada pr\u00f3xima: \u201cLo haremos bien. Tenemos todo lo necesario\u201d\" data-tb-link=\"\" rel=\"nofollow noopener\" target=\"_blank\"><img decoding=\"async\" src=\"https:\/\/www.europesays.com\/es\/wp-content\/uploads\/2025\/10\/1760083269_644_QYTKXY7HV5NYVEAOVIKHI6LOQY.jpg\" alt=\"Aston Martin: \u201cEl fracaso no es una opci\u00f3n\u201d\" class=\"\" height=\"1\" width=\"1\"   loading=\"lazy\" data-tb-thumbnail=\"\"\/><\/a><\/p>\n<p class=\"\">Por no rendirse a\u00fan con cinco grandes premios para el final, Gasly espera que la vuelta a un circuito convencional la pr\u00f3xima semana en Estados Unidos les siente mejor tras sufrir por las calles de Bak\u00fa y Singapur:<b> \u201cConf\u00edo en que podemos hacerlo mejor en Austin<\/b> en comparaci\u00f3n con las \u00faltimas carreras en las que las caracter\u00edsticas de los circuitos no se han adaptado a nuestro paquete, especialmente por la falta de agarre y los baches que son comunes en los circuitos urbanos\u201d.<\/p>\n<p><a href=\"https:\/\/as.com\/resultados\/ficha\/deportista\/pierre_gasly\/40185\/\" rel=\"nofollow noopener\" target=\"_blank\"><img decoding=\"async\" src=\"https:\/\/www.europesays.com\/es\/wp-content\/uploads\/2025\/10\/40185.png\" alt=\"Resignaci\u00f3n en Alpine: \u201cEstamos lejos de donde deber\u00edamos\u201d\" height=\"80\" width=\"80\"  loading=\"lazy\" data-error-image=\"https:\/\/static.as.com\/dist\/resources\/images\/placeholder-player.png\"\/><\/a><\/p>\n<p class=\"\"><b>\u00a1Tus opiniones importan!<\/b> Comenta en los art\u00edculos y suscr\u00edbete gratis a nuestra <a href=\"https:\/\/asfan.as.com\/newsletters\/\" target=\"_blank\" rel=\"nofollow noopener\" title=\"https:\/\/asfan.as.com\/newsletters\/\">newsletter<\/a> y a las alertas informativas en la <a href=\"https:\/\/as.com\/aplicacion-de-as-n\/\" target=\"_blank\" rel=\"nofollow noopener\" title=\"https:\/\/as.com\/aplicacion-de-as-n\/\">App<\/a> o el canal de <a href=\"https:\/\/www.whatsapp.com\/channel\/0029VaAasdA7j6g745nz9M10\" target=\"_blank\" rel=\"nofollow noopener\" title=\"https:\/\/www.whatsapp.com\/channel\/0029VaAasdA7j6g745nz9M10\">WhatsApp<\/a>. \u00bfBuscas licenciar contenido? Haz clic <a href=\"https:\/\/profesional.elpais.com\/soluciones-sindicacion?utm_medium=interno&amp;utm_source=crosslinking&amp;utm_campaign=sindicacion_as_pie_articulos\" target=\"_blank\" rel=\"nofollow noopener\" title=\"https:\/\/profesional.elpais.com\/soluciones-sindicacion?utm_medium=interno&amp;utm_source=crosslinking&amp;utm_campaign=sindicacion_as_pie_articulos\">aqu\u00ed<\/a><\/p>\n","protected":false},"excerpt":{"rendered":"Con 20 puntos, menos de la mitad que su rival m\u00e1s cercano (Haas, con 46), ser\u00e1 dif\u00edcil que&hellip;\n","protected":false},"author":2,"featured_media":166977,"comment_status":"","ping_status":"","sticky":false,"template":"","format":"standard","meta":{"footnotes":""},"categories":[270],"tags":[168,25,24,306,271,272,23,167],"class_list":{"0":"post-166976","1":"post","2":"type-post","3":"status-publish","4":"format-standard","5":"has-post-thumbnail","7":"category-formula-1","8":"tag-deportes","9":"tag-es","10":"tag-espana","11":"tag-f1","12":"tag-formula-1","13":"tag-formula1","14":"tag-spain","15":"tag-sports"},"share_on_mastodon":{"url":"","error":""},"_links":{"self":[{"href":"https:\/\/www.europesays.com\/es\/wp-json\/wp\/v2\/posts\/166976","targetHints":{"allow":["GET"]}}],"collection":[{"href":"https:\/\/www.europesays.com\/es\/wp-json\/wp\/v2\/posts"}],"about":[{"href":"https:\/\/www.europesays.com\/es\/wp-json\/wp\/v2\/types\/post"}],"author":[{"embeddable":true,"href":"https:\/\/www.europesays.com\/es\/wp-json\/wp\/v2\/users\/2"}],"replies":[{"embeddable":true,"href":"https:\/\/www.europesays.com\/es\/wp-json\/wp\/v2\/comments?post=166976"}],"version-history":[{"count":0,"href":"https:\/\/www.europesays.com\/es\/wp-json\/wp\/v2\/posts\/166976\/revisions"}],"wp:featuredmedia":[{"embeddable":true,"href":"https:\/\/www.europesays.com\/es\/wp-json\/wp\/v2\/media\/166977"}],"wp:attachment":[{"href":"https:\/\/www.europesays.com\/es\/wp-json\/wp\/v2\/media?parent=166976"}],"wp:term":[{"taxonomy":"category","embeddable":true,"href":"https:\/\/www.europesays.com\/es\/wp-json\/wp\/v2\/categories?post=166976"},{"taxonomy":"post_tag","embeddable":true,"href":"https:\/\/www.europesays.com\/es\/wp-json\/wp\/v2\/tags?post=166976"}],"curies":[{"name":"wp","href":"https:\/\/api.w.org\/{rel}","templated":true}]}}