{"id":166984,"date":"2025-10-10T08:05:10","date_gmt":"2025-10-10T08:05:10","guid":{"rendered":"https:\/\/www.europesays.com\/es\/166984\/"},"modified":"2025-10-10T08:05:10","modified_gmt":"2025-10-10T08:05:10","slug":"la-arquitectura-efimera-transforma-la-ciudad-vieja","status":"publish","type":"post","link":"https:\/\/www.europesays.com\/es\/166984\/","title":{"rendered":"la arquitectura ef\u00edmera transforma la Ciudad Vieja"},"content":{"rendered":"<p class=\"paragraph\" id=\"paragraph_1\">A Coru\u00f1a <strong>ser\u00e1 la primera ciudad gallega en estrenar un festival de arquitectura ef\u00edmera<\/strong>, y ser\u00e1 este fin de semana. Durante el <strong><a href=\"https:\/\/atmosferasfestival.com\/\" rel=\"nofollow noopener\" target=\"_blank\">festival Atm\u00f3sferas<\/a><\/strong>, algunos lugares de la zona vieja de la ciudad se han transformado temporalmente y muestran obras arquitect\u00f3nicas o art\u00edsticas que las alterar\u00e1n hasta la noche del domingo.<\/p>\n<p><img loading=\"lazy\" decoding=\"async\" alt=\"Exposici\u00f3n Fernando \u00c1lvarez de Sotomayor (1875-1960) en la Fundaci\u00f3n Barri\u00e9 de A Coru\u00f1a.\" height=\"180\" src=\"https:\/\/www.europesays.com\/es\/wp-content\/uploads\/2025\/10\/1003743962106_259268190_320x180.jpg\" width=\"320\" data-lazy-status=\"processed\" data-lazy-info=\"remove loading item 1\"\/><\/p>\n<p class=\"paragraph\" id=\"paragraph_2\">Ser\u00e1n cinco lugares emblem\u00e1ticos de la Ciudad Vieja que ser\u00e1n diferentes durante unos d\u00edas. La <strong>Plaza de Santa B\u00e1rbara<\/strong> ver\u00e1 su emblem\u00e1tico cruceiro rodeado por la obra \u00abHornacina\u00bb de Bayona Studio; la Plaza de la Colegiata estar\u00e1 alterada por una escultura titulada <strong>El peso de la luz<\/strong> y hecha por LEBAUM Design; y la escultura en el centro de la Plaza de Azc\u00e1rraga, en la fuente, estar\u00e1 coronada por una fulgurante pieza llamada <strong>Arelume<\/strong>, de Flu-or Arquitectura.<\/p>\n<p class=\"paragraph\" id=\"paragraph_3\">Adem\u00e1s, la Puerta de Aires se ver\u00e1 <strong>cambiada temporalmente con la obra <\/strong><strong>CIRCUL-ANDO<\/strong> de OLA Studio, que la transformar\u00e1 en una especie de plaza. Por su parte, <strong>la Fundaci\u00f3n Luis Seoane tendr\u00e1 un invitado especial<\/strong>: una estrella fugaz llamada LoneStar, hecha por Nuria Prieto con los alumnos de la ETSAC Alberto S\u00e1nchez, Roi Blanco, Mario \u00c1lvarez y Carlos Pluchino<\/p>\n<p class=\"paragraph\" id=\"paragraph_4\">Estas \u00abintervenciones\u00bb arquitect\u00f3nicas estar\u00e1n activas desde el viernes hasta el domingo. El lunes todo habr\u00e1 vuelto a la normalidad. <\/p>\n<p><img decoding=\"async\" alt=\"Escultura en la Plaza de Azc\u00e1rraga\" data-imgm=\"true\" height=\"1280\" loading=\"lazy\"  src=\"https:\/\/www.europesays.com\/es\/wp-content\/uploads\/2025\/10\/1003743963216_259283596_1280x1280.jpg\"  width=\"1280\"\/><\/p>\n<p>                                                            Escultura en la Plaza de Azc\u00e1rraga<\/p>\n<p>Arquitectura ef\u00edmera<\/p>\n<p class=\"paragraph\" id=\"paragraph_6\">El festival, ideado y dirigido por la doctora en arquitectura -y tambi\u00e9n <a href=\"https:\/\/www.elespanol.com\/quincemil\/cultura\/conoce-tu-ciudad\/?utm_cmp_rs=linksinline\" target=\"_blank\" rel=\"nofollow noopener\">colaboradora semanal de <strong>Quincemil<\/strong><\/a>&#8211; Nuria Prieto, cuenta tambi\u00e9n con visitas guiadas y con charlas durante estos d\u00edas. Las primeras ya han sido el martes en el Palacio Municipal y el jueves en el sal\u00f3n de actos de la ETSAC de A Zapateira. La restante es la que dar\u00e1 <strong>el periodista Arturo Lezcano en la Plaza de Santa B\u00e1rbara, titulada Memoria e Esquecemento na fachada da Coru\u00f1a<\/strong>.<\/p>\n<p class=\"paragraph\" id=\"paragraph_7\">Por su parte, las visitas guiadas comenzar\u00e1n desde la plaza de Los \u00c1ngeles de la Ciudad Vieja. Habr\u00e1 una el viernes a las 19:00 horas y otras dos el s\u00e1bado a las 19:00 y las 22:00 horas.<\/p>\n","protected":false},"excerpt":{"rendered":"A Coru\u00f1a ser\u00e1 la primera ciudad gallega en estrenar un festival de arquitectura ef\u00edmera, y ser\u00e1 este fin&hellip;\n","protected":false},"author":2,"featured_media":166985,"comment_status":"","ping_status":"","sticky":false,"template":"","format":"standard","meta":{"footnotes":""},"categories":[173],"tags":[5843,801,229,233,231,230,6689,209,232,234,146,147,25,24,23],"class_list":{"0":"post-166984","1":"post","2":"type-post","3":"status-publish","4":"format-standard","5":"has-post-thumbnail","7":"category-arte-y-diseno","8":"tag-a-coruna","9":"tag-arquitectura","10":"tag-arte","11":"tag-arte-y-diseno","12":"tag-arts","13":"tag-arts-and-design","14":"tag-comarca-de-a-coruna","15":"tag-cultura","16":"tag-design","17":"tag-diseno","18":"tag-entertainment","19":"tag-entretenimiento","20":"tag-es","21":"tag-espana","22":"tag-spain"},"share_on_mastodon":{"url":"","error":""},"_links":{"self":[{"href":"https:\/\/www.europesays.com\/es\/wp-json\/wp\/v2\/posts\/166984","targetHints":{"allow":["GET"]}}],"collection":[{"href":"https:\/\/www.europesays.com\/es\/wp-json\/wp\/v2\/posts"}],"about":[{"href":"https:\/\/www.europesays.com\/es\/wp-json\/wp\/v2\/types\/post"}],"author":[{"embeddable":true,"href":"https:\/\/www.europesays.com\/es\/wp-json\/wp\/v2\/users\/2"}],"replies":[{"embeddable":true,"href":"https:\/\/www.europesays.com\/es\/wp-json\/wp\/v2\/comments?post=166984"}],"version-history":[{"count":0,"href":"https:\/\/www.europesays.com\/es\/wp-json\/wp\/v2\/posts\/166984\/revisions"}],"wp:featuredmedia":[{"embeddable":true,"href":"https:\/\/www.europesays.com\/es\/wp-json\/wp\/v2\/media\/166985"}],"wp:attachment":[{"href":"https:\/\/www.europesays.com\/es\/wp-json\/wp\/v2\/media?parent=166984"}],"wp:term":[{"taxonomy":"category","embeddable":true,"href":"https:\/\/www.europesays.com\/es\/wp-json\/wp\/v2\/categories?post=166984"},{"taxonomy":"post_tag","embeddable":true,"href":"https:\/\/www.europesays.com\/es\/wp-json\/wp\/v2\/tags?post=166984"}],"curies":[{"name":"wp","href":"https:\/\/api.w.org\/{rel}","templated":true}]}}